{"id":15201,"date":"2017-10-11T13:05:41","date_gmt":"2017-10-11T16:05:41","guid":{"rendered":"http:\/\/www.jornalcontato.com.br\/home\/?p=15201"},"modified":"2017-10-11T13:08:44","modified_gmt":"2017-10-11T16:08:44","slug":"nada-a-comemorar-mestre-jc-sebe","status":"publish","type":"post","link":"https:\/\/www.jornalcontato.com.br\/home\/index.php\/nada-a-comemorar-mestre-jc-sebe\/","title":{"rendered":"NADA A COMEMORAR (Mestre JC Sebe)"},"content":{"rendered":"<p style=\"text-align: center;\"><em><strong>Mestre Sebe revela seu descontentamento com a situa\u00e7\u00e3o (crise) vigente e a proximidade do fim de ano que outubro anuncia sem qualquer luz no t\u00fanel sem fim \u00e0 vista<\/strong><\/em><\/p>\n<p>N\u00e3o \u00e9 s\u00f3 para mim. N\u00e3o mesmo&#8230; Creio que muitos se surpreendem quando olham o calend\u00e1rio e exclamam: ou-tu-bro, j\u00e1?! Meu Deus, o ano est\u00e1 apontando para a sua virada e, mais do que exaustos, nos \u00e9 f\u00e1cil sentirmos tragados. E que ano, diga-se! Quando n\u00e3o se acreditava que as coisas conseguissem piorar, eis que o improv\u00e1vel se materializa galopando. A mec\u00e2nica dos dias, por\u00e9m \u00e9 implac\u00e1vel e no caso do m\u00eas de outubro, o ac\u00famulo de celebra\u00e7\u00f5es cab\u00edveis nas efem\u00e9rides oficializadas \u00e9 formid\u00e1vel, e se esparrama por todos os n\u00edveis: sociais, morais, religiosos, \u00e9ticos, e c\u00edvicos. \u00c9 tanta data celebrativa que se tem a sensa\u00e7\u00e3o de que temos que festejar como nunca, antes que o mundo acabe. E haja destaque: dia das crian\u00e7as, da Padroeira do Brasil, de S\u00e3o Francisco, da chegada de Colombo \u00e0 Am\u00e9rica, dos professores, dentistas, m\u00e9dicos&#8230; Ante tanta festividade, indignado, fico me perguntando dos porqu\u00eas, principalmente posto que dezembro est\u00e1 logo ali, com sua carga de tantas outras comemora\u00e7\u00f5es oficializadas sob o decreto cultural de ep\u00edlogos. Mas outubro est\u00e1 correndo e, de forma quase pat\u00e9tica, isso nos imp\u00f5e balan\u00e7os sobre a vida social, em cima de nossos projetos pessoais e sobretudo conferindo nosso papel no complicado processo.<\/p>\n<p><a href=\"http:\/\/jornalcontato.com.br\/home\/wp-content\/uploads\/2017\/10\/Crise-na-Saude.jpg\"><img loading=\"lazy\" decoding=\"async\" class=\"aligncenter size-full wp-image-15202\" src=\"http:\/\/jornalcontato.com.br\/home\/wp-content\/uploads\/2017\/10\/Crise-na-Saude.jpg\" alt=\"Crise na Saude\" width=\"308\" height=\"164\" srcset=\"https:\/\/jornalcontato.com.br\/home\/wp-content\/uploads\/2017\/10\/Crise-na-Saude.jpg 308w, https:\/\/jornalcontato.com.br\/home\/wp-content\/uploads\/2017\/10\/Crise-na-Saude-300x160.jpg 300w\" sizes=\"auto, (max-width: 308px) 100vw, 308px\" \/><\/a><\/p>\n<p style=\"text-align: center;\"><em><strong>Provid\u00eancias oficiais&#8230;<\/strong><\/em><\/p>\n<p>Sempre me recordo do neologismo \u201coutubrite\u201d, refer\u00eancia frajola a um conjunto de 31 dias que inflamam os sintomas anunciados ao longo dos meses e tens\u00f5es anteriores. Achei gra\u00e7a, dia desses, quando perguntei a uma colega como ia indo e ela conformada respondeu \u201cvou outubrando\u201d. Entendi logo, ela est\u00e1 \u201csobrevivendo\u201d, tocando a rotina de dias mec\u00e2nicos e exaustivos. Mas bastou isso para eu me perguntar: \u201cmas e eu, como vou neste outubro\u201d? Fatal quest\u00e3o essa, diga-se, pois doeu-me como a imagem refletida em um tr\u00e1gico espelho social. O que vi? Sem muito esfor\u00e7o, desfilou aos meus olhos a exaust\u00e3o das investiga\u00e7\u00f5es da Lava-jato t\u00e3o pontuada sem resultados.<\/p>\n<p><a href=\"http:\/\/jornalcontato.com.br\/home\/wp-content\/uploads\/2017\/10\/Charge-chamada-38.jpg\"><img loading=\"lazy\" decoding=\"async\" class=\"aligncenter size-large wp-image-15203\" src=\"http:\/\/jornalcontato.com.br\/home\/wp-content\/uploads\/2017\/10\/Charge-chamada-38-450x326.jpg\" alt=\"Charge chamada 38\" width=\"450\" height=\"326\" srcset=\"https:\/\/jornalcontato.com.br\/home\/wp-content\/uploads\/2017\/10\/Charge-chamada-38-450x326.jpg 450w, https:\/\/jornalcontato.com.br\/home\/wp-content\/uploads\/2017\/10\/Charge-chamada-38-300x217.jpg 300w, https:\/\/jornalcontato.com.br\/home\/wp-content\/uploads\/2017\/10\/Charge-chamada-38.jpg 700w\" sizes=\"auto, (max-width: 450px) 100vw, 450px\" \/><\/a><\/p>\n<p style=\"text-align: center;\"><em><strong>A trag\u00e9dia carioca vista com humor<\/strong><\/em><\/p>\n<p>O agravo maior, por\u00e9m, corre por conta do sufoco cont\u00e1bil da soma dos incont\u00e1veis montantes de dinheiro implicado nos processos. Nada tem fim. Consequ\u00eancia imediata disso, o triste espet\u00e1culo dado pelo nosso Poder Judici\u00e1rio que, fugindo da discri\u00e7\u00e3o conveniente e desej\u00e1vel aos cargos, ganhou protagonismo anulador da m\u00e1xima jur\u00eddica que prezava a fala dos ju\u00edzes nos processos. Como popstars, ministros mostram suas intimidades, expondo a p\u00fablico o desequil\u00edbrio interno e o que \u00e9 ainda pior, os desn\u00edveis entre os poderes. O periclitante dessa hist\u00f3ria \u00e9 que o longu\u00edssimo processo se encaminha para provar que tudo \u00e9 a imagem e semelhan\u00e7a da na\u00e7\u00e3o. N\u00e3o bastasse o mau exemplo das \u201cautoridades competentes\u201d, o respaldo legislativo legitima o desastroso executivo que faz repetir que estamos melhorando economicamente, como se isso n\u00e3o fosse previs\u00edvel.<\/p>\n<p><a href=\"http:\/\/jornalcontato.com.br\/home\/wp-content\/uploads\/2017\/10\/Nao-ao-estupro.jpg\"><img loading=\"lazy\" decoding=\"async\" class=\"aligncenter size-large wp-image-15205\" src=\"http:\/\/jornalcontato.com.br\/home\/wp-content\/uploads\/2017\/10\/Nao-ao-estupro-450x270.jpg\" alt=\"Nao ao estupro\" width=\"450\" height=\"270\" srcset=\"https:\/\/jornalcontato.com.br\/home\/wp-content\/uploads\/2017\/10\/Nao-ao-estupro-450x270.jpg 450w, https:\/\/jornalcontato.com.br\/home\/wp-content\/uploads\/2017\/10\/Nao-ao-estupro-300x180.jpg 300w, https:\/\/jornalcontato.com.br\/home\/wp-content\/uploads\/2017\/10\/Nao-ao-estupro.jpg 699w\" sizes=\"auto, (max-width: 450px) 100vw, 450px\" \/><\/a><\/p>\n<p style=\"text-align: center;\"><em><strong>Uma imagem que fala por si<\/strong><\/em><\/p>\n<p>O cen\u00e1rio \u00e9 ampl\u00edssimo: florestas desbastadas, a educa\u00e7\u00e3o como todo seu complicado aparato levada \u00e0 fal\u00eancia, cortes de verbas para pesquisas, multiplica\u00e7\u00e3o progressiva de moradores de rua, esvaziamento de programas sociais, tentativas incr\u00edveis de processos de censura, ataques a cultos religiosos prescritos da legenda evang\u00e9lica, mulheres atacadas publicamente, militares se auto elogiando como redentores da rep\u00fablica, homossexuais reprimidos em sua imagem p\u00fablica, novos fluxos de brasileiros saindo do pa\u00eds&#8230; Nossa!&#8230; Tudo somado convoca vergonha e intimida otimismos. Um p\u00e1lido invent\u00e1rio de nossas mazelas convoca l\u00e1grimas.<\/p>\n<p><a href=\"http:\/\/jornalcontato.com.br\/home\/wp-content\/uploads\/2017\/10\/Darcy-Ribeiro.jpg\"><img loading=\"lazy\" decoding=\"async\" class=\"aligncenter size-full wp-image-15206\" src=\"http:\/\/jornalcontato.com.br\/home\/wp-content\/uploads\/2017\/10\/Darcy-Ribeiro.jpg\" alt=\"Darcy Ribeiro\" width=\"310\" height=\"163\" srcset=\"https:\/\/jornalcontato.com.br\/home\/wp-content\/uploads\/2017\/10\/Darcy-Ribeiro.jpg 310w, https:\/\/jornalcontato.com.br\/home\/wp-content\/uploads\/2017\/10\/Darcy-Ribeiro-300x158.jpg 300w\" sizes=\"auto, (max-width: 310px) 100vw, 310px\" \/><\/a><\/p>\n<p>Sou professor, av\u00f4, simpatizante de S\u00e3o Francisco e Nossa Senhora Aparecida. Na constela\u00e7\u00e3o dos direitos, por certo, deveria preparar minhas roupas festeiras. Deveria \u2013 condicional fat\u00eddico \u2013 mas n\u00e3o vejo motivos para qualquer alegria. \u00c9 repetido que vivemos em plena crise, e, crise por crise, vou despindo minhas ilus\u00f5es. O \u00faltimo fio de esperan\u00e7a reside exatamente na luz dada por este outubro: o ano vai acabar.<\/p>\n<p><strong><em>Jos\u00e9 Carlos Sebe Bom Meihy<\/em><\/strong><\/p>\n","protected":false},"excerpt":{"rendered":"<p>Mestre Sebe revela seu descontentamento com a situa\u00e7\u00e3o (crise) vigente e a proximidade do fim de ano que outubro anuncia sem qualquer luz no t\u00fanel &#8230;<\/p>\n","protected":false},"author":1,"featured_media":15207,"comment_status":"open","ping_status":"open","sticky":false,"template":"","format":"standard","meta":{"footnotes":""},"categories":[1],"tags":[],"class_list":["post-15201","post","type-post","status-publish","format-standard","has-post-thumbnail","hentry","category-nacional"],"_links":{"self":[{"href":"https:\/\/www.jornalcontato.com.br\/home\/index.php\/wp-json\/wp\/v2\/posts\/15201","targetHints":{"allow":["GET"]}}],"collection":[{"href":"https:\/\/www.jornalcontato.com.br\/home\/index.php\/wp-json\/wp\/v2\/posts"}],"about":[{"href":"https:\/\/www.jornalcontato.com.br\/home\/index.php\/wp-json\/wp\/v2\/types\/post"}],"author":[{"embeddable":true,"href":"https:\/\/www.jornalcontato.com.br\/home\/index.php\/wp-json\/wp\/v2\/users\/1"}],"replies":[{"embeddable":true,"href":"https:\/\/www.jornalcontato.com.br\/home\/index.php\/wp-json\/wp\/v2\/comments?post=15201"}],"version-history":[{"count":3,"href":"https:\/\/www.jornalcontato.com.br\/home\/index.php\/wp-json\/wp\/v2\/posts\/15201\/revisions"}],"predecessor-version":[{"id":15210,"href":"https:\/\/www.jornalcontato.com.br\/home\/index.php\/wp-json\/wp\/v2\/posts\/15201\/revisions\/15210"}],"wp:featuredmedia":[{"embeddable":true,"href":"https:\/\/www.jornalcontato.com.br\/home\/index.php\/wp-json\/wp\/v2\/media\/15207"}],"wp:attachment":[{"href":"https:\/\/www.jornalcontato.com.br\/home\/index.php\/wp-json\/wp\/v2\/media?parent=15201"}],"wp:term":[{"taxonomy":"category","embeddable":true,"href":"https:\/\/www.jornalcontato.com.br\/home\/index.php\/wp-json\/wp\/v2\/categories?post=15201"},{"taxonomy":"post_tag","embeddable":true,"href":"https:\/\/www.jornalcontato.com.br\/home\/index.php\/wp-json\/wp\/v2\/tags?post=15201"}],"curies":[{"name":"wp","href":"https:\/\/api.w.org\/{rel}","templated":true}]}}