{"id":15190,"date":"2017-10-10T10:40:12","date_gmt":"2017-10-10T13:40:12","guid":{"rendered":"http:\/\/www.jornalcontato.com.br\/home\/?p=15190"},"modified":"2017-10-10T10:42:14","modified_gmt":"2017-10-10T13:42:14","slug":"estao-batendo-sua-carteira-jose-neumanne","status":"publish","type":"post","link":"https:\/\/www.jornalcontato.com.br\/home\/index.php\/estao-batendo-sua-carteira-jose-neumanne\/","title":{"rendered":"Est\u00e3o batendo sua carteira (*Jos\u00e9 N\u00eaumanne)"},"content":{"rendered":"<p style=\"text-align: center;\"><strong><em>Congresso muda elei\u00e7\u00e3o e perdoa d\u00edvidas r\u00e1pido como se furta e discreto como se foge<\/em><\/strong><!--more--><\/p>\n<p>\u00a0 \u00a0 \u00a0 \u00a0 \u00a0 De quarta-feira 4 a sexta-feira 6 de outubro de 2017. Anote em sua agenda com o pr\u00f3prio sangue esses tr\u00eas dias nos quais os congressistas \u2013 que se proclamam seus representantes na C\u00e2mara dos Deputados e no Senado da Rep\u00fablica \u2013 bateram sua carteira esvaziada pela crise e perdoaram as pr\u00f3prias d\u00edvidas \u00e0 Uni\u00e3o. Tudo foi \u201cr\u00e1pido como se furta\u201d e \u201cdiscreto como se foge\u201d. Houve tumulto, mas tudo saiu como manda o figurino do cinismo mais deslavado: Suas Excresc\u00eancias insolent\u00edssimas n\u00e3o precisaram sequer votar pessoalmente, comprometendo seus nomes nada limpos na falcatrua. A vota\u00e7\u00e3o foi simb\u00f3lica, ou seja, os l\u00edderes votaram pelas bancadas e o resto da manada escondeu-se debaixo da saia ampla e generosa da Rep\u00fablica, essa prostituta sem lingerie nem pudor.<\/p>\n<p>Tudo come\u00e7ou com uma mentira. Sob a \u00e9gide de um cartola mal afamado e sempre disposto a dar a pr\u00f3pria cara para assumir o furto coletivo \u2013 Vicente (imagine!) C\u00e2ndido \u2013, proclamado relator de uma reforma pol\u00edtica que, h\u00e1 algum tempo, seu grupo, o dito, mas sempre incapaz de honrar a pr\u00f3pria denomina\u00e7\u00e3o, Partido dos Trabalhadores (PT), vem pregando. A arenga foi usada na tentativa de aplacar o povo que se reuniu, empunhou faixas e bandeiras e protestou nas ruas das cidades brasileiras com popula\u00e7\u00e3o significativa, contra os governos delinquentes e o Estado complacente. O papo de Dilma Rousseff, a porta-voz do socialismo c\u00ednico, era convocar uma Constituinte exclusiva para fazer uma reforma pol\u00edtica que abrigasse propostas caras a seus militantes e milicianos, como financiamento p\u00fablico de campanha e censura \u00e0 imprensa rebelde e aos institutos de pesquisa que n\u00e3o fizessem o jogo dos que se dizem progressistas, mas s\u00e3o apenas pr\u00f3 eles mesmos.<\/p>\n<p><a href=\"http:\/\/jornalcontato.com.br\/home\/wp-content\/uploads\/2017\/10\/vicente-candido-reduzida.jpg\"><img loading=\"lazy\" decoding=\"async\" class=\"aligncenter size-large wp-image-15191\" src=\"http:\/\/jornalcontato.com.br\/home\/wp-content\/uploads\/2017\/10\/vicente-candido-reduzida-450x253.jpg\" alt=\"vicente-candido reduzida\" width=\"450\" height=\"253\" srcset=\"https:\/\/jornalcontato.com.br\/home\/wp-content\/uploads\/2017\/10\/vicente-candido-reduzida-450x253.jpg 450w, https:\/\/jornalcontato.com.br\/home\/wp-content\/uploads\/2017\/10\/vicente-candido-reduzida-300x169.jpg 300w, https:\/\/jornalcontato.com.br\/home\/wp-content\/uploads\/2017\/10\/vicente-candido-reduzida-768x432.jpg 768w, https:\/\/jornalcontato.com.br\/home\/wp-content\/uploads\/2017\/10\/vicente-candido-reduzida-750x420.jpg 750w, https:\/\/jornalcontato.com.br\/home\/wp-content\/uploads\/2017\/10\/vicente-candido-reduzida.jpg 984w\" sizes=\"auto, (max-width: 450px) 100vw, 450px\" \/><\/a><\/p>\n<p style=\"text-align: center;\"><em><strong>Deputado petista, Vicente C\u00e2ndido \u00e9 considerado um cartola do futebol<\/strong><\/em><\/p>\n<p>Deposta madame, assumiu em seu lugar o vice, que n\u00e3o apenas foi eleito com ela, mas na pr\u00e1tica a elegeu com os votos da m\u00e1quina partid\u00e1ria fundada para derrubar a ditadura e, depois, afundada no lama\u00e7al dos novos s\u00f3cios. Estes, o PT e a cambada de ladr\u00f5es que a ele se associaram na depena completa dos cofres da vi\u00fava, aplicaram o golpe da venda do bonde. Sob o pretexto, avalizado por Gilmar Mendes, presidente do Tribunal Superior Eleitoral (TSE), de que a proibi\u00e7\u00e3o do financiamento de campanhas por empresas, que n\u00e3o votam, impede que seja pago o alto custo da democracia, assumiram a defesa do financiamento p\u00fablico para a farra privada. Ou seja: eles gastam e n\u00f3s, os tontos da patuleia, pagamos.<\/p>\n<p>Assim foi feito. Ap\u00f3s intensas e acaloradas tentativas derrotadas de impor um saque de R$ 3,7 bilh\u00f5es para garantir campanhas \u00e0 tripa forra com champanhota, vota\u00e7\u00f5es simb\u00f3licas garantiram a cria\u00e7\u00e3o de um Fundo para Financiamento de Campanha, extirpando a falseta do uso abusivo e amoral da palavra Democracia na denomina\u00e7\u00e3o. A toque de caixa, senadores e deputados aprovaram a punga. O mostrengo nasceu sem teto, mas com piso. E, segundo not\u00edcia desta semana publicada no Estad\u00e3o, com um rombo inicial de R$ 300 milh\u00f5es. Olhe-se no espelho mais pr\u00f3ximo e perceba quem vai tapar esse rombo.<\/p>\n<p><a href=\"http:\/\/jornalcontato.com.br\/home\/wp-content\/uploads\/2017\/10\/Gilmar-reduzida.jpg\"><img loading=\"lazy\" decoding=\"async\" class=\"aligncenter size-large wp-image-15193\" src=\"http:\/\/jornalcontato.com.br\/home\/wp-content\/uploads\/2017\/10\/Gilmar-reduzida-450x358.jpg\" alt=\"Gilmar reduzida\" width=\"450\" height=\"358\" srcset=\"https:\/\/jornalcontato.com.br\/home\/wp-content\/uploads\/2017\/10\/Gilmar-reduzida-450x358.jpg 450w, https:\/\/jornalcontato.com.br\/home\/wp-content\/uploads\/2017\/10\/Gilmar-reduzida-300x238.jpg 300w, https:\/\/jornalcontato.com.br\/home\/wp-content\/uploads\/2017\/10\/Gilmar-reduzida.jpg 696w\" sizes=\"auto, (max-width: 450px) 100vw, 450px\" \/><\/a><\/p>\n<p style=\"text-align: center;\"><em><strong>Ministro Gilmar Mendes em evento do LIDE, empresa de Jo\u00e3o D\u00f3ria<\/strong><\/em><\/p>\n<p>No mesmo tr\u00edduo e sob a \u00e9gide do mesmo bezerro de ouro, Senado e C\u00e2mara, revezando-se no furto, providenciaram esc\u00e2ndalo de dimens\u00f5es similares ao aprovarem um chamado Refis no qual tentaram perdoar as d\u00edvidas com o Fisco de parlamentares suspeitos de corrup\u00e7\u00e3o. A press\u00e3o popular impediu que se fizesse a ignom\u00ednia. Mas, como ningu\u00e9m \u00e9 de ferro, aproveitaram a iniciativa do governo esmoler no comando da Uni\u00e3o para perdoar sonegadores que n\u00e3o acrescentavam \u00e0 denomina\u00e7\u00e3o degradante a de corrupto, que, ali\u00e1s, cada vez mais se beneficia da complac\u00eancia de pol\u00edticos antes tidos como dignos e ju\u00edzes assumidos como chicaneiros.<\/p>\n<p>O Refis \u00e9 uma excresc\u00eancia assumida como norma h\u00e1 v\u00e1rios governos e sob v\u00e1rios regimes nesta nossa Rep\u00fablica, que n\u00e3o respeita quem paga em dia nem incentiva quem se disp\u00f5e a honrar noturna e diuturnamente, como diria a Rainha do N\u00e3o Sabe, Dilma Rousseff. Ou seja, a grande maioria da popula\u00e7\u00e3o brasileira, que n\u00e3o se humilha ao ser tratada como ot\u00e1ria, s\u00f3 para n\u00e3o ter o desprazer de ser perseguida pelos publicanos de plant\u00e3o em qualquer gest\u00e3o ou indigest\u00e3o. \u201cDevo, n\u00e3o nego, n\u00e3o preciso pagar\u201d \u2013 este \u00e9 o lema sempre renovado da cambada que segue o rastro do deputado Newton Cardoso J\u00fanior, que, ao palmilhar a trilha do p\u00e1pi, o ex-governador Newt\u00e3o Cardoso, reformula de vez o velho \u201cdeitado\u201d que assegurava: \u201cquem sai aos seus n\u00e3o degenera\u201d. Para n\u00e3o comprometer a heran\u00e7a familiar, o bom Newtinho exercita o \u201cquem sai aos seus n\u00e3o regenera\u201d. Os degenerados ocupam o \u00c9den dos que se endividam n\u00e3o pagando os impostos de praxe, porque sabem que sempre ser\u00e3o indultados.<\/p>\n<p><a href=\"http:\/\/jornalcontato.com.br\/home\/wp-content\/uploads\/2017\/10\/Newton-com-filho.jpg\"><img loading=\"lazy\" decoding=\"async\" class=\"aligncenter size-full wp-image-15194\" src=\"http:\/\/jornalcontato.com.br\/home\/wp-content\/uploads\/2017\/10\/Newton-com-filho.jpg\" alt=\"Newton com filho\" width=\"273\" height=\"185\" \/><\/a><\/p>\n<p style=\"text-align: center;\"><em><strong>Newton Cardoso com o filho e herdeiro pol\u00edtico<\/strong><\/em><\/p>\n<p>O Refis \u00e9 uma vergonha que se renova sempre que o Estado gasta demais, o que \u00e9 uma rotina, e precisa socorrer-se de instrumentos como a repatria\u00e7\u00e3o de recursos exportados sem a devida autoriza\u00e7\u00e3o das autoridades monet\u00e1rias, o que j\u00e1 constitui uma efem\u00e9ride. Cada vez que isso acontece o governo faz uma campanha subliminar que pode ser traduzida como um alerta: \u201cN\u00e3o seja tolo, n\u00e3o pague imposto\u201d. Mas \u00e0 tradi\u00e7\u00e3o desavergonhada implantada por seus antecessores, inclusive sua ex-par\u00e7a dona Dilma, o dr. Michel Miguel, jurisconsulto renomado e especialista respeit\u00e1vel em Direito Constitucional, extrapolou ao permitir que os associados ao clube dos que se endividam porque passaram a ter poder de n\u00e3o pagar mesmo n\u00e3o se incomodem mais com a pecha de sonegadores. O dr. Meirelles inspirou o Refis para reduzir o rombo do d\u00e9ficit p\u00fablico do ano em R$ 12 bilh\u00f5es, contentou-se com meros R$ 9 bilh\u00f5es at\u00e9 descobrir, tadinho, que, se pegar R$ 4 milh\u00f5es, deve dar gra\u00e7as a Deus e a Santo Expedito, o padroeiro das causas imposs\u00edveis. Newtinho, o rebento de quem p\u00e1pi Newt\u00e3o deve orgulhar-se muito, permitiu a radicaliza\u00e7\u00e3o do slogan sub-rept\u00edcio dos sonegadores empoderados: \u201cS\u00f3 um completo idiota paga imposto. Sai dessa, imbecil!\u201d<\/p>\n<p>Mas, por incr\u00edvel que pare\u00e7a, o epis\u00f3dio do Congresso punguista ainda \u00e9 mais grave, pois desmoraliza o Estado de Direito no que tem de mais sagrado: a soberania popular por meio do voto. As campanhas bilion\u00e1rias \u2013 a \u00faltima das quais teve as duas chapas concorrentes comprometidas e maculadas com o financiamento majoritariamente feito por dois tipos de crime, ambos abomin\u00e1veis, a caixa 2 e a propina \u2013 interferem na sagrada vontade pol\u00edtica do eleitor. Os democratas de verdade, aqueles que t\u00eam vergonha na cara, condi\u00e7\u00e3o de brasilidade na Constitui\u00e7\u00e3o de Capistrano de Abreu, o colega de semin\u00e1rio de padre C\u00edcero Rom\u00e3o Batista, n\u00e3o procuram f\u00f3rmulas de atender ao gasto excessivo de partidos e candidatos. Esfor\u00e7am-se, ao contr\u00e1rio, para reduzir drasticamente os custos absurdos, abusivos e amorais do reino de marafonas dos marqueteiros pol\u00edticos. O financiamento p\u00fablico \u00e9 t\u00e3o escuso \u2013 talvez at\u00e9 mais \u2013 do que a submiss\u00e3o dos palanques \u00e0 propina e ao caixa 2. Pois transfere o custo pesado do furto e do marketing para o bolso de quem arca com todas as despesas do Estado estroina. O cidad\u00e3o financia a farra dos candidatos nos quais n\u00e3o pretende votar e tamb\u00e9m a de quem sufragar\u00e1. Em ambos os casos \u00e9 um vilip\u00eandio, que n\u00e3o merece miseric\u00f3rdia nem passiva aceita\u00e7\u00e3o.<\/p>\n<p><a href=\"http:\/\/jornalcontato.com.br\/home\/wp-content\/uploads\/2017\/10\/Newton-filho-com-Temer.jpg\"><img loading=\"lazy\" decoding=\"async\" class=\"aligncenter size-full wp-image-15195\" src=\"http:\/\/jornalcontato.com.br\/home\/wp-content\/uploads\/2017\/10\/Newton-filho-com-Temer.jpg\" alt=\"Newton filho com Temer\" width=\"272\" height=\"185\" \/><\/a><\/p>\n<p style=\"text-align: center;\"><em><strong>Newton Cardoso Filho com Michel Temer<\/strong><\/em><\/p>\n<p>O mais grave de tudo \u00e9 que quem faz da Constitui\u00e7\u00e3o uma B\u00edblia Sagrada n\u00e3o atenta para o \u00f3bvio: mudan\u00e7as no sistema eleitoral n\u00e3o podem ser feitas por maiorias simples no Congresso. Nem sequer por maiorias de tr\u00eas quintos ou dois ter\u00e7os do total dos que s\u00f3 fingem representar o povo. Na verdade, s\u00f3 o pr\u00f3prio povo, em plebiscito, pode reformar graves assuntos como o sistema proporcional e os m\u00e9todos de financiamento de campanha. Ao n\u00e3o dar um sinal de que vai exigir isso dos congressistas, com os quais vive arengando \u00e0 toa por motivos insignificantes, o colegiado pleno do Supremo Tribunal Federal (STF) d\u00e1 mostras inequ\u00edvocas e permanentes de que n\u00e3o \u00e9 um poder popular, mas discricion\u00e1rio. Ou seja, serve n\u00e3o aos cidad\u00e3os, aos quais n\u00e3o deve a indica\u00e7\u00e3o de cada membro, mas aos grupos que comandam o Executivo, cujo chefe indica, e do Legislativo, cuja casta sempre aprova cada um, transformando-se na \u00fanica Corte do am\u00e9m na hist\u00f3ria da democracia em qualquer canto do planeta em que ela funcione, seja bem, seja precariamente.<\/p>\n<p style=\"text-align: right;\"><strong><em>*Jornalista, poeta e escritor<\/em><\/strong><\/p>\n","protected":false},"excerpt":{"rendered":"<p>Congresso muda elei\u00e7\u00e3o e perdoa d\u00edvidas r\u00e1pido como se furta e discreto como se foge<\/p>\n","protected":false},"author":1,"featured_media":15196,"comment_status":"open","ping_status":"open","sticky":false,"template":"","format":"standard","meta":{"footnotes":""},"categories":[1],"tags":[],"class_list":["post-15190","post","type-post","status-publish","format-standard","has-post-thumbnail","hentry","category-nacional"],"_links":{"self":[{"href":"https:\/\/www.jornalcontato.com.br\/home\/index.php\/wp-json\/wp\/v2\/posts\/15190","targetHints":{"allow":["GET"]}}],"collection":[{"href":"https:\/\/www.jornalcontato.com.br\/home\/index.php\/wp-json\/wp\/v2\/posts"}],"about":[{"href":"https:\/\/www.jornalcontato.com.br\/home\/index.php\/wp-json\/wp\/v2\/types\/post"}],"author":[{"embeddable":true,"href":"https:\/\/www.jornalcontato.com.br\/home\/index.php\/wp-json\/wp\/v2\/users\/1"}],"replies":[{"embeddable":true,"href":"https:\/\/www.jornalcontato.com.br\/home\/index.php\/wp-json\/wp\/v2\/comments?post=15190"}],"version-history":[{"count":2,"href":"https:\/\/www.jornalcontato.com.br\/home\/index.php\/wp-json\/wp\/v2\/posts\/15190\/revisions"}],"predecessor-version":[{"id":15198,"href":"https:\/\/www.jornalcontato.com.br\/home\/index.php\/wp-json\/wp\/v2\/posts\/15190\/revisions\/15198"}],"wp:featuredmedia":[{"embeddable":true,"href":"https:\/\/www.jornalcontato.com.br\/home\/index.php\/wp-json\/wp\/v2\/media\/15196"}],"wp:attachment":[{"href":"https:\/\/www.jornalcontato.com.br\/home\/index.php\/wp-json\/wp\/v2\/media?parent=15190"}],"wp:term":[{"taxonomy":"category","embeddable":true,"href":"https:\/\/www.jornalcontato.com.br\/home\/index.php\/wp-json\/wp\/v2\/categories?post=15190"},{"taxonomy":"post_tag","embeddable":true,"href":"https:\/\/www.jornalcontato.com.br\/home\/index.php\/wp-json\/wp\/v2\/tags?post=15190"}],"curies":[{"name":"wp","href":"https:\/\/api.w.org\/{rel}","templated":true}]}}