{"id":15180,"date":"2017-10-08T12:51:28","date_gmt":"2017-10-08T15:51:28","guid":{"rendered":"http:\/\/www.jornalcontato.com.br\/home\/?p=15180"},"modified":"2017-10-08T12:51:28","modified_gmt":"2017-10-08T15:51:28","slug":"aparecida-ha-300-anos-paulo-de-tarso","status":"publish","type":"post","link":"https:\/\/www.jornalcontato.com.br\/home\/index.php\/aparecida-ha-300-anos-paulo-de-tarso\/","title":{"rendered":"Aparecida h\u00e1 300 anos (Paulo de Tarso)"},"content":{"rendered":"<p style=\"text-align: center;\"><strong><em>Apesar de a m\u00fasica Romaria cantar \u201cSenhora de Aparecida\u201d, a cidade de Aparecida \u00e9 que \u00e9 de Nossa Senhora cuja imagem apareceu h\u00e1 exatos 300 anos nas redes de pescadores que buscavam sustentos nas \u00e1guas do Rio Para\u00edba do Sul<\/em><\/strong><!--more--><\/p>\n<p>\u00a0\u00a0\u00a0\u00a0\u00a0\u00a0\u00a0\u00a0\u00a0\u00a0\u00a0 A import\u00e2ncia desse evento \u2013 300 anos do aparecimento da est\u00e1tua \u2013 pautou a imprensa em todos os n\u00edveis de norte a sul do nosso Brasil. A Rede Globo, por exemplo, dedicou um espa\u00e7o\/tempo especial no domingo, 08, onde Renato Teixeira, autor de Romaria, disputou com a Santa o foco da reportagem junto aos fi\u00e9is desde \u00a0que se transformou em hino oficial dos romeiros. Os dois, artista e Santa, merecem!<\/p>\n<p>Afinal, o Santu\u00e1rio de Nossa Senhora da Concei\u00e7\u00e3o Aparecida, o maior Santu\u00e1rio no mundo dedicado a Maria, M\u00e3e de Deus, localiza-se na vizinha Aparecida cuja pedra fundamental foi lan\u00e7ada em 10 de setembro de 1946, mas o in\u00edcio efetivo da constru\u00e7\u00e3o ocorreu em 11 de novembro de 1955.<\/p>\n<p>A primeira missa no local aconteceu no dia 11 de setembro de 1946 e o primeiro atendimento aos romeiros em 21 de junho de 1959 e as atividades religiosas passaram a ser realizadas a partir do dia 3 de outubro de 1982, quando aconteceu a translada\u00e7\u00e3o da Imagem Milagrosa da Antiga Bas\u00edlica para a Bas\u00edlica Nova. E a inaugura\u00e7\u00e3o de uma imagem maior que a do Cristo Redentor, no Rio de Janeiro.<\/p>\n<p><a href=\"http:\/\/jornalcontato.com.br\/home\/wp-content\/uploads\/2017\/10\/Imagem-e-vista.jpg\"><img loading=\"lazy\" decoding=\"async\" class=\"aligncenter size-large wp-image-15181\" src=\"http:\/\/jornalcontato.com.br\/home\/wp-content\/uploads\/2017\/10\/Imagem-e-vista-450x337.jpg\" alt=\"Imagem e vista\" width=\"450\" height=\"337\" srcset=\"https:\/\/jornalcontato.com.br\/home\/wp-content\/uploads\/2017\/10\/Imagem-e-vista-450x337.jpg 450w, https:\/\/jornalcontato.com.br\/home\/wp-content\/uploads\/2017\/10\/Imagem-e-vista-300x224.jpg 300w, https:\/\/jornalcontato.com.br\/home\/wp-content\/uploads\/2017\/10\/Imagem-e-vista-768x575.jpg 768w, https:\/\/jornalcontato.com.br\/home\/wp-content\/uploads\/2017\/10\/Imagem-e-vista.jpg 1584w\" sizes=\"auto, (max-width: 450px) 100vw, 450px\" \/><\/a><\/p>\n<p style=\"text-align: center;\"><em><strong>Com cerca de 50 metros de altura \u00e0s margens da Via Dutra<\/strong><\/em><\/p>\n<p><strong>Prefeitura<\/strong><\/p>\n<p>A import\u00e2ncia e dimens\u00e3o desse evento fizeram com que Ernaldo C\u00e9sar Marcondes, 54 anos, o Sargento Ernaldo, prefeito de Aparecida eleito pelo PMDB em 2016 depois de longa experi\u00eancia como vice, apresentasse uma ideia que caminha para inaugura\u00e7\u00e3o at\u00e9 o final desse ano e que pode consolidar sua carreira pol\u00edtica: Projeto Aparecida 300 anos.<\/p>\n<p>O projeto \u00e9 ambicioso. Ele prev\u00ea o embelezamento da cidade, com a cria\u00e7\u00e3o de novos pontos tur\u00edsticos, religiosos e ambientais. Seu um ponto culminante ser\u00e1 um marco \u00fanico para ficar escrito para sempre na hist\u00f3ria da cidade de Aparecida, 300 anos depois de ser encontrada nas \u00e1guas do Rio Para\u00edba.<\/p>\n<p><a href=\"http:\/\/jornalcontato.com.br\/home\/wp-content\/uploads\/2017\/10\/Gilmar-e-o-prefeito.jpg\"><img loading=\"lazy\" decoding=\"async\" class=\"aligncenter size-large wp-image-15182\" src=\"http:\/\/jornalcontato.com.br\/home\/wp-content\/uploads\/2017\/10\/Gilmar-e-o-prefeito-450x300.jpg\" alt=\"Gilmar e o prefeito\" width=\"450\" height=\"300\" srcset=\"https:\/\/jornalcontato.com.br\/home\/wp-content\/uploads\/2017\/10\/Gilmar-e-o-prefeito-450x300.jpg 450w, https:\/\/jornalcontato.com.br\/home\/wp-content\/uploads\/2017\/10\/Gilmar-e-o-prefeito-300x200.jpg 300w, https:\/\/jornalcontato.com.br\/home\/wp-content\/uploads\/2017\/10\/Gilmar-e-o-prefeito-768x511.jpg 768w, https:\/\/jornalcontato.com.br\/home\/wp-content\/uploads\/2017\/10\/Gilmar-e-o-prefeito.jpg 1200w\" sizes=\"auto, (max-width: 450px) 100vw, 450px\" \/><\/a><\/p>\n<p style=\"text-align: center;\"><em><strong>Gilmar Pinna no dia que entregou a r\u00e9plica de sua autoria ao prefeito de Aparecida<\/strong><\/em><\/p>\n<p><strong>O projeto<\/strong><\/p>\n<p>A constru\u00e7\u00e3o do <strong>Parque dos 300 Anos<\/strong> faz parte de um amplo projeto, composto por um conjunto de cinco parques que, juntos, totalizam mais de 140 mil metros quadrados, no meio de 2 milh\u00f5es de metros quadrados de \u00e1rea verde no Munic\u00edpio.<\/p>\n<p>No parque ser\u00e1 instalada a imagem de Nossa Senhora Aparecida com cerca de 50 metros de altura com ampla e bel\u00edssima vista de parte do Vale do Para\u00edba e Serra da Mantiqueira, como mostram as fotos abaixo. Quem passar pela Via Dutra ver\u00e1 a imagem por cerca de 10 minutos.<\/p>\n<p>Na base da est\u00e1tua haver\u00e1 uma capela com cerca de 21 por 16 metros onde ser\u00e3o realizados eventos e cerim\u00f4nias. Para se ter uma ideia, a imagem do Cristo Redentor no Rio de Janeiro tem cerca 36 metros de altura.<\/p>\n<p><a href=\"http:\/\/jornalcontato.com.br\/home\/wp-content\/uploads\/2017\/10\/Esboco.jpg\"><img loading=\"lazy\" decoding=\"async\" class=\"aligncenter size-large wp-image-15183\" src=\"http:\/\/jornalcontato.com.br\/home\/wp-content\/uploads\/2017\/10\/Esboco-450x215.jpg\" alt=\"Esboco\" width=\"450\" height=\"215\" srcset=\"https:\/\/jornalcontato.com.br\/home\/wp-content\/uploads\/2017\/10\/Esboco-450x215.jpg 450w, https:\/\/jornalcontato.com.br\/home\/wp-content\/uploads\/2017\/10\/Esboco-300x144.jpg 300w, https:\/\/jornalcontato.com.br\/home\/wp-content\/uploads\/2017\/10\/Esboco-768x368.jpg 768w, https:\/\/jornalcontato.com.br\/home\/wp-content\/uploads\/2017\/10\/Esboco.jpg 1347w\" sizes=\"auto, (max-width: 450px) 100vw, 450px\" \/><\/a><\/p>\n<p style=\"text-align: center;\"><em><strong>Esbo\u00e7o do projeto que dever\u00e1 ser inaugurado ainda este ano<\/strong><\/em><\/p>\n<p><strong>O artista<\/strong><\/p>\n<p>Gilmar Pinna nasceu e cresceu em Ilhabela. Autodidata, iniciou sua carreira art\u00edstica realizando esculturas em areia e aos 12 anos conquistaria o Primeiro Pr\u00eamio de Escultura em Areia do Litoral Norte Paulista. No in\u00edcio dos anos 70, come\u00e7ou a participar de concursos e sal\u00e3o de artes, conquistando v\u00e1rios pr\u00eamios. Gilmar tem obras expostas em pra\u00e7as p\u00fablicas na It\u00e1lia, Su\u00ed\u00e7a, Espanha e Portugal.<\/p>\n<p><a href=\"http:\/\/jornalcontato.com.br\/home\/wp-content\/uploads\/2017\/10\/Parque-Ibirapuera.jpg\"><img loading=\"lazy\" decoding=\"async\" class=\"aligncenter size-large wp-image-15184\" src=\"http:\/\/jornalcontato.com.br\/home\/wp-content\/uploads\/2017\/10\/Parque-Ibirapuera-450x225.jpg\" alt=\"Parque Ibirapuera\" width=\"450\" height=\"225\" srcset=\"https:\/\/jornalcontato.com.br\/home\/wp-content\/uploads\/2017\/10\/Parque-Ibirapuera-450x225.jpg 450w, https:\/\/jornalcontato.com.br\/home\/wp-content\/uploads\/2017\/10\/Parque-Ibirapuera-300x150.jpg 300w, https:\/\/jornalcontato.com.br\/home\/wp-content\/uploads\/2017\/10\/Parque-Ibirapuera-768x384.jpg 768w, https:\/\/jornalcontato.com.br\/home\/wp-content\/uploads\/2017\/10\/Parque-Ibirapuera.jpg 1000w\" sizes=\"auto, (max-width: 450px) 100vw, 450px\" \/><\/a><\/p>\n<p style=\"text-align: center;\"><em><strong>Obras de Gilmar Pinna expostas no Parque Ibirapuera, na capital paulista<\/strong><\/em><\/p>\n<p>Gilberto Gil descreveu-o como \u201cArtista do mundo. \u00c9 menino cai\u00e7ara, \u00e9 cidad\u00e3o paulista e, por que n\u00e3o dizer, algo lusitano, latino-americano. E sua arte n\u00e3o difere. Tamb\u00e9m \u00e9 itinerante, viajante. Inicialmente, suas obras &#8220;velejavam&#8221; nas \u00e1guas do litoral norte de S\u00e3o Paulo. Assim era quando as primeiras esculturas &#8211; feitas de mat\u00e9ria-prima mais primitiva, a areia -, eram levadas pelas mar\u00e9s, iam adornar o castelo de Iemanj\u00e1\u201d.<\/p>\n<p><a href=\"http:\/\/jornalcontato.com.br\/home\/wp-content\/uploads\/2017\/10\/Ilhabela.jpg\"><img loading=\"lazy\" decoding=\"async\" class=\"aligncenter size-large wp-image-15185\" src=\"http:\/\/jornalcontato.com.br\/home\/wp-content\/uploads\/2017\/10\/Ilhabela-450x225.jpg\" alt=\"Ilhabela\" width=\"450\" height=\"225\" srcset=\"https:\/\/jornalcontato.com.br\/home\/wp-content\/uploads\/2017\/10\/Ilhabela-450x225.jpg 450w, https:\/\/jornalcontato.com.br\/home\/wp-content\/uploads\/2017\/10\/Ilhabela-300x150.jpg 300w, https:\/\/jornalcontato.com.br\/home\/wp-content\/uploads\/2017\/10\/Ilhabela-768x384.jpg 768w, https:\/\/jornalcontato.com.br\/home\/wp-content\/uploads\/2017\/10\/Ilhabela.jpg 1000w\" sizes=\"auto, (max-width: 450px) 100vw, 450px\" \/><\/a><\/p>\n<p style=\"text-align: center;\"><em><strong>Escultura da ilha Bela em Ilhabela<\/strong><\/em><\/p>\n<p>No ano de 2007, foi nomeado pela C\u00e2mara Municipal de Ilhabela, Embaixador Cultural de sua cidade natal. Gilmar Pinna contou com visita\u00e7\u00e3o p\u00fablica superior a 1 milh\u00e3o de pessoas somente em seus \u00faltimos eventos, sendo um dos mais recentes, realizado na pra\u00e7a que fica em frente ao Parque Ibirapuera.<\/p>\n<p><a href=\"http:\/\/jornalcontato.com.br\/home\/wp-content\/uploads\/2017\/10\/Prefeito-e-Alvaro-reduzida.jpg\"><img loading=\"lazy\" decoding=\"async\" class=\"aligncenter size-large wp-image-15187\" src=\"http:\/\/jornalcontato.com.br\/home\/wp-content\/uploads\/2017\/10\/Prefeito-e-Alvaro-reduzida-450x429.jpg\" alt=\"Prefeito e Alvaro reduzida\" width=\"450\" height=\"429\" srcset=\"https:\/\/jornalcontato.com.br\/home\/wp-content\/uploads\/2017\/10\/Prefeito-e-Alvaro-reduzida-450x429.jpg 450w, https:\/\/jornalcontato.com.br\/home\/wp-content\/uploads\/2017\/10\/Prefeito-e-Alvaro-reduzida-300x286.jpg 300w, https:\/\/jornalcontato.com.br\/home\/wp-content\/uploads\/2017\/10\/Prefeito-e-Alvaro-reduzida.jpg 498w\" sizes=\"auto, (max-width: 450px) 100vw, 450px\" \/><\/a><\/p>\n<p style=\"text-align: center;\"><em><strong>Empres\u00e1rio \u00c1lvaro Canineo com a r\u00e9plica da est\u00e1tua ao lado do prefeito em seu p\u00e9riplo pelo Vale<\/strong><\/em><\/p>\n<p>&nbsp;<\/p>\n","protected":false},"excerpt":{"rendered":"<p>Apesar de a m\u00fasica Romaria cantar \u201cSenhora de Aparecida\u201d, a cidade de Aparecida \u00e9 que \u00e9 de Nossa Senhora cuja imagem apareceu h\u00e1 exatos 300 &#8230;<\/p>\n","protected":false},"author":1,"featured_media":15183,"comment_status":"open","ping_status":"open","sticky":false,"template":"","format":"standard","meta":{"footnotes":""},"categories":[1],"tags":[],"class_list":["post-15180","post","type-post","status-publish","format-standard","has-post-thumbnail","hentry","category-nacional"],"_links":{"self":[{"href":"https:\/\/www.jornalcontato.com.br\/home\/index.php\/wp-json\/wp\/v2\/posts\/15180","targetHints":{"allow":["GET"]}}],"collection":[{"href":"https:\/\/www.jornalcontato.com.br\/home\/index.php\/wp-json\/wp\/v2\/posts"}],"about":[{"href":"https:\/\/www.jornalcontato.com.br\/home\/index.php\/wp-json\/wp\/v2\/types\/post"}],"author":[{"embeddable":true,"href":"https:\/\/www.jornalcontato.com.br\/home\/index.php\/wp-json\/wp\/v2\/users\/1"}],"replies":[{"embeddable":true,"href":"https:\/\/www.jornalcontato.com.br\/home\/index.php\/wp-json\/wp\/v2\/comments?post=15180"}],"version-history":[{"count":1,"href":"https:\/\/www.jornalcontato.com.br\/home\/index.php\/wp-json\/wp\/v2\/posts\/15180\/revisions"}],"predecessor-version":[{"id":15188,"href":"https:\/\/www.jornalcontato.com.br\/home\/index.php\/wp-json\/wp\/v2\/posts\/15180\/revisions\/15188"}],"wp:featuredmedia":[{"embeddable":true,"href":"https:\/\/www.jornalcontato.com.br\/home\/index.php\/wp-json\/wp\/v2\/media\/15183"}],"wp:attachment":[{"href":"https:\/\/www.jornalcontato.com.br\/home\/index.php\/wp-json\/wp\/v2\/media?parent=15180"}],"wp:term":[{"taxonomy":"category","embeddable":true,"href":"https:\/\/www.jornalcontato.com.br\/home\/index.php\/wp-json\/wp\/v2\/categories?post=15180"},{"taxonomy":"post_tag","embeddable":true,"href":"https:\/\/www.jornalcontato.com.br\/home\/index.php\/wp-json\/wp\/v2\/tags?post=15180"}],"curies":[{"name":"wp","href":"https:\/\/api.w.org\/{rel}","templated":true}]}}