{"id":15169,"date":"2017-10-05T15:05:24","date_gmt":"2017-10-05T18:05:24","guid":{"rendered":"http:\/\/www.jornalcontato.com.br\/home\/?p=15169"},"modified":"2017-10-05T15:05:24","modified_gmt":"2017-10-05T18:05:24","slug":"a-disparidade-entre-as-viagens-dos-vereadores","status":"publish","type":"post","link":"https:\/\/www.jornalcontato.com.br\/home\/index.php\/a-disparidade-entre-as-viagens-dos-vereadores\/","title":{"rendered":"A disparidade entre as viagens dos vereadores"},"content":{"rendered":"<p>&nbsp;<\/p>\n<p style=\"text-align: center;\"><strong><i>Ainda ecoa nos corredores da CMT a quantidade de viagens realizadas pelo vereador Jess\u00e9 Silva (SD).<\/i><\/strong><!--more--><\/p>\n<p><span style=\"font-weight: 400;\">As viagens de Jess\u00e9 Silva (SD) ainda repercutem nos bastidores da C\u00e2mara. O caso veio \u00e0 tona ap\u00f3s den\u00fancia do AMATAU (Amigos Associados de Taubat\u00e9), que protocolou uma representa\u00e7\u00e3o junto ao Minist\u00e9rio P\u00fablico para que investigasse as irregularidades em uma viagem do vereador a Mariana-MG.<\/span><\/p>\n<p><span style=\"font-weight: 400;\">Al\u00e9m disso, Jess\u00e9 \u00e9 o recordista de viagens na Casa de Leis, tendo participado de 27 jornadas, tanto dentro quanto fora do estado.<\/span><\/p>\n<p><span style=\"font-weight: 400;\">No entanto, alguns dos colegas consideram que o parlamentar, literalmente, viajou demais durante o ano.<\/span><\/p>\n<p><a href=\"http:\/\/jornalcontato.com.br\/home\/wp-content\/uploads\/2017\/02\/00ceb8d5-9ee0-4d15-af70-f5ff20633672-1.jpg\"><img loading=\"lazy\" decoding=\"async\" class=\"aligncenter size-large wp-image-14309\" src=\"http:\/\/jornalcontato.com.br\/home\/wp-content\/uploads\/2017\/02\/00ceb8d5-9ee0-4d15-af70-f5ff20633672-1-450x338.jpg\" alt=\"00ceb8d5-9ee0-4d15-af70-f5ff20633672\" width=\"450\" height=\"338\" srcset=\"https:\/\/jornalcontato.com.br\/home\/wp-content\/uploads\/2017\/02\/00ceb8d5-9ee0-4d15-af70-f5ff20633672-1-450x338.jpg 450w, https:\/\/jornalcontato.com.br\/home\/wp-content\/uploads\/2017\/02\/00ceb8d5-9ee0-4d15-af70-f5ff20633672-1-300x225.jpg 300w, https:\/\/jornalcontato.com.br\/home\/wp-content\/uploads\/2017\/02\/00ceb8d5-9ee0-4d15-af70-f5ff20633672-1-768x576.jpg 768w, https:\/\/jornalcontato.com.br\/home\/wp-content\/uploads\/2017\/02\/00ceb8d5-9ee0-4d15-af70-f5ff20633672-1.jpg 1280w\" sizes=\"auto, (max-width: 450px) 100vw, 450px\" \/><\/a><\/p>\n<p><span style=\"font-weight: 400;\">Na pr\u00f3pria Casa de Leis, h\u00e1 uma situa\u00e7\u00e3o diferente, que \u00e9 o da vereadora Loreny (PPS), que no come\u00e7o de seu mandado disse que abriria m\u00e3o de coisas que ela considera serem regalias dos vereadores.<\/span><\/p>\n<p><span style=\"font-weight: 400;\">\u201cDesde o in\u00edcio do meu mandato, abri m\u00e3o de benef\u00edcios que percebo como regalias e excesso para o exerc\u00edcio da atividade legislativa como carro oficial, di\u00e1rias de viagem, contas de celular. Uma vez que j\u00e1 temos a contrapartida financeira, a qual considero justa\u201d, conta.<\/span><\/p>\n<p><span style=\"font-weight: 400;\">Indagada sobre a quantidade de viagens do colega, a vereadora n\u00e3o quis entrar a fundo na quest\u00e3o, apontando para o fato de que n\u00e3o h\u00e1 ilegalidade em usar as di\u00e1rias.<\/span><\/p>\n<p><span style=\"font-weight: 400;\">\u201cNestes 9 meses, fiz apenas uma viagem, at\u00e9 Curitiba, em um congresso realizado pelo Observat\u00f3rio Social do Brasil. Eu e as pessoas da minha equipe que quiseram participar fomos com recursos pr\u00f3prios. N\u00e3o h\u00e1 ilegalidade em usar as di\u00e1rias, uma vez que elas t\u00eam previs\u00e3o legal. Cabe a cada parlamentar a condu\u00e7\u00e3o das atividades do seu mandato\u201d, ressalta Loreny.<\/span><\/p>\n<p><a href=\"http:\/\/jornalcontato.com.br\/home\/wp-content\/uploads\/2017\/10\/4041187252.jpg\"><img loading=\"lazy\" decoding=\"async\" class=\"aligncenter size-large wp-image-15172\" src=\"http:\/\/jornalcontato.com.br\/home\/wp-content\/uploads\/2017\/10\/4041187252-450x268.jpg\" alt=\"4041187252\" width=\"450\" height=\"268\" srcset=\"https:\/\/jornalcontato.com.br\/home\/wp-content\/uploads\/2017\/10\/4041187252-450x268.jpg 450w, https:\/\/jornalcontato.com.br\/home\/wp-content\/uploads\/2017\/10\/4041187252-300x179.jpg 300w, https:\/\/jornalcontato.com.br\/home\/wp-content\/uploads\/2017\/10\/4041187252.jpg 688w\" sizes=\"auto, (max-width: 450px) 100vw, 450px\" \/><\/a><\/p>\n<p><b>O caso que explodiu a indaga\u00e7\u00e3o sobre as viagens<\/b><\/p>\n<p><span style=\"font-weight: 400;\">O grupo AMATAU alega que o requerimento apresentado a C\u00e2mara continha falhas e que seria necess\u00e1rio revis\u00e1-lo. No regimento interno, todas as viagens para fora do Estado precisam ser aprovadas em plen\u00e1rio. Na sess\u00e3o do dia 26 de junho, foi constado pelo Legislativo que o requerimento do vereador foi \u201clido e aprovado\u201d, mas o Amatau alega \u2013 ap\u00f3s checagem em grava\u00e7\u00e3o da sess\u00e3o &#8211; que o requerimento n\u00e3o foi \u201clido e aprovado\u201d. Segundo a CMT, s\u00e3o lidos apenas os requerimentos em destaque durante a sess\u00e3o.<\/span><\/p>\n<p><span style=\"font-weight: 400;\">Com o intuito de participar das festividades de anivers\u00e1rio da cidade de Mariana, a viagem do vereador teria come\u00e7ado na sexta-feira e terminado no domingo, o que a C\u00e2mara confirma que aconteceu.<\/span><\/p>\n<p><span style=\"font-weight: 400;\">Outro detalhe que a Amatau quer saber do MP \u00e9 com rela\u00e7\u00e3o aos gastos da viagem. Juntamente com o vereador, al\u00e9m do motorista da Casa de Leis, o assessor tamb\u00e9m participou da viagem para Mariana.<\/span><\/p>\n<p><span style=\"font-weight: 400;\">A C\u00e2mara afirma que o hotel cobrou R$ 130 pelos dois dias em que Jess\u00e9 ficou hospedado na cidade. Al\u00e9m disso, o Legislativo tamb\u00e9m afirma que \u201ctodos os processos de viagem est\u00e3o dentro da legalidade\u201d.<\/span><\/p>\n","protected":false},"excerpt":{"rendered":"<p>&nbsp; Ainda ecoa nos corredores da CMT a quantidade de viagens realizadas pelo vereador Jess\u00e9 Silva (SD).<\/p>\n","protected":false},"author":1,"featured_media":15048,"comment_status":"open","ping_status":"open","sticky":false,"template":"","format":"standard","meta":{"footnotes":""},"categories":[29,7],"tags":[],"class_list":["post-15169","post","type-post","status-publish","format-standard","has-post-thumbnail","hentry","category-regional","category-reportagem"],"_links":{"self":[{"href":"https:\/\/www.jornalcontato.com.br\/home\/index.php\/wp-json\/wp\/v2\/posts\/15169","targetHints":{"allow":["GET"]}}],"collection":[{"href":"https:\/\/www.jornalcontato.com.br\/home\/index.php\/wp-json\/wp\/v2\/posts"}],"about":[{"href":"https:\/\/www.jornalcontato.com.br\/home\/index.php\/wp-json\/wp\/v2\/types\/post"}],"author":[{"embeddable":true,"href":"https:\/\/www.jornalcontato.com.br\/home\/index.php\/wp-json\/wp\/v2\/users\/1"}],"replies":[{"embeddable":true,"href":"https:\/\/www.jornalcontato.com.br\/home\/index.php\/wp-json\/wp\/v2\/comments?post=15169"}],"version-history":[{"count":1,"href":"https:\/\/www.jornalcontato.com.br\/home\/index.php\/wp-json\/wp\/v2\/posts\/15169\/revisions"}],"predecessor-version":[{"id":15173,"href":"https:\/\/www.jornalcontato.com.br\/home\/index.php\/wp-json\/wp\/v2\/posts\/15169\/revisions\/15173"}],"wp:featuredmedia":[{"embeddable":true,"href":"https:\/\/www.jornalcontato.com.br\/home\/index.php\/wp-json\/wp\/v2\/media\/15048"}],"wp:attachment":[{"href":"https:\/\/www.jornalcontato.com.br\/home\/index.php\/wp-json\/wp\/v2\/media?parent=15169"}],"wp:term":[{"taxonomy":"category","embeddable":true,"href":"https:\/\/www.jornalcontato.com.br\/home\/index.php\/wp-json\/wp\/v2\/categories?post=15169"},{"taxonomy":"post_tag","embeddable":true,"href":"https:\/\/www.jornalcontato.com.br\/home\/index.php\/wp-json\/wp\/v2\/tags?post=15169"}],"curies":[{"name":"wp","href":"https:\/\/api.w.org\/{rel}","templated":true}]}}