{"id":15016,"date":"2017-08-22T16:46:25","date_gmt":"2017-08-22T19:46:25","guid":{"rendered":"http:\/\/www.jornalcontato.com.br\/home\/?p=15016"},"modified":"2017-08-23T14:51:02","modified_gmt":"2017-08-23T17:51:02","slug":"camara-realiza-obra-no-1o-andar-do-predio","status":"publish","type":"post","link":"https:\/\/www.jornalcontato.com.br\/home\/index.php\/camara-realiza-obra-no-1o-andar-do-predio\/","title":{"rendered":"C\u00e2mara realiza obra no 1\u00ba andar do pr\u00e9dio"},"content":{"rendered":"<p><em><strong>A Casa de Leis que explorar melhor o espa\u00e7o do 1\u00ba andar e por isso ir\u00e1 realizar uma obra para a implementa\u00e7\u00e3o de uma escada, al\u00e9m da amplia\u00e7\u00e3o do gabinete do vereador Dentinho (PV)<\/strong><\/em><\/p>\n<p>Visando melhorar o espa\u00e7o, a C\u00e2mara Municipal de Taubat\u00e9 ir\u00e1 diminuir o gabinete que fica de frente para o corredor do 1\u00ba andar, que abriga as fotos dos ex-presidentes da Casa de Leis.<\/p>\n<p>Coincidentemente, esse gabinete atualmente pertence ao vereador Dentinho (PV). O parlamentar atender\u00e1 a popula\u00e7\u00e3o em um escrit\u00f3rio provis\u00f3rio durante o per\u00edodo das obras, que devem durar 30 dias.<\/p>\n<p><a href=\"http:\/\/jornalcontato.com.br\/home\/wp-content\/uploads\/2017\/08\/IMG_5061.png\"><img loading=\"lazy\" decoding=\"async\" class=\"aligncenter size-full wp-image-15017\" src=\"http:\/\/jornalcontato.com.br\/home\/wp-content\/uploads\/2017\/08\/IMG_5061.png\" alt=\"IMG_5061\" width=\"340\" height=\"432\" srcset=\"https:\/\/jornalcontato.com.br\/home\/wp-content\/uploads\/2017\/08\/IMG_5061.png 340w, https:\/\/jornalcontato.com.br\/home\/wp-content\/uploads\/2017\/08\/IMG_5061-236x300.png 236w\" sizes=\"auto, (max-width: 340px) 100vw, 340px\" \/><\/a><br \/>\nO Legislativo ir\u00e1 gastar R$ 18,48 mil para reformar o local, tendo feito dois contratos diferentes. O primeiro, com rela\u00e7\u00e3o ao projeto b\u00e1sico, no valor de R$ 5,22 mil. O segundo, para a execu\u00e7\u00e3o da obra, custar\u00e1 R$ 13,261 mil.<br \/>\nO gabinete, em quest\u00e3o, nunca foi muito disputado pelos vereadores, que costumava ser menor do que os outros. Com essa obra, a sala ser\u00e1 prolongada e contar\u00e1 com as mesmas medidas dos outros gabinetes.<\/p>\n","protected":false},"excerpt":{"rendered":"<p>A Casa de Leis que explorar melhor o espa\u00e7o do 1\u00ba andar e por isso ir\u00e1 realizar uma obra para a implementa\u00e7\u00e3o de uma escada, &#8230;<\/p>\n","protected":false},"author":1,"featured_media":12043,"comment_status":"open","ping_status":"open","sticky":false,"template":"","format":"standard","meta":{"footnotes":""},"categories":[29,7],"tags":[],"class_list":["post-15016","post","type-post","status-publish","format-standard","has-post-thumbnail","hentry","category-regional","category-reportagem"],"_links":{"self":[{"href":"https:\/\/www.jornalcontato.com.br\/home\/index.php\/wp-json\/wp\/v2\/posts\/15016","targetHints":{"allow":["GET"]}}],"collection":[{"href":"https:\/\/www.jornalcontato.com.br\/home\/index.php\/wp-json\/wp\/v2\/posts"}],"about":[{"href":"https:\/\/www.jornalcontato.com.br\/home\/index.php\/wp-json\/wp\/v2\/types\/post"}],"author":[{"embeddable":true,"href":"https:\/\/www.jornalcontato.com.br\/home\/index.php\/wp-json\/wp\/v2\/users\/1"}],"replies":[{"embeddable":true,"href":"https:\/\/www.jornalcontato.com.br\/home\/index.php\/wp-json\/wp\/v2\/comments?post=15016"}],"version-history":[{"count":2,"href":"https:\/\/www.jornalcontato.com.br\/home\/index.php\/wp-json\/wp\/v2\/posts\/15016\/revisions"}],"predecessor-version":[{"id":15025,"href":"https:\/\/www.jornalcontato.com.br\/home\/index.php\/wp-json\/wp\/v2\/posts\/15016\/revisions\/15025"}],"wp:featuredmedia":[{"embeddable":true,"href":"https:\/\/www.jornalcontato.com.br\/home\/index.php\/wp-json\/wp\/v2\/media\/12043"}],"wp:attachment":[{"href":"https:\/\/www.jornalcontato.com.br\/home\/index.php\/wp-json\/wp\/v2\/media?parent=15016"}],"wp:term":[{"taxonomy":"category","embeddable":true,"href":"https:\/\/www.jornalcontato.com.br\/home\/index.php\/wp-json\/wp\/v2\/categories?post=15016"},{"taxonomy":"post_tag","embeddable":true,"href":"https:\/\/www.jornalcontato.com.br\/home\/index.php\/wp-json\/wp\/v2\/tags?post=15016"}],"curies":[{"name":"wp","href":"https:\/\/api.w.org\/{rel}","templated":true}]}}