{"id":14946,"date":"2017-08-02T20:35:41","date_gmt":"2017-08-02T23:35:41","guid":{"rendered":"http:\/\/www.jornalcontato.com.br\/home\/?p=14946"},"modified":"2017-08-02T20:35:41","modified_gmt":"2017-08-02T23:35:41","slug":"prefeitura-veta-projeto-de-vereadora-que-pede-transparencia-em-lista-de-espera-para-creches","status":"publish","type":"post","link":"https:\/\/www.jornalcontato.com.br\/home\/index.php\/prefeitura-veta-projeto-de-vereadora-que-pede-transparencia-em-lista-de-espera-para-creches\/","title":{"rendered":"Prefeitura veta projeto de vereadora que pede transpar\u00eancia em lista de espera para creches"},"content":{"rendered":"<p>&nbsp;<\/p>\n<p style=\"text-align: center;\"><i><span style=\"font-weight: 400;\">O projeto de transpar\u00eancia, de autoria da vereadora Loreny Roberto (PPS), foi vetado completamente pela prefeitura, que justificou como ato que infringe o ECA (Estatuto da Crian\u00e7a e do Adolescente)<\/span><\/i><!--more--><\/p>\n<p><span style=\"font-weight: 400;\">Ap\u00f3s tornar-se p\u00fablico o tempo de espera que uma crian\u00e7a de Taubat\u00e9 tem que aguardar para conseguir uma vaga em uma creche do munic\u00edpio, a Prefeitura vetou completamente o projeto da vereadora Loreny Roberto (PPS), que pede transpar\u00eancia na lista de espera.<\/span><\/p>\n<p><span style=\"font-weight: 400;\">Na sexta-feira, 21, foi publicado no Di\u00e1rio Oficial o veto total ao projeto da vereadora. A justificativa da Secretaria de Educa\u00e7\u00e3o \u00e9 de que, ao divulgar os nomes das crian\u00e7as, a lei infringe no Estatuto da Crian\u00e7a e do Adolescente.<\/span><\/p>\n<p><span style=\"font-weight: 400;\">Entretanto, Loreny afirma que o projeto est\u00e1 amparado e nos termos de uma lei aprovada pela C\u00e2mara Municipal. Ao inv\u00e9s de divulgar completamente os nomes da crian\u00e7a, na lista estaria presente apenas as iniciais, data de nascimento e nome do respons\u00e1vel legal pela crian\u00e7a.<\/span><\/p>\n<p><span style=\"font-weight: 400;\">A vereadora, inclusive, ressalta que a pr\u00f3pria Secretaria de Educa\u00e7\u00e3o utiliza esse tipo de formato.<\/span><\/p>\n<p><span style=\"font-weight: 400;\">Em nota, Loreny diz que \u00e9 obriga\u00e7\u00e3o do Poder Legislativo normatizar a situa\u00e7\u00e3o da fila de espera.<\/span><\/p>\n<p><span style=\"font-weight: 400;\">\u201cComo justificar ou negar a necessidade de ser transparente? Transpar\u00eancia deve ser obriga\u00e7\u00e3o dos ocupantes dos cargos p\u00fablicos e se, o Executivo n\u00e3o normatiza, n\u00f3s, Poder Legislativo podemos fazer. E a nossa proposta n\u00e3o fere a legalidade. Eu discuto a legalidade sempre no Plen\u00e1rio, discuto com minha equipe e essa lei \u00e9 constitucional, principalmente por seguir os princ\u00edpios da Lei de Acesso \u00e0 Informa\u00e7\u00e3o. Da mesma forma, n\u00e3o descumpre o ECA. Tornar essas listas transparentes acabaria com os pequenos favores di\u00e1rios que sustentam a velha pol\u00edtica\u201d, afirmou a vereadora Loreny.<\/span><\/p>\n<p><b>Dois anos de espera.<\/b><span style=\"font-weight: 400;\"> A pr\u00f3pria secret\u00e1ria de Educa\u00e7\u00e3o, Edna Chamon, n\u00e3o esconde que h\u00e1 uma fila de espera de dois anos em Taubat\u00e9 para que uma crian\u00e7a arranje uma vaga em creche.<\/span><\/p>\n<p><span style=\"font-weight: 400;\">Existem 1573 nomes esperando por uma oportunidade para o Ber\u00e7\u00e1rio I, Ber\u00e7\u00e1rio II e Maternal I. A \u201cculpa\u201d desse hiato, segundo a administra\u00e7\u00e3o municipal, \u00e9 o dinamismo da lista, que tanto pode aumentar quanto pode diminuir dependendo da migra\u00e7\u00e3o ou nascimento de crian\u00e7as.<\/span><\/p>\n<p><span style=\"font-weight: 400;\">Com v\u00e1rias creches atrasadas, o prefeito Ortiz Junior (PSDB) prometeu entregar sete creches oriundas de promessa de campanha de 2014.<\/span><\/p>\n","protected":false},"excerpt":{"rendered":"<p>&nbsp; O projeto de transpar\u00eancia, de autoria da vereadora Loreny Roberto (PPS), foi vetado completamente pela prefeitura, que justificou como ato que infringe o ECA &#8230;<\/p>\n","protected":false},"author":1,"featured_media":14412,"comment_status":"open","ping_status":"open","sticky":false,"template":"","format":"standard","meta":{"footnotes":""},"categories":[29,7],"tags":[],"class_list":["post-14946","post","type-post","status-publish","format-standard","has-post-thumbnail","hentry","category-regional","category-reportagem"],"_links":{"self":[{"href":"https:\/\/www.jornalcontato.com.br\/home\/index.php\/wp-json\/wp\/v2\/posts\/14946","targetHints":{"allow":["GET"]}}],"collection":[{"href":"https:\/\/www.jornalcontato.com.br\/home\/index.php\/wp-json\/wp\/v2\/posts"}],"about":[{"href":"https:\/\/www.jornalcontato.com.br\/home\/index.php\/wp-json\/wp\/v2\/types\/post"}],"author":[{"embeddable":true,"href":"https:\/\/www.jornalcontato.com.br\/home\/index.php\/wp-json\/wp\/v2\/users\/1"}],"replies":[{"embeddable":true,"href":"https:\/\/www.jornalcontato.com.br\/home\/index.php\/wp-json\/wp\/v2\/comments?post=14946"}],"version-history":[{"count":1,"href":"https:\/\/www.jornalcontato.com.br\/home\/index.php\/wp-json\/wp\/v2\/posts\/14946\/revisions"}],"predecessor-version":[{"id":14947,"href":"https:\/\/www.jornalcontato.com.br\/home\/index.php\/wp-json\/wp\/v2\/posts\/14946\/revisions\/14947"}],"wp:featuredmedia":[{"embeddable":true,"href":"https:\/\/www.jornalcontato.com.br\/home\/index.php\/wp-json\/wp\/v2\/media\/14412"}],"wp:attachment":[{"href":"https:\/\/www.jornalcontato.com.br\/home\/index.php\/wp-json\/wp\/v2\/media?parent=14946"}],"wp:term":[{"taxonomy":"category","embeddable":true,"href":"https:\/\/www.jornalcontato.com.br\/home\/index.php\/wp-json\/wp\/v2\/categories?post=14946"},{"taxonomy":"post_tag","embeddable":true,"href":"https:\/\/www.jornalcontato.com.br\/home\/index.php\/wp-json\/wp\/v2\/tags?post=14946"}],"curies":[{"name":"wp","href":"https:\/\/api.w.org\/{rel}","templated":true}]}}