{"id":14782,"date":"2017-05-29T13:36:35","date_gmt":"2017-05-29T16:36:35","guid":{"rendered":"http:\/\/www.jornalcontato.com.br\/home\/?p=14782"},"modified":"2017-05-29T13:36:35","modified_gmt":"2017-05-29T16:36:35","slug":"uol-para-barroso-relator-da-lava-jato-sofre-cerco","status":"publish","type":"post","link":"https:\/\/www.jornalcontato.com.br\/home\/index.php\/uol-para-barroso-relator-da-lava-jato-sofre-cerco\/","title":{"rendered":"UOL: Para Barroso, relator da Lava Jato sofre cerco"},"content":{"rendered":"<hr \/>\n<p style=\"text-align: justify;\"><em><strong>E a Lava Jato?!<\/strong><\/em><\/p>\n<hr \/>\n<p>O jornalista Josias de Souza publicou hoje no seu blog o texto &#8220;Para Barroso, relator da Lava Jato sofre &#8220;cerco&#8221;&#8221;. Confira um trecho:<\/p>\n<p>&#8220;O Ministro Lu\u00eds Roberto Barroso, do Supremo Tribumal Federal, afirma que seu colega Edson Fachin, relator da Lava Jato, est\u00e1 envolto em press\u00f5es. &#8220;Que h\u00e1 um cerco, h\u00e1&#8221;, declarou em entrevista ao blog (do jornalista na UOL).<\/p>\n<p>Confira a mat\u00e9ria\u00a0completa <a href=\"http:\/\/josiasdesouza.blogosfera.uol.com.br\/2017\/05\/28\/para-barroso-relator-da-lava-jato-sofre-cerco\/\">AQUI<\/a><\/p>\n","protected":false},"excerpt":{"rendered":"<p>E a Lava Jato?! O jornalista Josias de Souza publicou hoje no seu blog o texto &#8220;Para Barroso, relator da Lava Jato sofre &#8220;cerco&#8221;&#8221;. Confira &#8230;<\/p>\n","protected":false},"author":1,"featured_media":14783,"comment_status":"open","ping_status":"open","sticky":false,"template":"","format":"standard","meta":{"footnotes":""},"categories":[1],"tags":[],"class_list":["post-14782","post","type-post","status-publish","format-standard","has-post-thumbnail","hentry","category-nacional"],"_links":{"self":[{"href":"https:\/\/www.jornalcontato.com.br\/home\/index.php\/wp-json\/wp\/v2\/posts\/14782","targetHints":{"allow":["GET"]}}],"collection":[{"href":"https:\/\/www.jornalcontato.com.br\/home\/index.php\/wp-json\/wp\/v2\/posts"}],"about":[{"href":"https:\/\/www.jornalcontato.com.br\/home\/index.php\/wp-json\/wp\/v2\/types\/post"}],"author":[{"embeddable":true,"href":"https:\/\/www.jornalcontato.com.br\/home\/index.php\/wp-json\/wp\/v2\/users\/1"}],"replies":[{"embeddable":true,"href":"https:\/\/www.jornalcontato.com.br\/home\/index.php\/wp-json\/wp\/v2\/comments?post=14782"}],"version-history":[{"count":1,"href":"https:\/\/www.jornalcontato.com.br\/home\/index.php\/wp-json\/wp\/v2\/posts\/14782\/revisions"}],"predecessor-version":[{"id":14784,"href":"https:\/\/www.jornalcontato.com.br\/home\/index.php\/wp-json\/wp\/v2\/posts\/14782\/revisions\/14784"}],"wp:featuredmedia":[{"embeddable":true,"href":"https:\/\/www.jornalcontato.com.br\/home\/index.php\/wp-json\/wp\/v2\/media\/14783"}],"wp:attachment":[{"href":"https:\/\/www.jornalcontato.com.br\/home\/index.php\/wp-json\/wp\/v2\/media?parent=14782"}],"wp:term":[{"taxonomy":"category","embeddable":true,"href":"https:\/\/www.jornalcontato.com.br\/home\/index.php\/wp-json\/wp\/v2\/categories?post=14782"},{"taxonomy":"post_tag","embeddable":true,"href":"https:\/\/www.jornalcontato.com.br\/home\/index.php\/wp-json\/wp\/v2\/tags?post=14782"}],"curies":[{"name":"wp","href":"https:\/\/api.w.org\/{rel}","templated":true}]}}