{"id":14642,"date":"2017-04-16T02:05:10","date_gmt":"2017-04-16T05:05:10","guid":{"rendered":"http:\/\/www.jornalcontato.com.br\/home\/?p=14642"},"modified":"2017-04-16T02:05:10","modified_gmt":"2017-04-16T05:05:10","slug":"coluna-do-aquiles-o-novo-pernambucano","status":"publish","type":"post","link":"https:\/\/www.jornalcontato.com.br\/home\/index.php\/coluna-do-aquiles-o-novo-pernambucano\/","title":{"rendered":"COLUNA DO AQUILES: O novo pernambucano"},"content":{"rendered":"<p>&nbsp;<\/p>\n<p><span style=\"font-weight: 400;\">\u201cSimples como habitualmente s\u00e3o as grandes obras; profundos como costumam ser os trabalhos que se perpetuam; simples como voo de passarinho; profundo como amor incondicional; singelo como canto de ninar; intenso como fogo de lamber a alma&#8230;\u201d<\/span><!--more--><\/p>\n<p><span style=\"font-weight: 400;\">Foi com estas afirmativas que comecei o texto da coluna anterior, na qual comentei o primeiro CD da jovem cantora Alice Passos. Mais do que afirma\u00e7\u00f5es, s\u00e3o express\u00f5es do desejo de que os jovens prossigam na busca por belezas simples e profundas. Quando um disco mexe com minhas emo\u00e7\u00f5es, corro a buscar palavras que digam do meu contentamento por ter em m\u00e3os um trabalho arrebatador, mas que, ao mesmo tempo, revelem a ang\u00fastia por crer que o novo nome dificilmente chegar\u00e1 ao grande p\u00fablico.<\/span><\/p>\n<p><span style=\"font-weight: 400;\">Pois bem. Recentemente, ao ler uma mat\u00e9ria no <\/span><i><span style=\"font-weight: 400;\">Globo<\/span><\/i><span style=\"font-weight: 400;\"> assinada por Leonardo Lichote em que ele apresentava alguns nomes da nova cena musical pernambucana, tomei conhecimento da obra da mo\u00e7ada. Dentre eles estava o compositor, pianista e cantor Z\u00e9 Manoel, pernambucano de Petrolina (fiz contato com o jornalista, pedindo dicas de onde comprar os discos citados na mat\u00e9ria).<\/span><\/p>\n<p><span style=\"font-weight: 400;\">Hoje, depois de ouvir os novos pernambucanos, decidi falar do meu entusiasmo com <\/span><i><span style=\"font-weight: 400;\">Del\u00edrio de um Romance a C\u00e9u Aberto<\/span><\/i><span style=\"font-weight: 400;\"> (Joia Moderna), \u00e1lbum de <\/span><span style=\"font-weight: 400;\">Jos\u00e9 Manoel de Carvalho Neto, o Z\u00e9 Manoel. <\/span><span style=\"font-weight: 400;\">Idealizado pelo DJ Z\u00e9 Pedro, com produ\u00e7\u00e3o executiva de Thiago Marques Luiz, <\/span><span style=\"font-weight: 400;\">re\u00fane onze m\u00fasicas \u2013 algumas em parceria, sendo tr\u00eas in\u00e9ditas, <\/span><span style=\"font-weight: 400;\">cantadas por grandes int\u00e9rpretes e acompanhados por Z\u00e9 Manoel ao piano.<\/span><\/p>\n<p><span style=\"font-weight: 400;\">Virtuoso, seu piano aclara a facilidade com que as notas saltam de suas teclas, transformando-se em acordes que remetem \u00e0s harmonias de nossos grandes harmonizadores. As melodias v\u00e3o por onde as palavras levem. Imagens bem talhadas afloram. E a m\u00fasica brota prenha de fantasias. E de amor, de dor, de \u00e1gua e de fogo. Can\u00e7\u00f5es de dar canseira nos olhos de tanta l\u00e1grima, de trazer paz aos ouvidos, \u00e1vidos por se aninharem em m\u00fasica de qualidade. (D\u00f3i-me saber que Alice Passos e Z\u00e9 Manoel, assim como acontece com Guinga e Celso Vi\u00e1fora \u2013 uma grande cantora e tr\u00eas grandes compositores \u2013, podem n\u00e3o chegar aos tantos ouvidos que merecem escut\u00e1-los.)<\/span><\/p>\n<p><span style=\"font-weight: 400;\">Lindas can\u00e7\u00f5es de um talento exuberante, que agora as v\u00ea acrescidas de encantos, j\u00e1 que cantadas por Faf\u00e1 de Bel\u00e9m (grande interpreta\u00e7\u00e3o), Elba Ramalho (em grande forma), Ayrton Montarroyos (bela voz), Ana Carolina (cantando bem), C\u00e9lia (intensa como sempre), Tigan\u00e1 Santana (voz poderosa), N\u00e1 Ozzetti (linda interpreta\u00e7\u00e3o), Amelinha (bela voz, pura emo\u00e7\u00e3o), Arthur Nogueira (canta e declama os versos com voz profunda) e Jussara Amaral (como canta!).<\/span><\/p>\n<p><span style=\"font-weight: 400;\">Piano e vozes, simplesmente ardentes, eloquentes; belezas candentes; sentimentos envolventes&#8230; Epa! O que \u00e9 isso? Ora, s\u00e3o rimas indigentes louvando um CD de brilho resplandecente.<\/span><\/p>\n<p><span style=\"font-weight: 400;\">Mas a palavra final cabe a Z\u00e9 Manoel: piano e cello o amparam para que cante, feche e assine o CD \u2013 um verdadeiro <\/span><i><span style=\"font-weight: 400;\">songbook<\/span><\/i><span style=\"font-weight: 400;\"> desse craque pernambucano, de apenas 35 anos.<\/span><\/p>\n<p>&nbsp;<\/p>\n<p><b>Aquiles Rique Reis<\/b><span style=\"font-weight: 400;\">, vocalista do MPB4<\/span><\/p>\n","protected":false},"excerpt":{"rendered":"<p>&nbsp; \u201cSimples como habitualmente s\u00e3o as grandes obras; profundos como costumam ser os trabalhos que se perpetuam; simples como voo de passarinho; profundo como amor &#8230;<\/p>\n","protected":false},"author":1,"featured_media":14643,"comment_status":"open","ping_status":"open","sticky":false,"template":"","format":"standard","meta":{"footnotes":""},"categories":[32,31],"tags":[],"class_list":["post-14642","post","type-post","status-publish","format-standard","has-post-thumbnail","hentry","category-coluna-do-aquiles","category-colunas"],"_links":{"self":[{"href":"https:\/\/www.jornalcontato.com.br\/home\/index.php\/wp-json\/wp\/v2\/posts\/14642","targetHints":{"allow":["GET"]}}],"collection":[{"href":"https:\/\/www.jornalcontato.com.br\/home\/index.php\/wp-json\/wp\/v2\/posts"}],"about":[{"href":"https:\/\/www.jornalcontato.com.br\/home\/index.php\/wp-json\/wp\/v2\/types\/post"}],"author":[{"embeddable":true,"href":"https:\/\/www.jornalcontato.com.br\/home\/index.php\/wp-json\/wp\/v2\/users\/1"}],"replies":[{"embeddable":true,"href":"https:\/\/www.jornalcontato.com.br\/home\/index.php\/wp-json\/wp\/v2\/comments?post=14642"}],"version-history":[{"count":1,"href":"https:\/\/www.jornalcontato.com.br\/home\/index.php\/wp-json\/wp\/v2\/posts\/14642\/revisions"}],"predecessor-version":[{"id":14644,"href":"https:\/\/www.jornalcontato.com.br\/home\/index.php\/wp-json\/wp\/v2\/posts\/14642\/revisions\/14644"}],"wp:featuredmedia":[{"embeddable":true,"href":"https:\/\/www.jornalcontato.com.br\/home\/index.php\/wp-json\/wp\/v2\/media\/14643"}],"wp:attachment":[{"href":"https:\/\/www.jornalcontato.com.br\/home\/index.php\/wp-json\/wp\/v2\/media?parent=14642"}],"wp:term":[{"taxonomy":"category","embeddable":true,"href":"https:\/\/www.jornalcontato.com.br\/home\/index.php\/wp-json\/wp\/v2\/categories?post=14642"},{"taxonomy":"post_tag","embeddable":true,"href":"https:\/\/www.jornalcontato.com.br\/home\/index.php\/wp-json\/wp\/v2\/tags?post=14642"}],"curies":[{"name":"wp","href":"https:\/\/api.w.org\/{rel}","templated":true}]}}