{"id":14573,"date":"2017-04-04T16:45:22","date_gmt":"2017-04-04T19:45:22","guid":{"rendered":"http:\/\/www.jornalcontato.com.br\/home\/?p=14573"},"modified":"2017-04-04T16:51:30","modified_gmt":"2017-04-04T19:51:30","slug":"jose-neumanne-enxofre-na-guanabara","status":"publish","type":"post","link":"https:\/\/www.jornalcontato.com.br\/home\/index.php\/jose-neumanne-enxofre-na-guanabara\/","title":{"rendered":"Jos\u00e9 N\u00eaumanne*: Enxofre na Guanabara"},"content":{"rendered":"<p style=\"text-align: center;\"><strong><em>Para Garotinho, dela\u00e7\u00e3o de Cabral ser\u00e1 o quinto dos infernos e vai empestear o Rio<\/em><\/strong><\/p>\n<p>Houve um tempo em que o Rio de Janeiro, merc\u00ea da marcha famosa de Andr\u00e9 Filho, era conhecido como \u201ccidade maravilhosa\u201d. Hoje outra can\u00e7\u00e3o de sucesso, de Gilberto Gil, tamb\u00e9m \u00e9 prof\u00e9tica ao decretar que a antiga capital do Pa\u00eds \u201ccontinua sendo\u201d. No Rio, modas s\u00e3o criadas e adotadas e, depois, se transmitem ao resto do Pa\u00eds. E foi assim que a capital do samba e da bossa nova virou tamb\u00e9m o exemplo mais descarado da corrup\u00e7\u00e3o desregrada que assola o Pa\u00eds desde que a alian\u00e7a entre PT, PMDB e partidos menos importantes tomou o poder na Rep\u00fablica insana.<\/p>\n<p>Os m\u00e9todos adotados pelo ex-governador S\u00e9rgio Cabral para cobrar e receber propinas de empreiteiros amigos que depois viraram desafetos, como Fernando Cavendish, da Delta, vieram acompanhados de hist\u00f3rias de amor, desamor, desejo, ci\u00fames e trai\u00e7\u00e3o. Seu caso com uma parente do empres\u00e1rio tornou-se p\u00fablico depois da queda do helic\u00f3ptero que a transportava para uma festa na Bahia, para a qual ele iria em outro. A descoberta e a insist\u00eancia dele em n\u00e3o aceitar a imposi\u00e7\u00e3o pela mulher, Adriana Ancelmo, do ex-marido para chefiar a Casa Civil resultaram numa separa\u00e7\u00e3o do casal, que logo em seguida voltou a conviver como se nada tivesse acontecido. Esse vaiv\u00e9m de alian\u00e7as tamb\u00e9m ocorreu na pol\u00edtica, pois ele e seu amig\u00e3o do peito Jorge Picciani, presidente da Assembleia Legislativa do Estado e c\u00famplice em v\u00e1rias falcatruas e tramoias, apoiaram o advers\u00e1rio tucano do PT na elei\u00e7\u00e3o presidencial de 2014.<\/p>\n<p><a href=\"http:\/\/jornalcontato.com.br\/home\/wp-content\/uploads\/2017\/04\/Ainda-comportados.jpeg\"><img loading=\"lazy\" decoding=\"async\" class=\"aligncenter size-large wp-image-14574\" src=\"http:\/\/jornalcontato.com.br\/home\/wp-content\/uploads\/2017\/04\/Ainda-comportados-450x253.jpeg\" alt=\"Ainda comportados\" width=\"450\" height=\"253\" srcset=\"https:\/\/jornalcontato.com.br\/home\/wp-content\/uploads\/2017\/04\/Ainda-comportados-450x253.jpeg 450w, https:\/\/jornalcontato.com.br\/home\/wp-content\/uploads\/2017\/04\/Ainda-comportados-300x169.jpeg 300w, https:\/\/jornalcontato.com.br\/home\/wp-content\/uploads\/2017\/04\/Ainda-comportados.jpeg 620w\" sizes=\"auto, (max-width: 450px) 100vw, 450px\" \/><\/a><\/p>\n<p style=\"text-align: center;\"><em><strong>O ainda governador S\u00e9rgio Cabral e assessores, ainda comportados, em festa parisiense patrocinada pelo empreiteiro Cavendish, dono da Delta<\/strong><\/em><\/p>\n<p>A\u00e9cio Neves e Aloysio Nunes Ferreira perderam a elei\u00e7\u00e3o para Dilma e Temer, mas a dela\u00e7\u00e3o dos 77 da Odebrecht deixou claro que a dita oposi\u00e7\u00e3o tamb\u00e9m sujou as m\u00e3os na porcaria da roubalheira geral brasileira. E nesta semana os netos de Tancredo Neves, o conciliador-mor do s\u00e9culo 20 na pol\u00edtica brasileira, tanto A\u00e9cio quanto a irm\u00e3 Andrea, foram citados nas famigeradas dela\u00e7\u00f5es premiadas dos 77 da Odebrecht. Na semana em que A\u00e9cio \u00e9 capa de Veja, os jornais anunciam a marcha para a dela\u00e7\u00e3o premiada do pr\u00f3prio Cabral. Para temor generalizado dos tr\u00eas poderes no Estado que ele governou e na Federa\u00e7\u00e3o.<\/p>\n<p><a href=\"http:\/\/jornalcontato.com.br\/home\/wp-content\/uploads\/2017\/04\/Capa-Veja.jpg\"><img loading=\"lazy\" decoding=\"async\" class=\"aligncenter size-full wp-image-14575\" src=\"http:\/\/jornalcontato.com.br\/home\/wp-content\/uploads\/2017\/04\/Capa-Veja.jpg\" alt=\"Capa Veja\" width=\"274\" height=\"184\" \/><\/a><\/p>\n<p style=\"text-align: center;\"><em><strong>Capa da revista Veja desta semana<\/strong><\/em><\/p>\n<p>Por enquanto, o mundo j\u00e1 desabou sobre o Executivo, que ele chefiou, e o Legislativo. A Opera\u00e7\u00e3o O Quinto do Ouro, da Pol\u00edcia Federal, prendeu cinco, mantendo quatro presos em Bangu e o presidente em exerc\u00edcio usando tornozeleiras no lar amargo lar, dos sete conselheiros do Tribunal de Contas do Estado. Dos dois restantes, um \u2013 Jonas Lopes Filho \u2013 delatou os outros. E uma restou sendo a \u00fanica representante sem explica\u00e7\u00f5es a dar \u00e0 pol\u00edcia e \u00e0 Justi\u00e7a. O TCE do Rio inaugurou uma nova d\u00favida nacional: e os outros TCEs do Pa\u00eds? Como ter\u00e3o se comportado os conselheiros estaduais, municipais e o federal? O chef\u00e3o do TCE, que n\u00e3o \u00e9 \u00f3rg\u00e3o do Judici\u00e1rio, mas assessor da Alerj, deputado estadual Jorge Picciani, presidente da Casa, foi tamb\u00e9m conduzido coercitivamente para se explicar na Pol\u00edcia Federal. E na bagun\u00e7a geral brasileira voltou do depoimento para discursar na tribuna de representante do povo.<\/p>\n<p>As respostas est\u00e3o sendo dadas nas reuni\u00f5es do ex com os procuradores do Minist\u00e9rio P\u00fablico Federal para negociar uma pris\u00e3o mais leve, como, por exemplo, a da mulher, Adriana Ancelmo, agraciada com uma decis\u00e3o leniente do Superior Tribunal de Justi\u00e7a (STJ), em nome de sua condi\u00e7\u00e3o maternal.<\/p>\n<p>Anthony Garotinho, que recentemente protagonizou cenas de esperneio expl\u00edcito ao ser preso acusado de fraude eleitoral, tem acompanhado de forma diligente as aventuras do pol\u00edtico que o lan\u00e7ou em cena na pol\u00edtica fluminense, em seu blog sempre muito bem informado.<\/p>\n<p>Segundo Garotinho, agora desafeto, comenta-se no Rio que esta n\u00e3o \u00e9 a \u00fanica dela\u00e7\u00e3o premiada temida por ju\u00edzes, parlamentares, pois fala-se muito em outro ex-assessor da intimidade do ex-governador, que, segundo consta, foi escolhido exatamente para o lugar que a sra. Ancelmo desejava para o ex-marido.<\/p>\n<p><a href=\"http:\/\/jornalcontato.com.br\/home\/wp-content\/uploads\/2017\/04\/Garotinho-levado-pela-PF.jpg\"><img loading=\"lazy\" decoding=\"async\" class=\"aligncenter size-large wp-image-14577\" src=\"http:\/\/jornalcontato.com.br\/home\/wp-content\/uploads\/2017\/04\/Garotinho-levado-pela-PF-450x301.jpg\" alt=\"Garotinho levado pela PF\" width=\"450\" height=\"301\" srcset=\"https:\/\/jornalcontato.com.br\/home\/wp-content\/uploads\/2017\/04\/Garotinho-levado-pela-PF-450x301.jpg 450w, https:\/\/jornalcontato.com.br\/home\/wp-content\/uploads\/2017\/04\/Garotinho-levado-pela-PF-300x201.jpg 300w, https:\/\/jornalcontato.com.br\/home\/wp-content\/uploads\/2017\/04\/Garotinho-levado-pela-PF.jpg 580w\" sizes=\"auto, (max-width: 450px) 100vw, 450px\" \/><\/a><\/p>\n<p style=\"text-align: center;\"><em><strong>Ex-governador Garotinho sendo levado do hospital para Bangu pela PF em abril de 2016<\/strong><\/em><\/p>\n<p>Garotinho, cujo blog publicou as c\u00e9lebres fotos da turma do Guanabara dan\u00e7ando o canc\u00e3 num restaurante em Paris, deu um furo espetacular, ao revelar que \u201cCabral desconfiava j\u00e1 h\u00e1 algum tempo que a n\u00e3o inclus\u00e3o do nome de Regis Fichtner em qualquer opera\u00e7\u00e3o ou investiga\u00e7\u00e3o cheirava a prote\u00e7\u00e3o. Ou seja, o homem que o acompanha desde os tempos de deputado estadual, foi seu suplente de senador e seu chefe da Casa Civil, estaria entregando informa\u00e7\u00f5es do grupo do qual fazia parte em troca de n\u00e3o ser investigado. No in\u00edcio da semana passada S\u00e9rgio Cabral teve certeza disso, e quem lhe contou foi um dos enviados, que foi especialmente a Bangu para detalhar o acordo de prote\u00e7\u00e3o a Regis Fichtner. Segundo o aliado que virou desafeto, Cabral foi \u201ctomado de ira\u201d e, entre\u00a0 palavras e express\u00f5es de baixo cal\u00e3o, referiu-se a Regis Fichtner como\u00a0 \u201ctra\u00edra\u201d, prometendo ao tal interlocutor que vai delatar \u201ctodo o esquema dele e da fam\u00edlia com a Justi\u00e7a do Rio\u201d.<\/p>\n<p>Segundo Garotinho, h\u00e1 v\u00e1rios cap\u00edtulos dedicados a ju\u00edzes, mas a dela\u00e7\u00e3o tamb\u00e9m envolve \u201csua rela\u00e7\u00e3o com Jorge Picciani, Pez\u00e3o, Eduardo Paes e outros nomes do PMDB\u201d. Teria, segundo seu informante, sobrado at\u00e9 para o emiss\u00e1rio petista que recebia parte das propinas de verbas federais enviadas para obras no Rio. \u201cAli\u00e1s, isso est\u00e1 anotado em uma das cadernetas apreendidas pelo Minist\u00e9rio P\u00fablico Federal\u201d, jura o outro ex-governador.<\/p>\n<p><a href=\"http:\/\/jornalcontato.com.br\/home\/wp-content\/uploads\/2017\/04\/Turma-toda.jpg\"><img loading=\"lazy\" decoding=\"async\" class=\"aligncenter size-large wp-image-14576\" src=\"http:\/\/jornalcontato.com.br\/home\/wp-content\/uploads\/2017\/04\/Turma-toda-450x327.jpg\" alt=\"Turma toda\" width=\"450\" height=\"327\" srcset=\"https:\/\/jornalcontato.com.br\/home\/wp-content\/uploads\/2017\/04\/Turma-toda-450x327.jpg 450w, https:\/\/jornalcontato.com.br\/home\/wp-content\/uploads\/2017\/04\/Turma-toda-300x218.jpg 300w, https:\/\/jornalcontato.com.br\/home\/wp-content\/uploads\/2017\/04\/Turma-toda.jpg 600w\" sizes=\"auto, (max-width: 450px) 100vw, 450px\" \/><\/a><\/p>\n<p style=\"text-align: center;\"><em><strong>Flashes da festa realizada em Paris em 2009 e denunciada por Garotinho em 2012<\/strong><\/em><\/p>\n<p>E Garotinho n\u00e3o deixa por menos ao anotar que \u201ca opera\u00e7\u00e3o no Tribunal de Contas do Estado foi denominada O Quinto do Ouro. A dela\u00e7\u00e3o de Cabral, se for homologada, est\u00e1 sendo chamada de O quinto dos infernos, porque vai encerrar a carreira de muita gente prematuramente, gente grande, poderosa, que segundo Cabral est\u00e1 num lago de enxofre\u201d.<\/p>\n<p>De qualquer maneira, a soma das dela\u00e7\u00f5es de S\u00e9rgio Cabral e do infiel Fichtner vai produzir muita dor de cabe\u00e7a \u00e0s margens da Guanabara, que encantou Cole Porter antes de se tornar a ba\u00eda da imund\u00edcie que fez mal a iatistas disputando a Olimp\u00edada de 2016. Ou bem longe delas a seus asseclas espalhados pelo resto do Brasil. Certamente, muita gente importante da Rep\u00fablica gostaria de pagar para n\u00e3o ver no p\u00f4quer da impunidade, cada vez mais desejado e distante, sua carta jogada na ba\u00eda do diabo.<\/p>\n<p style=\"text-align: right;\">\u00a0<strong><em>*Jornalista, poeta e escritor<\/em><\/strong><\/p>\n<p><strong>NR:<\/strong><\/p>\n<p><em>A festa aconteceu em 2009 mas s\u00f3 foi denunciada em 2012 por Garotinho. De len\u00e7o na cabe\u00e7a, aparentemente no meio de uma coreografia, aparecem os ent\u00e3o secret\u00e1rios de Sa\u00fade, S\u00e9rgio C\u00f4rtes, de Governo, Wilson Carlos e outros animados convivas \u2013 todos de terno. O ent\u00e3o secret\u00e1rio estadual de fazenda e ex-ministro de Dilma, Joaquim Levy, tamb\u00e9m posou para a c\u00e2mera assim como o ent\u00e3o secret\u00e1rio de urbanismo do prefeito Eduardo Paes e Aloysio Neves Guedes, conselheiro do Tribunal de Contas do Estado (TCE) do Rio<\/em><\/p>\n<p><em>Quem quiser conferir<\/em><\/p>\n<p><a href=\"http:\/\/www.blogdogarotinho.com.br\/lartigo.aspx?id=10757\">http:\/\/www.blogdogarotinho.com.br\/lartigo.aspx?id=10757<\/a><\/p>\n<p><a href=\"http:\/\/www.blogdogarotinho.com.br\/lartigo.aspx?id=10740\">http:\/\/www.blogdogarotinho.com.br\/lartigo.aspx?id=10740<\/a><\/p>\n","protected":false},"excerpt":{"rendered":"<p>Para Garotinho, dela\u00e7\u00e3o de Cabral ser\u00e1 o quinto dos infernos e vai empestear o Rio Houve um tempo em que o Rio de Janeiro, merc\u00ea &#8230;<\/p>\n","protected":false},"author":1,"featured_media":14580,"comment_status":"open","ping_status":"open","sticky":false,"template":"","format":"standard","meta":{"footnotes":""},"categories":[1],"tags":[],"class_list":["post-14573","post","type-post","status-publish","format-standard","has-post-thumbnail","hentry","category-nacional"],"_links":{"self":[{"href":"https:\/\/www.jornalcontato.com.br\/home\/index.php\/wp-json\/wp\/v2\/posts\/14573","targetHints":{"allow":["GET"]}}],"collection":[{"href":"https:\/\/www.jornalcontato.com.br\/home\/index.php\/wp-json\/wp\/v2\/posts"}],"about":[{"href":"https:\/\/www.jornalcontato.com.br\/home\/index.php\/wp-json\/wp\/v2\/types\/post"}],"author":[{"embeddable":true,"href":"https:\/\/www.jornalcontato.com.br\/home\/index.php\/wp-json\/wp\/v2\/users\/1"}],"replies":[{"embeddable":true,"href":"https:\/\/www.jornalcontato.com.br\/home\/index.php\/wp-json\/wp\/v2\/comments?post=14573"}],"version-history":[{"count":1,"href":"https:\/\/www.jornalcontato.com.br\/home\/index.php\/wp-json\/wp\/v2\/posts\/14573\/revisions"}],"predecessor-version":[{"id":14579,"href":"https:\/\/www.jornalcontato.com.br\/home\/index.php\/wp-json\/wp\/v2\/posts\/14573\/revisions\/14579"}],"wp:featuredmedia":[{"embeddable":true,"href":"https:\/\/www.jornalcontato.com.br\/home\/index.php\/wp-json\/wp\/v2\/media\/14580"}],"wp:attachment":[{"href":"https:\/\/www.jornalcontato.com.br\/home\/index.php\/wp-json\/wp\/v2\/media?parent=14573"}],"wp:term":[{"taxonomy":"category","embeddable":true,"href":"https:\/\/www.jornalcontato.com.br\/home\/index.php\/wp-json\/wp\/v2\/categories?post=14573"},{"taxonomy":"post_tag","embeddable":true,"href":"https:\/\/www.jornalcontato.com.br\/home\/index.php\/wp-json\/wp\/v2\/tags?post=14573"}],"curies":[{"name":"wp","href":"https:\/\/api.w.org\/{rel}","templated":true}]}}