{"id":14473,"date":"2017-03-19T11:47:25","date_gmt":"2017-03-19T14:47:25","guid":{"rendered":"http:\/\/www.jornalcontato.com.br\/home\/?p=14473"},"modified":"2017-03-19T11:47:25","modified_gmt":"2017-03-19T14:47:25","slug":"coluna-do-aquiles-uma-vida-dedicada-a-musica","status":"publish","type":"post","link":"https:\/\/www.jornalcontato.com.br\/home\/index.php\/coluna-do-aquiles-uma-vida-dedicada-a-musica\/","title":{"rendered":"COLUNA DO AQUILES: Uma vida dedicada \u00e0 m\u00fasica"},"content":{"rendered":"<p>&nbsp;<\/p>\n<p><span style=\"font-weight: 400;\">Ao completar setenta anos de vida e sessenta anos de m\u00fasica, o pianista, compositor, arranjador, produtor e maestro Gilson Peranzzetta comemora com um CD ao vivo, cujo registro se deu num concerto realizado na Sala Cec\u00edlia Meireles, no Rio de Janeiro, em abril de 2016.<\/span><!--more--><\/p>\n<p><span style=\"font-weight: 400;\">Em <\/span><i><span style=\"font-weight: 400;\">Gilson Peranzzetta \u2013 como vinho \u2013 70 anos<\/span><\/i><span style=\"font-weight: 400;\"> (Fina Flor) ele conta com Jo\u00e3o Cortez (bateria) e Zeca Assump\u00e7\u00e3o (baixo ac\u00fastico). Com eles Gilson caminha com expl\u00edcita madureza por dez de suas composi\u00e7\u00f5es (sete s\u00f3 dele), al\u00e9m de arranjos para o \u201cPrel\u00fadio n\u00ba 4 das Bachianas Brasileiras\u201d (Heitor Villa-Lobos) e \u201cAs Rosas N\u00e3o Falam (Cartola).<\/span><\/p>\n<p><span style=\"font-weight: 400;\">Gilson convidou mais gente talentosa para com elas amplificar o clima da festa musical: os cantores Jo\u00e3o Senise, Val\u00e9ria Lob\u00e3o e Leny Andrade, os instrumentistas do Quarteto Radam\u00e9s Gnattali e o saxofonista Mauro Senise.<\/span><\/p>\n<p><span style=\"font-weight: 400;\">Vamos ao som: Nas primeiras faixas, Gilson tem a seu lado apenas Zeca Assump\u00e7\u00e3o e Jo\u00e3o Cortes. Sem agonia, mesmo quando o suingue ati\u00e7a, o piano de Peranzzetta exp\u00f5e a naturalidade e a beleza de sua obra.<\/span><\/p>\n<p><span style=\"font-weight: 400;\">\u201cPaisagem Brasileira\u201d tem um inesperado solo de Jo\u00e3o Cortez como introdu\u00e7\u00e3o; num <\/span><i><span style=\"font-weight: 400;\">intermezzo<\/span><\/i><span style=\"font-weight: 400;\"> denso, o contrabaixo de Assump\u00e7\u00e3o reitera sua for\u00e7a; o piano comove pela leveza com que Peranzzeta o conduz \u2013 harmonia e melodia se mostrando por inteiro. Em mais de oito minutos de interpreta\u00e7\u00e3o, a brasilidade se faz perceber. Viva!<\/span><\/p>\n<p><span style=\"font-weight: 400;\">No \u201cPrel\u00fadio das Bachianas Brasileiras n\u00ba 4\u201d, de Heitor Villa-Lobos, a flauta de Mauro Senise se junta a piano, bateria e baixo. Docemente os tr\u00eas iniciam a obra prima. A flauta pede passagem para seu som acolhedor. Apurada que s\u00f3 ela, sola a melodia. Villa-Lobos sente a presen\u00e7a do piano que chega e, feliz, provavelmente \u2013 sim, \u201cprovavelmente\u201d, porque eu n\u00e3o estou l\u00e1 para ver \u2013 acende outro charuto.<\/span><\/p>\n<p><span style=\"font-weight: 400;\">A cantora Val\u00e9ria Lob\u00e3o se junta ao Quarteto Radam\u00e9s Gnattali para interpretar \u201cViv\u00eancia\u201d (GP, Dori Caymmi e Paulinho Pinheiro). Ap\u00f3s uma introdu\u00e7\u00e3o com as cordas do quarteto, piano e baixo v\u00eam e a elas se unem. Junto com a bateria, que assume o ritmo, ouve-se a voz privilegiada de Val\u00e9ria. <\/span><\/p>\n<p><span style=\"font-weight: 400;\">Leny Andrade canta visceralmente \u201cAs Rosas N\u00e3o Falam\u201d e Jo\u00e3o Senise, um bom cantor, canta \u201dSorriso de Luz\u201d (GP e Nelson Wellington). Belos Momentos.<\/span><\/p>\n<p><span style=\"font-weight: 400;\">Concluindo: nunca um dito popular traduziu tanta verdade quanto o \u201ccomo vinho\u201d postado no t\u00edtulo do \u00e1lbum. Sendo Peranzzetta um vinho, conferimos que o cuidado com a terra come\u00e7ou aos dez anos, num duo de acordeons com seu irm\u00e3o; o plantio iniciou aos 12, ao principiar o estudo de piano; as floradas surgiram em duzentas composi\u00e7\u00f5es; a colheita veio com o elogio do maestro Quincy Jones, que o apontou como um dos maiores arranjadores do planeta; a matura\u00e7\u00e3o vem com os v\u00e1rios pr\u00eamios conquistados; e precedido de aroma, cor e olfato, o vinho de honra \u00e9 (com)provado pelos fervorosos aplausos ao final de cada m\u00fasica e quando de sua entrada no palco da Sala Cec\u00edlia Meireles para gravar o disco <\/span><i><span style=\"font-weight: 400;\">Gilson Peranzzetta \u2013 como vinho \u2013 70 anos<\/span><\/i><span style=\"font-weight: 400;\">.<\/span><\/p>\n<p>&nbsp;<\/p>\n<p><b>Aquiles Rique Reis<\/b><span style=\"font-weight: 400;\">, vocalista do MPB4<\/span><\/p>\n","protected":false},"excerpt":{"rendered":"<p>&nbsp; Ao completar setenta anos de vida e sessenta anos de m\u00fasica, o pianista, compositor, arranjador, produtor e maestro Gilson Peranzzetta comemora com um CD &#8230;<\/p>\n","protected":false},"author":1,"featured_media":14474,"comment_status":"open","ping_status":"open","sticky":false,"template":"","format":"standard","meta":{"footnotes":""},"categories":[32,31],"tags":[],"class_list":["post-14473","post","type-post","status-publish","format-standard","has-post-thumbnail","hentry","category-coluna-do-aquiles","category-colunas"],"_links":{"self":[{"href":"https:\/\/www.jornalcontato.com.br\/home\/index.php\/wp-json\/wp\/v2\/posts\/14473","targetHints":{"allow":["GET"]}}],"collection":[{"href":"https:\/\/www.jornalcontato.com.br\/home\/index.php\/wp-json\/wp\/v2\/posts"}],"about":[{"href":"https:\/\/www.jornalcontato.com.br\/home\/index.php\/wp-json\/wp\/v2\/types\/post"}],"author":[{"embeddable":true,"href":"https:\/\/www.jornalcontato.com.br\/home\/index.php\/wp-json\/wp\/v2\/users\/1"}],"replies":[{"embeddable":true,"href":"https:\/\/www.jornalcontato.com.br\/home\/index.php\/wp-json\/wp\/v2\/comments?post=14473"}],"version-history":[{"count":1,"href":"https:\/\/www.jornalcontato.com.br\/home\/index.php\/wp-json\/wp\/v2\/posts\/14473\/revisions"}],"predecessor-version":[{"id":14475,"href":"https:\/\/www.jornalcontato.com.br\/home\/index.php\/wp-json\/wp\/v2\/posts\/14473\/revisions\/14475"}],"wp:featuredmedia":[{"embeddable":true,"href":"https:\/\/www.jornalcontato.com.br\/home\/index.php\/wp-json\/wp\/v2\/media\/14474"}],"wp:attachment":[{"href":"https:\/\/www.jornalcontato.com.br\/home\/index.php\/wp-json\/wp\/v2\/media?parent=14473"}],"wp:term":[{"taxonomy":"category","embeddable":true,"href":"https:\/\/www.jornalcontato.com.br\/home\/index.php\/wp-json\/wp\/v2\/categories?post=14473"},{"taxonomy":"post_tag","embeddable":true,"href":"https:\/\/www.jornalcontato.com.br\/home\/index.php\/wp-json\/wp\/v2\/tags?post=14473"}],"curies":[{"name":"wp","href":"https:\/\/api.w.org\/{rel}","templated":true}]}}