{"id":14454,"date":"2017-03-15T17:53:26","date_gmt":"2017-03-15T20:53:26","guid":{"rendered":"http:\/\/www.jornalcontato.com.br\/home\/?p=14454"},"modified":"2017-03-16T15:09:49","modified_gmt":"2017-03-16T18:09:49","slug":"protestos-contra-a-reforma-da-previdencia-em-taubate","status":"publish","type":"post","link":"https:\/\/www.jornalcontato.com.br\/home\/index.php\/protestos-contra-a-reforma-da-previdencia-em-taubate\/","title":{"rendered":"Protestos contra a reforma da previd\u00eancia em Taubat\u00e9"},"content":{"rendered":"<p style=\"text-align: center;\"><em><strong>Al\u00e9m de uma curta paralisa\u00e7\u00e3o na manh\u00e3 desta quarta-feira, funcion\u00e1rios dos correios e professores aderiram \u00e0 Greve Geral.<\/strong><\/em><!--more--><\/p>\n<p>&nbsp;<\/p>\n<p>Nesta quarta-feira, 15, foi marcada por protestos contra a reforma da previd\u00eancia em 19 capitais. Em S\u00e3o Paulo, um ato contra as mudan\u00e7as contou com a participa\u00e7\u00e3o, principalmente, de professores da rede estadual. A manifesta\u00e7\u00e3o foi organizada por sindicatos e pela sociedade civil e, de acordo com os organizadores, reuniu cerca de 90 mil pessoas. O metr\u00f4, os \u00f4nibus e funcion\u00e1rios dos Correios tamb\u00e9m participaram das paralisa\u00e7\u00f5es. Em Taubat\u00e9, apesar de ser em menor escala se comparado com a capital, tamb\u00e9m houve alguns protestos.<\/p>\n<p>De acordo com a Pol\u00edcia Rodovi\u00e1ria Federal, na terra de Lobato sindicalistas fecharam a pista da via Dutra no sentido S\u00e3o Paulo. O protesto durou cerca de meia hora. Os manifestantes portavam cartazes contra a reforma.<\/p>\n<p><strong>Correios<\/strong><\/p>\n<p>Funcion\u00e1rios dos Correios da regi\u00e3o tamb\u00e9m participaram da paralisa\u00e7\u00e3o prevista para durar 24 horas. Al\u00e9m de serem contra as mudan\u00e7as da previd\u00eancia, eles s\u00e3o contra quest\u00f5es espec\u00edficas da categoria como, por exemplo, o plano de reestrutura\u00e7\u00e3o da empresa e o aumento na contribui\u00e7\u00e3o do plano de sa\u00fade.<\/p>\n<p>O\u00a0Sindicato dos Trabalhadores da Empresa Brasileira de Correios Tel\u00e9grafos e Similares (Sintect) informou que a greve tem ades\u00e3o parcial que varia conforme a ag\u00eancia.<\/p>\n<p><strong>Professores<\/strong><\/p>\n<p>Os professores da rede estadual na regi\u00e3o tamb\u00e9m aderiram \u00e0 greve. O Sindicato dos Professores do Estado de S\u00e3o Paulo &#8211; Apeoesp, informou que cerca de 15 cidades da regi\u00e3o participaram do protesto contra a reforma e cerca de 70 escolas cancelaram as aulas devido a paralisa\u00e7\u00e3o.<\/p>\n<p>A ades\u00e3o tamb\u00e9m foi parcial. Em Taubat\u00e9, 8 escolas n\u00e3o tiveram atividades nesta quarta-feira. Cerca de 55% dos professores da regi\u00e3o de Taubat\u00e9, que abrange Trememb\u00e9, S\u00e3o Luiz do Paraitinga, Reden\u00e7\u00e3o da Serra e Natividade da Serra, participaram dos protestos.<\/p>\n","protected":false},"excerpt":{"rendered":"<p>Al\u00e9m de uma curta paralisa\u00e7\u00e3o na manh\u00e3 desta quarta-feira, funcion\u00e1rios dos correios e professores aderiram \u00e0 Greve Geral.<\/p>\n","protected":false},"author":1,"featured_media":14456,"comment_status":"open","ping_status":"open","sticky":false,"template":"","format":"standard","meta":{"footnotes":""},"categories":[1,29,7],"tags":[],"class_list":["post-14454","post","type-post","status-publish","format-standard","has-post-thumbnail","hentry","category-nacional","category-regional","category-reportagem"],"_links":{"self":[{"href":"https:\/\/www.jornalcontato.com.br\/home\/index.php\/wp-json\/wp\/v2\/posts\/14454","targetHints":{"allow":["GET"]}}],"collection":[{"href":"https:\/\/www.jornalcontato.com.br\/home\/index.php\/wp-json\/wp\/v2\/posts"}],"about":[{"href":"https:\/\/www.jornalcontato.com.br\/home\/index.php\/wp-json\/wp\/v2\/types\/post"}],"author":[{"embeddable":true,"href":"https:\/\/www.jornalcontato.com.br\/home\/index.php\/wp-json\/wp\/v2\/users\/1"}],"replies":[{"embeddable":true,"href":"https:\/\/www.jornalcontato.com.br\/home\/index.php\/wp-json\/wp\/v2\/comments?post=14454"}],"version-history":[{"count":5,"href":"https:\/\/www.jornalcontato.com.br\/home\/index.php\/wp-json\/wp\/v2\/posts\/14454\/revisions"}],"predecessor-version":[{"id":14460,"href":"https:\/\/www.jornalcontato.com.br\/home\/index.php\/wp-json\/wp\/v2\/posts\/14454\/revisions\/14460"}],"wp:featuredmedia":[{"embeddable":true,"href":"https:\/\/www.jornalcontato.com.br\/home\/index.php\/wp-json\/wp\/v2\/media\/14456"}],"wp:attachment":[{"href":"https:\/\/www.jornalcontato.com.br\/home\/index.php\/wp-json\/wp\/v2\/media?parent=14454"}],"wp:term":[{"taxonomy":"category","embeddable":true,"href":"https:\/\/www.jornalcontato.com.br\/home\/index.php\/wp-json\/wp\/v2\/categories?post=14454"},{"taxonomy":"post_tag","embeddable":true,"href":"https:\/\/www.jornalcontato.com.br\/home\/index.php\/wp-json\/wp\/v2\/tags?post=14454"}],"curies":[{"name":"wp","href":"https:\/\/api.w.org\/{rel}","templated":true}]}}