{"id":14395,"date":"2017-03-01T18:13:21","date_gmt":"2017-03-01T21:13:21","guid":{"rendered":"http:\/\/www.jornalcontato.com.br\/home\/?p=14395"},"modified":"2017-03-01T18:13:21","modified_gmt":"2017-03-01T21:13:21","slug":"tce-julga-irregular-contrato-publicitario-da-camara-municipal","status":"publish","type":"post","link":"https:\/\/www.jornalcontato.com.br\/home\/index.php\/tce-julga-irregular-contrato-publicitario-da-camara-municipal\/","title":{"rendered":"TCE julga irregular contrato publicit\u00e1rio da C\u00e2mara Municipal"},"content":{"rendered":"<p style=\"text-align: center;\"><em><strong>O processo licitat\u00f3rio aconteceu em 2010 quando Henrique Nunes era presidente da C\u00e2mara; Legislativo ter\u00e1 que abrir uma sindic\u00e2ncia para apurar falhas.<\/strong><\/em><!--more--><\/p>\n<p>O contrato firmado entre a C\u00e2mara de Taubat\u00e9 e a ag\u00eancia Regional Propaganda e Marketing foi julgado irregular pelo TCE, Tribunal de Contas do Estado. No valor de R$550 mil, a empresa seria respons\u00e1vel pelas propagandas oficiais da Casa de Leis.<\/p>\n<p>O contrato foi firmado em 2011, por\u00e9m o processo licitat\u00f3rio foi aberto em 2010, o Legislativo era presidido por Henrique Nunes, ent\u00e3o filiado ao PV. O contrato foi encerrado no ano seguinte quando Jeferson Campos (PV) assumiu a presid\u00eancia. Os dois n\u00e3o fazem parte da atual Legislatura.<\/p>\n<p>O Tribunal apontou diversas falhas no contrato e no processo de escolha da empresa campe\u00e3. Entre as irregularidades, est\u00e1 a falta de comprova\u00e7\u00e3o de uma pesquisa de mercado para an\u00e1lise de pre\u00e7os para saber se o valor cobrado \u00e9 compat\u00edvel com o mercado. Outras falhas foram apontadas no edital.<\/p>\n<p>De acordo com o TCE, no edital n\u00e3o estavam apontados os crit\u00e9rios t\u00e9cnicos que seriam utilizados como base para escolha das propostas. Al\u00e9m disso, o documento apresentava \u201cexig\u00eancias gen\u00e9ricas\u201d e que, segundo o \u00f3rg\u00e3o, podem ter afastado outras empresas de concorrer ao certame.<\/p>\n<p>Durante o julgamento que aconteceu na semana passada, o procurador jur\u00eddico da C\u00e2mara negou todas as irregularidades.<\/p>\n<p>O TCE determinou que a Casa de Leis abra uma sindic\u00e2ncia para apurar a responsabilidade sobre as irregularidades.<\/p>\n<p>A C\u00e2mara ainda pode recorrer.<\/p>\n","protected":false},"excerpt":{"rendered":"<p>O processo licitat\u00f3rio aconteceu em 2010 quando Henrique Nunes era presidente da C\u00e2mara; Legislativo ter\u00e1 que abrir uma sindic\u00e2ncia para apurar falhas.<\/p>\n","protected":false},"author":1,"featured_media":14265,"comment_status":"open","ping_status":"open","sticky":false,"template":"","format":"standard","meta":{"footnotes":""},"categories":[29,7],"tags":[],"class_list":["post-14395","post","type-post","status-publish","format-standard","has-post-thumbnail","hentry","category-regional","category-reportagem"],"_links":{"self":[{"href":"https:\/\/www.jornalcontato.com.br\/home\/index.php\/wp-json\/wp\/v2\/posts\/14395","targetHints":{"allow":["GET"]}}],"collection":[{"href":"https:\/\/www.jornalcontato.com.br\/home\/index.php\/wp-json\/wp\/v2\/posts"}],"about":[{"href":"https:\/\/www.jornalcontato.com.br\/home\/index.php\/wp-json\/wp\/v2\/types\/post"}],"author":[{"embeddable":true,"href":"https:\/\/www.jornalcontato.com.br\/home\/index.php\/wp-json\/wp\/v2\/users\/1"}],"replies":[{"embeddable":true,"href":"https:\/\/www.jornalcontato.com.br\/home\/index.php\/wp-json\/wp\/v2\/comments?post=14395"}],"version-history":[{"count":1,"href":"https:\/\/www.jornalcontato.com.br\/home\/index.php\/wp-json\/wp\/v2\/posts\/14395\/revisions"}],"predecessor-version":[{"id":14396,"href":"https:\/\/www.jornalcontato.com.br\/home\/index.php\/wp-json\/wp\/v2\/posts\/14395\/revisions\/14396"}],"wp:featuredmedia":[{"embeddable":true,"href":"https:\/\/www.jornalcontato.com.br\/home\/index.php\/wp-json\/wp\/v2\/media\/14265"}],"wp:attachment":[{"href":"https:\/\/www.jornalcontato.com.br\/home\/index.php\/wp-json\/wp\/v2\/media?parent=14395"}],"wp:term":[{"taxonomy":"category","embeddable":true,"href":"https:\/\/www.jornalcontato.com.br\/home\/index.php\/wp-json\/wp\/v2\/categories?post=14395"},{"taxonomy":"post_tag","embeddable":true,"href":"https:\/\/www.jornalcontato.com.br\/home\/index.php\/wp-json\/wp\/v2\/tags?post=14395"}],"curies":[{"name":"wp","href":"https:\/\/api.w.org\/{rel}","templated":true}]}}