{"id":1439,"date":"2011-08-16T16:49:50","date_gmt":"2011-08-16T19:49:50","guid":{"rendered":"http:\/\/jornalcontato.com.br\/home\/?p=1439"},"modified":"2012-08-24T16:50:14","modified_gmt":"2012-08-24T19:50:14","slug":"toma-la-da-ca","status":"publish","type":"post","link":"https:\/\/www.jornalcontato.com.br\/home\/index.php\/toma-la-da-ca\/","title":{"rendered":"Toma l\u00e1, da c\u00e1&#8230;"},"content":{"rendered":"<div>A pol\u00edtica do &#8220;toma l\u00e1, da c\u00e1&#8221; fica evidente nas declara\u00e7\u00f5es do prefeito Roberto Peixoto. Hoje, dia 16, a Prefeitura de Taubat\u00e9 veiculou nas r\u00e1dios locais o\u00a0programa\u00a0\u201cpresta\u00e7\u00e3o de contas\u201d do prefeito. Na fala, Peixoto fez quest\u00e3o de citar os vereadores da base aliada que garantiram a sua absolvi\u00e7\u00e3o na Comiss\u00e3o Processante.<\/div>\n<div>Segundo Peixoto, a Prefeitura de Taubat\u00e9 finaliza as obras na Rua Joaquim Ferreira, um pedido do vereador Rodson Lima (PP). Ainda de acordo com o prefeito, a municipalidade tamb\u00e9m ampliou o n\u00famero de academias ao ar livre nos bairros do Chafariz, S\u00e3o Gon\u00e7alo e no Horto, que s\u00e3o pedidos dos vereadores Luizinho da Farm\u00e1cia (PR), Maria Teresa Paolicchi (PSC) e Henrique Nunes (PV).<\/div>\n","protected":false},"excerpt":{"rendered":"<p>A pol\u00edtica do &#8220;toma l\u00e1, da c\u00e1&#8221; fica evidente nas declara\u00e7\u00f5es do prefeito Roberto Peixoto. Hoje, dia 16, a Prefeitura de Taubat\u00e9 veiculou nas r\u00e1dios &#8230;<\/p>\n","protected":false},"author":1,"featured_media":0,"comment_status":"open","ping_status":"open","sticky":false,"template":"","format":"standard","meta":{"footnotes":""},"categories":[7],"tags":[],"class_list":["post-1439","post","type-post","status-publish","format-standard","hentry","category-reportagem"],"_links":{"self":[{"href":"https:\/\/www.jornalcontato.com.br\/home\/index.php\/wp-json\/wp\/v2\/posts\/1439","targetHints":{"allow":["GET"]}}],"collection":[{"href":"https:\/\/www.jornalcontato.com.br\/home\/index.php\/wp-json\/wp\/v2\/posts"}],"about":[{"href":"https:\/\/www.jornalcontato.com.br\/home\/index.php\/wp-json\/wp\/v2\/types\/post"}],"author":[{"embeddable":true,"href":"https:\/\/www.jornalcontato.com.br\/home\/index.php\/wp-json\/wp\/v2\/users\/1"}],"replies":[{"embeddable":true,"href":"https:\/\/www.jornalcontato.com.br\/home\/index.php\/wp-json\/wp\/v2\/comments?post=1439"}],"version-history":[{"count":1,"href":"https:\/\/www.jornalcontato.com.br\/home\/index.php\/wp-json\/wp\/v2\/posts\/1439\/revisions"}],"predecessor-version":[{"id":1440,"href":"https:\/\/www.jornalcontato.com.br\/home\/index.php\/wp-json\/wp\/v2\/posts\/1439\/revisions\/1440"}],"wp:attachment":[{"href":"https:\/\/www.jornalcontato.com.br\/home\/index.php\/wp-json\/wp\/v2\/media?parent=1439"}],"wp:term":[{"taxonomy":"category","embeddable":true,"href":"https:\/\/www.jornalcontato.com.br\/home\/index.php\/wp-json\/wp\/v2\/categories?post=1439"},{"taxonomy":"post_tag","embeddable":true,"href":"https:\/\/www.jornalcontato.com.br\/home\/index.php\/wp-json\/wp\/v2\/tags?post=1439"}],"curies":[{"name":"wp","href":"https:\/\/api.w.org\/{rel}","templated":true}]}}