{"id":1435,"date":"2011-08-18T16:48:14","date_gmt":"2011-08-18T19:48:14","guid":{"rendered":"http:\/\/jornalcontato.com.br\/home\/?p=1435"},"modified":"2012-08-24T16:48:38","modified_gmt":"2012-08-24T19:48:38","slug":"pps-e-dem-juntos-em-2012","status":"publish","type":"post","link":"https:\/\/www.jornalcontato.com.br\/home\/index.php\/pps-e-dem-juntos-em-2012\/","title":{"rendered":"PPS e DEM juntos em 2012"},"content":{"rendered":"<div><strong>NOTA P\u00daBLICA QUE ACABA DE SER DIVULGADA\u00a0CONJUNTAMENTE ENTRE O PPS E O DEM DE TAUBAT\u00c9<\/strong><\/div>\n<div><\/div>\n<div>A atual crise por que passa Taubat\u00e9 demonstra o esgotamento e a deteriora\u00e7\u00e3o de uma cultura pol\u00edtica e de uma pr\u00e1tica administrativa, assim como as pessoas e lideran\u00e7as que a sustentam, profundamente patrimonialistas, retr\u00f3gradas e obsoletas, que necessitam urgentemente serem superadas e substitu\u00eddas.<\/div>\n<div>Para contribuir para essa supera\u00e7\u00e3o o PPS e o DEM de Taubat\u00e9 declaram sua disposi\u00e7\u00e3o de buscar a constru\u00e7\u00e3o de um caminho comum para as elei\u00e7\u00f5es de 2012, para a Prefeitura e para a C\u00e2mara Municipal, ali\u00e1s, como j\u00e1 o fizeram em 2008, tendo como orienta\u00e7\u00e3o um programa renovador e transformador, com os seguintes eixos e princ\u00edpios:<\/div>\n<div>\u221a\u00a0\u00a0\u00a0\u00a0\u00a0\u00a0 Participa\u00e7\u00e3o efetiva da sociedade na formula\u00e7\u00e3o e na execu\u00e7\u00e3o das pol\u00edticas p\u00fablicas.<\/div>\n<div>\u221a\u00a0\u00a0\u00a0\u00a0\u00a0\u00a0 Total transpar\u00eancia das decis\u00f5es e a\u00e7\u00f5es pol\u00edticas e administrativas.<\/div>\n<div>\u221a\u00a0\u00a0\u00a0\u00a0\u00a0\u00a0 Profissionaliza\u00e7\u00e3o da m\u00e1quina administrativa, estabelecendo metas de gest\u00e3o e crit\u00e9rios objetivos de avalia\u00e7\u00e3o de obras e servi\u00e7os.<\/div>\n<div>\u221a\u00a0\u00a0\u00a0\u00a0\u00a0\u00a0 Projetos elaborados estritamente dentro das normas t\u00e9cnicas e amplamente divulgados para acompanhamento e cobran\u00e7a pela sociedade.<\/div>\n<div>\u221a\u00a0\u00a0\u00a0\u00a0\u00a0\u00a0 Redu\u00e7\u00e3o dr\u00e1stica dos cargos de livre nomea\u00e7\u00e3o por indica\u00e7\u00e3o pol\u00edtica.<\/div>\n<div>\u221a\u00a0\u00a0\u00a0\u00a0\u00a0\u00a0 Austeridade financeira e controle permanente dos gastos p\u00fablicos com puni\u00e7\u00e3o imediata dos agentes ineficazes, desonestos e\/ou prevaricadores.<\/div>\n<div>\u221a\u00a0\u00a0\u00a0\u00a0\u00a0\u00a0 Prioridade de trabalho e investimento na Educa\u00e7\u00e3o e na Sa\u00fade.<\/div>\n<div>Para tanto se colocam abertos \u00e0 participa\u00e7\u00e3o e requerem a colabora\u00e7\u00e3o ativa de outras lideran\u00e7as sociais, comunit\u00e1rias e empresariais que compartilhem tamb\u00e9m esses princ\u00edpios e procurem constituir uma alternativa vi\u00e1vel e confi\u00e1vel para a pol\u00edtica e administra\u00e7\u00e3o municipal, para o Poder Executivo e para o Poder Legislativo.<\/div>\n<div>Para tornar essas afirma\u00e7\u00f5es em a\u00e7\u00f5es concretas, estamos estudando a prepara\u00e7\u00e3o para breve de um semin\u00e1rio, amplo e aberto, para elabora\u00e7\u00e3o de uma Carta de Princ\u00edpios e de Diretrizes para um Programa de Governo para Taubat\u00e9.<\/div>\n","protected":false},"excerpt":{"rendered":"<p>NOTA P\u00daBLICA QUE ACABA DE SER DIVULGADA\u00a0CONJUNTAMENTE ENTRE O PPS E O DEM DE TAUBAT\u00c9 A atual crise por que passa Taubat\u00e9 demonstra o esgotamento &#8230;<\/p>\n","protected":false},"author":1,"featured_media":0,"comment_status":"open","ping_status":"open","sticky":false,"template":"","format":"standard","meta":{"footnotes":""},"categories":[7],"tags":[],"class_list":["post-1435","post","type-post","status-publish","format-standard","hentry","category-reportagem"],"_links":{"self":[{"href":"https:\/\/www.jornalcontato.com.br\/home\/index.php\/wp-json\/wp\/v2\/posts\/1435","targetHints":{"allow":["GET"]}}],"collection":[{"href":"https:\/\/www.jornalcontato.com.br\/home\/index.php\/wp-json\/wp\/v2\/posts"}],"about":[{"href":"https:\/\/www.jornalcontato.com.br\/home\/index.php\/wp-json\/wp\/v2\/types\/post"}],"author":[{"embeddable":true,"href":"https:\/\/www.jornalcontato.com.br\/home\/index.php\/wp-json\/wp\/v2\/users\/1"}],"replies":[{"embeddable":true,"href":"https:\/\/www.jornalcontato.com.br\/home\/index.php\/wp-json\/wp\/v2\/comments?post=1435"}],"version-history":[{"count":1,"href":"https:\/\/www.jornalcontato.com.br\/home\/index.php\/wp-json\/wp\/v2\/posts\/1435\/revisions"}],"predecessor-version":[{"id":1436,"href":"https:\/\/www.jornalcontato.com.br\/home\/index.php\/wp-json\/wp\/v2\/posts\/1435\/revisions\/1436"}],"wp:attachment":[{"href":"https:\/\/www.jornalcontato.com.br\/home\/index.php\/wp-json\/wp\/v2\/media?parent=1435"}],"wp:term":[{"taxonomy":"category","embeddable":true,"href":"https:\/\/www.jornalcontato.com.br\/home\/index.php\/wp-json\/wp\/v2\/categories?post=1435"},{"taxonomy":"post_tag","embeddable":true,"href":"https:\/\/www.jornalcontato.com.br\/home\/index.php\/wp-json\/wp\/v2\/tags?post=1435"}],"curies":[{"name":"wp","href":"https:\/\/api.w.org\/{rel}","templated":true}]}}