{"id":14325,"date":"2017-02-19T16:32:50","date_gmt":"2017-02-19T19:32:50","guid":{"rendered":"http:\/\/www.jornalcontato.com.br\/home\/?p=14325"},"modified":"2017-02-19T16:32:50","modified_gmt":"2017-02-19T19:32:50","slug":"coluna-do-sebe-carnaval-e-sacanagem-politica","status":"publish","type":"post","link":"https:\/\/www.jornalcontato.com.br\/home\/index.php\/coluna-do-sebe-carnaval-e-sacanagem-politica\/","title":{"rendered":"Coluna do Sebe: CARNAVAL E SACANAGEM POL\u00cdTICA&#8230;"},"content":{"rendered":"<p style=\"text-align: right;\"><b><\/b><b><i>Jos\u00e9 Carlos Sebe Bom Meihy<\/i><\/b><\/p>\n<p style=\"text-align: right;\"><a href=\"mailto:jacarlosbm@hotmail.com\"><span style=\"font-weight: 400;\">jacarlosbm@hotmail.com<\/span><\/a><!--more--><\/p>\n<p>&nbsp;<\/p>\n<p><span style=\"font-weight: 400;\">Ainda que muita gente reclame do Carnaval e que se diga que as manifesta\u00e7\u00f5es se repetem a exaust\u00e3o, que a falta de originalidade demanda rotina; ainda que se anuncie a morte do festejo e que se ergam vozes saudosistas dos \u201cvelhos carnavais\u201d; ainda assim, o reinado de Momo est\u00e1 a\u00ed e se mostra firme e forte, crescendo em n\u00fameros de blocos e assustando detratores. Por certo, a din\u00e2mica da festa negocia valores mutantes. Sim o carnaval evolui em termos de adapta\u00e7\u00f5es gerais. A eletr\u00f4nica, por exemplo, afetou diretamente a qualidade do som e da ilumina\u00e7\u00e3o favorecendo o espet\u00e1culo. Na mesma linha, tecidos, enfeites e adere\u00e7os s\u00e3o beneficiados pelos avan\u00e7os na produ\u00e7\u00e3o de complementos que tornam a folia mais eficaz. Tais modifica\u00e7\u00f5es, contudo, n\u00e3o interferem na ess\u00eancia da festa. Em contraste com esses toques modernizadores, persistem outros muito mais resistentes e que se reafirmam ano ap\u00f3s ano. Note-se que o Carnaval de rua \u00e9 muito mais male\u00e1vel e aberto \u00e0s mudan\u00e7as e, assim, se mostra tamb\u00e9m mais resistente no que \u00e9 essencial. Ainda que nas manifesta\u00e7\u00f5es fechadas, em sal\u00f5es ou clubes, sempre mais controlados e sujeitos \u00e0s regras, isso tamb\u00e9m ocorra, \u00e9 no espa\u00e7o popular que se notam as combina\u00e7\u00f5es. <\/span><\/p>\n<p><span style=\"font-weight: 400;\">Entre os elementos fixos, n\u00e3o negoci\u00e1veis, da estrutura carnavalesca, sem d\u00favidas, a picardia se apresenta como fator not\u00e1vel. Sim, n\u00e3o se pode falar de carnaval sem mal\u00edcia ou goza\u00e7\u00e3o. Desde os nomes dos blocos a irrever\u00eancia se faz notar como por exemplo: <\/span><b><i>Perereca sem dono<\/i><\/b><i><span style=\"font-weight: 400;\">;<\/span><\/i><b><i> Sovaco de Cristo<\/i><\/b><i><span style=\"font-weight: 400;\">;<\/span><\/i><b><i> Balan\u00e7a meu Catete<\/i><\/b><i><span style=\"font-weight: 400;\">;<\/span><\/i><b><i> Rola pregui\u00e7osa<\/i><\/b><i><span style=\"font-weight: 400;\">;<\/span><\/i><b><i> Pinto Sarado<\/i><\/b><i><span style=\"font-weight: 400;\">;<\/span><\/i><b><i> Bigode esticado<\/i><\/b><i><span style=\"font-weight: 400;\">;<\/span><\/i><b><i> \u00c9 pequeno, mas n\u00e3o amolece<\/i><\/b><i><span style=\"font-weight: 400;\">;<\/span><\/i><b><i> Se deixar eu boto<\/i><\/b><i><span style=\"font-weight: 400;\">;<\/span><\/i><b><i> V\u00e1 tomar no Graja\u00fa<\/i><\/b><span style=\"font-weight: 400;\">&#8230;, para citar alguns do mais de 500 s\u00f3 do Rio de Janeiro. Por certo a sexualiza\u00e7\u00e3o discursiva \u00e9 dos artif\u00edcios mais usados, mas n\u00e3o \u00e9 a \u00fanica. Longe disso. <\/span><\/p>\n<p><span style=\"font-weight: 400;\">Exatamente pelas \u2018licen\u00e7as\u2019, o Carnaval \u00e9 t\u00e3o engra\u00e7ado e picante. Os defensores do \u2018politicamente correto\u2019 vivem \u00e0s voltas com \u2018corre\u00e7\u00f5es\u2019 e at\u00e9 broncas dirigidas \u00e0s apologias das transgress\u00f5es. Um dos casos mais expostos nessa linha de ataque s\u00e3o as figuras p\u00fablicas. Este ano, o card\u00e1pio de achaques est\u00e1 bem farto e dentre tantas musiquinhas que passam pelo repert\u00f3rio cr\u00edtico, uma tem chamado mais a aten\u00e7\u00e3o que outras. O bloco carioca \u2018<\/span><b><i>Ocupa o carnaval<\/i><\/b><span style=\"font-weight: 400;\">\u2019, por exemplo, se vale da marchinha \u201cBandeira branca\u201d para mandar seu recado \u201c<\/span><i><span style=\"font-weight: 400;\">Bandeira branca, amor\/ que o mundo c\u00e3o\/ Tem Trump, Temer\/ Tem Crivella e tem Pez\u00e3o\/ Renan Calheiros senador\/ Rodrigo MaLa igual ao pai? Nesse terror\/ Aposentaram Satan\u00e1s\/ Aposentaram<\/span><\/i><span style=\"font-weight: 400;\">\u201d. <\/span><\/p>\n<p><span style=\"font-weight: 400;\">A alegria do carnaval e a licen\u00e7a que liberta m\u00e1goas e desabafos \u00e9 moment\u00e2nea e at\u00e9 fugaz, mas isto n\u00e3o significa que \u00e9 menos relevante. Pelo contr\u00e1rio, no circuito c\u00edclico do calend\u00e1rio, a repeti\u00e7\u00e3o permite a idea\u00e7\u00e3o de uma mem\u00f3ria coletiva que se reabastece na sincronia da festa. Falar de mem\u00f3ria coletiva implica muita coisa, e, no caso, vale como alerta para o comportamento pol\u00edtico. <\/span><\/p>\n<p><span style=\"font-weight: 400;\">Sinceramente, vendo com a arg\u00facia que me \u00e9 poss\u00edvel, vislumbro uma certa tomada de posi\u00e7\u00e3o de quantos se esfor\u00e7aram por mudan\u00e7as pol\u00edticas que agora s\u00e3o vistas de outra forma. Pois \u00e9, no agito do festejo a men\u00e7\u00e3o \u00e0 paz emblemada na Bandeira Branca significa sim um clamor de tr\u00e9gua, mas n\u00e3o perdoa os algozes da corrup\u00e7\u00e3o que continua por a\u00ed. E haja Trump, Temer, Crivella e Pez\u00e3o. <\/span><\/p>\n<p><span style=\"font-weight: 400;\">H\u00e1 mais um fator a ser considerado: o nome do bloco \u201c<\/span><b><i>Ocupa carnaval<\/i><\/b><span style=\"font-weight: 400;\">\u201d. Bem sugestivo, o t\u00edtulo do grupo replica na rua em festa a atitude pol\u00edtica da pr\u00e1tica das ocupa\u00e7\u00f5es (de escolas, pr\u00e9dios p\u00fablicos, entidades representantes do poder). Pensando nessas coisas todas, vale reafirmar a vivacidade carnavalesca e desejar a todos um bom per\u00edodo de festas&#8230; e de cr\u00edticas ao quadro pol\u00edtico que \u00e9 mesmo uma piada.<\/span><\/p>\n","protected":false},"excerpt":{"rendered":"<p>Jos\u00e9 Carlos Sebe Bom Meihy jacarlosbm@hotmail.com<\/p>\n","protected":false},"author":1,"featured_media":14261,"comment_status":"open","ping_status":"open","sticky":false,"template":"","format":"standard","meta":{"footnotes":""},"categories":[31,36],"tags":[],"class_list":["post-14325","post","type-post","status-publish","format-standard","has-post-thumbnail","hentry","category-colunas","category-lazer-e-cultura"],"_links":{"self":[{"href":"https:\/\/www.jornalcontato.com.br\/home\/index.php\/wp-json\/wp\/v2\/posts\/14325","targetHints":{"allow":["GET"]}}],"collection":[{"href":"https:\/\/www.jornalcontato.com.br\/home\/index.php\/wp-json\/wp\/v2\/posts"}],"about":[{"href":"https:\/\/www.jornalcontato.com.br\/home\/index.php\/wp-json\/wp\/v2\/types\/post"}],"author":[{"embeddable":true,"href":"https:\/\/www.jornalcontato.com.br\/home\/index.php\/wp-json\/wp\/v2\/users\/1"}],"replies":[{"embeddable":true,"href":"https:\/\/www.jornalcontato.com.br\/home\/index.php\/wp-json\/wp\/v2\/comments?post=14325"}],"version-history":[{"count":1,"href":"https:\/\/www.jornalcontato.com.br\/home\/index.php\/wp-json\/wp\/v2\/posts\/14325\/revisions"}],"predecessor-version":[{"id":14326,"href":"https:\/\/www.jornalcontato.com.br\/home\/index.php\/wp-json\/wp\/v2\/posts\/14325\/revisions\/14326"}],"wp:featuredmedia":[{"embeddable":true,"href":"https:\/\/www.jornalcontato.com.br\/home\/index.php\/wp-json\/wp\/v2\/media\/14261"}],"wp:attachment":[{"href":"https:\/\/www.jornalcontato.com.br\/home\/index.php\/wp-json\/wp\/v2\/media?parent=14325"}],"wp:term":[{"taxonomy":"category","embeddable":true,"href":"https:\/\/www.jornalcontato.com.br\/home\/index.php\/wp-json\/wp\/v2\/categories?post=14325"},{"taxonomy":"post_tag","embeddable":true,"href":"https:\/\/www.jornalcontato.com.br\/home\/index.php\/wp-json\/wp\/v2\/tags?post=14325"}],"curies":[{"name":"wp","href":"https:\/\/api.w.org\/{rel}","templated":true}]}}