{"id":14321,"date":"2017-02-19T16:30:34","date_gmt":"2017-02-19T19:30:34","guid":{"rendered":"http:\/\/www.jornalcontato.com.br\/home\/?p=14321"},"modified":"2017-02-19T16:30:34","modified_gmt":"2017-02-19T19:30:34","slug":"coluna-do-aquiles-a-troveira-do-encanto","status":"publish","type":"post","link":"https:\/\/www.jornalcontato.com.br\/home\/index.php\/coluna-do-aquiles-a-troveira-do-encanto\/","title":{"rendered":"Coluna do Aquiles: A troveira do encanto"},"content":{"rendered":"<p><span style=\"font-weight: 400;\">Compositora com m\u00fasicas gravadas por cantoras e cantores, Cristina Saraiva lan\u00e7ou <\/span><i><span style=\"font-weight: 400;\">O Viajante<\/span><\/i><span style=\"font-weight: 400;\"> (independente). Com diversos parceiros, dentre eles, Breno Ruiz, Renato Braz, Simone Guimar\u00e3es e Rafael Alt\u00e9rio, cada um com duas parcerias, Cristina comp\u00f4s as treze letras do disco.<\/span><!--more--><\/p>\n<p><span style=\"font-weight: 400;\">Justo agora, quando seu lirismo desponta ainda com mais encanto, e talvez por isso mesmo, Cristina decidiu-se por um voo no escuro. Ela que sempre deu suas can\u00e7\u00f5es para outros cantarem, dessa vez trouxe-as para si e cantou como ningu\u00e9m cantaria \u2013 o canto exala suas verdades. Nunca \u00e9 cedo para assumir compromissos mais s\u00e9rios com a m\u00fasica.<\/span><\/p>\n<p><span style=\"font-weight: 400;\">Com voz fr\u00e1gil, cada s\u00edlaba \u00e9 emitida cautelosamente, cuidando para fazer bonito, o que rola mais nos graves e m\u00e9dios do que nos agudos.<\/span><\/p>\n<p><span style=\"font-weight: 400;\">Foi nesse universo que Mario Manga, produtor, diretor musical e arranjador, t\u00e9cnico de som, de mixagem e de masteriza\u00e7\u00e3o, mergulhou em busca do que mais favoreceria o cantar de Cristina. Sente-se nitidamente o cuidado com que Cristina busca, preferencialmente, palavras com musicalidade pr\u00f3pria.<\/span><\/p>\n<p><span style=\"font-weight: 400;\">O disco t\u00eam como fio da meada o sabor da ro\u00e7a sertaneja e suas cenas corriqueiras. Como, por exemplo, em \u201cO Viajante\u201d, de Renato Braz e CS (Braz que ainda participa cantando bonito como sempre uma das parcerias de CS com Simone Guimar\u00e3es): \u201c(&#8230;) Passo pela fronteira\/ Rumo norte, novo ch\u00e3o\/ Novo c\u00e9u, nova aldeia (&#8230;)\u201d. A eleg\u00e2ncia \u00a0do viol\u00e3o de doze cordas de Webster Santos presta obs\u00e9quios musicais \u00e0s palavras, enquanto viol\u00e3o (Mario Gil), baixo (Cezinha Oliveira), flauta (Daniel Allain) e percuss\u00e3o (Rafael Motta), conduzem a moda de viola.<\/span><\/p>\n<p><span style=\"font-weight: 400;\">Ou em \u201cCantareira 2014\/15\u201d (Simone Guimar\u00e3es e CS), Cristina divide o canto com sua parceira, cuja voz, com vigorosa emo\u00e7\u00e3o, achega-se bem \u00e0 brandura do canto de Cristina. A introdu\u00e7\u00e3o com viol\u00e3o e percuss\u00e3o, antecede o som marcante do viol\u00e3o de doze. Simone canta os primeiros versos: \u201c(&#8230;) \u00c1gua \u00e9 mina, \u00e9 semente\/ Na mata a nascente\/ N\u00e3o pode morrer (&#8230;)\u201d; Cristina, os seguintes: \u201c(&#8230;) Olho meu po\u00e7o caipira\/ Que chora e suspira\/ Deixado pra l\u00e1 (&#8230;)\u201d.<\/span><\/p>\n<p><span style=\"font-weight: 400;\">Ou ainda em a bela \u201cEstrangeiro\u201d (Breno Ruiz e CS), quando o piano de Breno conduz a melodia com intervalos inusuais. Mas Cristina, ao fim e ao cabo, sai-se bem cantando: \u201c(&#8230;) Ca\u00ed na vida\/ Estrangeiro, passageiro\/ Rumo a algum lugar (&#8230;)\u201d.<\/span><\/p>\n<p><span style=\"font-weight: 400;\">\u201cTudo \u00e9 sil\u00eancio\/ Tudo \u00e9 luar\/ A noite \u00e9 fria\/ \u00c9 bela assim\u201d (&#8230;), assim come\u00e7a \u201cPequenos Mist\u00e9rios\u201d (Rafael Alt\u00e9rio e CS). As cordas ponteiam. A viola de dez cordas lampeja num <\/span><i><span style=\"font-weight: 400;\">intermezzo<\/span><\/i><span style=\"font-weight: 400;\">. Cristina canta feliz, certa de que sua miss\u00e3o de cantar deu certo.<\/span><\/p>\n<p><span style=\"font-weight: 400;\">Finalizando, pe\u00e7o licen\u00e7a para transcrever um trecho do que escrevi em 2010, ao comentar o CD <\/span><i><span style=\"font-weight: 400;\">Terra Brasileira<\/span><\/i><span style=\"font-weight: 400;\">, igualmente um belo trabalho, no qual as m\u00fasicas de Cristina s\u00e3o interpretadas pela cantora Manuella Cavalaro: \u201cCristina Saraiva \u00e9 troveira do encanto. Com seus versos, suas opini\u00f5es se tornam l\u00edricas; com suas met\u00e1foras, o real se faz presente e o fantasioso se revela nu e cru\u201d.<\/span><\/p>\n<p><b>Aquiles Rique Reis<\/b><span style=\"font-weight: 400;\">, vocalista do MPB4<\/span><\/p>\n","protected":false},"excerpt":{"rendered":"<p>Compositora com m\u00fasicas gravadas por cantoras e cantores, Cristina Saraiva lan\u00e7ou O Viajante (independente). Com diversos parceiros, dentre eles, Breno Ruiz, Renato Braz, Simone Guimar\u00e3es &#8230;<\/p>\n","protected":false},"author":1,"featured_media":14322,"comment_status":"open","ping_status":"open","sticky":false,"template":"","format":"standard","meta":{"footnotes":""},"categories":[32,31],"tags":[],"class_list":["post-14321","post","type-post","status-publish","format-standard","has-post-thumbnail","hentry","category-coluna-do-aquiles","category-colunas"],"_links":{"self":[{"href":"https:\/\/www.jornalcontato.com.br\/home\/index.php\/wp-json\/wp\/v2\/posts\/14321","targetHints":{"allow":["GET"]}}],"collection":[{"href":"https:\/\/www.jornalcontato.com.br\/home\/index.php\/wp-json\/wp\/v2\/posts"}],"about":[{"href":"https:\/\/www.jornalcontato.com.br\/home\/index.php\/wp-json\/wp\/v2\/types\/post"}],"author":[{"embeddable":true,"href":"https:\/\/www.jornalcontato.com.br\/home\/index.php\/wp-json\/wp\/v2\/users\/1"}],"replies":[{"embeddable":true,"href":"https:\/\/www.jornalcontato.com.br\/home\/index.php\/wp-json\/wp\/v2\/comments?post=14321"}],"version-history":[{"count":1,"href":"https:\/\/www.jornalcontato.com.br\/home\/index.php\/wp-json\/wp\/v2\/posts\/14321\/revisions"}],"predecessor-version":[{"id":14323,"href":"https:\/\/www.jornalcontato.com.br\/home\/index.php\/wp-json\/wp\/v2\/posts\/14321\/revisions\/14323"}],"wp:featuredmedia":[{"embeddable":true,"href":"https:\/\/www.jornalcontato.com.br\/home\/index.php\/wp-json\/wp\/v2\/media\/14322"}],"wp:attachment":[{"href":"https:\/\/www.jornalcontato.com.br\/home\/index.php\/wp-json\/wp\/v2\/media?parent=14321"}],"wp:term":[{"taxonomy":"category","embeddable":true,"href":"https:\/\/www.jornalcontato.com.br\/home\/index.php\/wp-json\/wp\/v2\/categories?post=14321"},{"taxonomy":"post_tag","embeddable":true,"href":"https:\/\/www.jornalcontato.com.br\/home\/index.php\/wp-json\/wp\/v2\/tags?post=14321"}],"curies":[{"name":"wp","href":"https:\/\/api.w.org\/{rel}","templated":true}]}}