{"id":14034,"date":"2016-12-08T16:24:48","date_gmt":"2016-12-08T19:24:48","guid":{"rendered":"http:\/\/www.jornalcontato.com.br\/home\/?p=14034"},"modified":"2016-12-08T16:24:48","modified_gmt":"2016-12-08T19:24:48","slug":"o-rito-de-passagem-de-uma-menina","status":"publish","type":"post","link":"https:\/\/www.jornalcontato.com.br\/home\/index.php\/o-rito-de-passagem-de-uma-menina\/","title":{"rendered":"O rito de passagem de uma menina"},"content":{"rendered":"<p>Apenas um cello d\u00e1 inicio ao rito. Nas m\u00e3os de Federico Puppi, l\u00e1 vai ele semeando caminhos. Eis que chega uma voz quase fr\u00e1gil de t\u00e3o delicada. Eis a cantora, compositora e violonista Barbara Rodrix. Eis \u201cEu Mesmo\u201d (Paulo Novaes), a m\u00fasica que abre a tampa do CD independente de mesmo nome, que tem produ\u00e7\u00e3o musical do compositor e pianista Breno Ruiz.<\/p>\n<p>Afinada que s\u00f3 ela, elegante que s\u00f3 ele, Barbara e Federico s\u00e3o os respons\u00e1veis pela beleza da m\u00fasica, cujos versos iniciais, \u201cTive que esquecer\/ Me desprender\/ chorar ate doer o cora\u00e7\u00e3o\/ Sofrer at\u00e9 gastar a solid\u00e3o (&#8230;)\u201d, findam ao avesso do in\u00edcio: \u201c(&#8230;) E hoje eu t\u00f4 assim\/, feliz, em paz, sem medo\/ Querendo ser assim:\/ mais perto de mim\u201d. Palavras que traduzem a m\u00fasica e a vida de Barbara.<\/p>\n<p>\u201cEu Mesmo\u201d, o CD, \u00e9 a tomada de f\u00f4lego para vistoriar o que ainda d\u00f3i. Um \u00e1lbum que ecoa um grito represado, lan\u00e7ando belezas a torto e a direito. Valendo-se das palavras de Paulo, Barbara toma consci\u00eancia da saudade que ainda lhe fere, e passa a ver a vida do jeito que ela \u00e9.<\/p>\n<p>&nbsp;<\/p>\n<p><a href=\"http:\/\/jornalcontato.com.br\/home\/wp-content\/uploads\/2016\/12\/1200x630bf.jpg\"><img loading=\"lazy\" decoding=\"async\" class=\"aligncenter size-large wp-image-14036\" src=\"http:\/\/jornalcontato.com.br\/home\/wp-content\/uploads\/2016\/12\/1200x630bf-450x450.jpg\" alt=\"1200x630bf\" width=\"450\" height=\"450\" srcset=\"https:\/\/jornalcontato.com.br\/home\/wp-content\/uploads\/2016\/12\/1200x630bf-450x450.jpg 450w, https:\/\/jornalcontato.com.br\/home\/wp-content\/uploads\/2016\/12\/1200x630bf-150x150.jpg 150w, https:\/\/jornalcontato.com.br\/home\/wp-content\/uploads\/2016\/12\/1200x630bf-300x300.jpg 300w, https:\/\/jornalcontato.com.br\/home\/wp-content\/uploads\/2016\/12\/1200x630bf-80x80.jpg 80w, https:\/\/jornalcontato.com.br\/home\/wp-content\/uploads\/2016\/12\/1200x630bf-360x360.jpg 360w, https:\/\/jornalcontato.com.br\/home\/wp-content\/uploads\/2016\/12\/1200x630bf.jpg 629w\" sizes=\"auto, (max-width: 450px) 100vw, 450px\" \/><\/a><\/p>\n<p>&nbsp;<\/p>\n<p>Comovido com tamanha simbiose po\u00e9tico\/musical, vou \u00e0 faixa dois: \u201cVenha\u201d (Barbara Rodrix e Luiza Possi). Nela, sentindo-se liberta, Barbara faz um convite para que a revisitem nesse momento em que se d\u00e1 sua muta\u00e7\u00e3o, seu rito de passagem de menina melanc\u00f3lica para mulher criadora.<\/p>\n<p>Seguindo: Barbara criou a melodia para os versos de Ricardo Soares, na suingada \u201cAinda Assim\u201d. Suas aptid\u00f5es harm\u00f4nica e r\u00edtmica surgem claras, nitidez que se confirma ao longo do CD, para o qual ela criou outras melodias em diversas parcerias.<\/p>\n<p>Como seu pai, Z\u00e9 Rodrix, Barbara n\u00e3o se prende a nenhum dogma e n\u00e3o tem o menor preconceito contra qualquer g\u00eanero musical na hora de compor. Assim, ela escolheu cantar para brilhar em \u201cEu N\u00e3o Sei Falar de Amor\u201d, um blues de Z\u00e9 Rodrix e Felipe, que tem participa\u00e7\u00e3o do clarinete de Proveta.<\/p>\n<p>Na maioria das vezes os arranjos (que Barbara divide com Breno Ruiz) se valem de poucos m\u00fasicos \u2013 o que, al\u00e9m de tornar mais f\u00e1cil a percep\u00e7\u00e3o do som dos instrumentos, permite que Barbara demonstre boas respira\u00e7\u00e3o e dic\u00e7\u00e3o.<\/p>\n<p>&nbsp;<\/p>\n<p style=\"text-align: center;\"><iframe loading=\"lazy\" src=\"https:\/\/www.youtube.com\/embed\/HmeG5RoO9S4\" width=\"560\" height=\"315\" frameborder=\"0\" allowfullscreen=\"allowfullscreen\"><\/iframe><\/p>\n<p>&nbsp;<\/p>\n<p>A delicada can\u00e7\u00e3o \u201cE Foi Voc\u00ea\u201d (Barbara e Luiza Possi) traz a gaita de Tuco Marcondes (que neste arranjo tamb\u00e9m toca guitarra). Barbara, que toca viol\u00e3o de cordas de a\u00e7o, divide o canto com Luiza.<\/p>\n<p>Apenas baixo ac\u00fastico e cello a acompanham em \u201cOlhos Abertos\u201d. Os instrumentos desenham a melodia com notas longas, o que torna ainda mais sombria e linda can\u00e7\u00e3o de Z\u00e9 Rodrix e Guarabira. Novamente, Barbara escolheu uma can\u00e7\u00e3o que parece retrat\u00e1-la, ainda que tenha sido composta antes de ela gravar o \u00e1lbum: \u201c(&#8230;) Eu preciso encontrar as pessoas\/ Ficar de m\u00e3os dadas com elas\/ Conversar com a boca e os olhos do cora\u00e7\u00e3o\u201d.<\/p>\n<p>Eis que Barbara Rodrix veio nos apresentar o tanto de musicalidade que carrega em si&#8230; e eu fico aqui s\u00f3 matutando o quanto Z\u00e9 deve estar orgulhoso de sua filha, meu Deus! Sim! Pois, assim como os dele, o CD da Barbara \u00e9 de rara contemporaneidade.<\/p>\n<p>&nbsp;<\/p>\n<p><strong>Aquiles Rique Reis<\/strong>, vocalista do MPB4<\/p>\n","protected":false},"excerpt":{"rendered":"<p>Apenas um cello d\u00e1 inicio ao rito. Nas m\u00e3os de Federico Puppi, l\u00e1 vai ele semeando caminhos. Eis que chega uma voz quase fr\u00e1gil de &#8230;<\/p>\n","protected":false},"author":1,"featured_media":14035,"comment_status":"open","ping_status":"open","sticky":false,"template":"","format":"standard","meta":{"footnotes":""},"categories":[32,31],"tags":[],"class_list":["post-14034","post","type-post","status-publish","format-standard","has-post-thumbnail","hentry","category-coluna-do-aquiles","category-colunas"],"_links":{"self":[{"href":"https:\/\/www.jornalcontato.com.br\/home\/index.php\/wp-json\/wp\/v2\/posts\/14034","targetHints":{"allow":["GET"]}}],"collection":[{"href":"https:\/\/www.jornalcontato.com.br\/home\/index.php\/wp-json\/wp\/v2\/posts"}],"about":[{"href":"https:\/\/www.jornalcontato.com.br\/home\/index.php\/wp-json\/wp\/v2\/types\/post"}],"author":[{"embeddable":true,"href":"https:\/\/www.jornalcontato.com.br\/home\/index.php\/wp-json\/wp\/v2\/users\/1"}],"replies":[{"embeddable":true,"href":"https:\/\/www.jornalcontato.com.br\/home\/index.php\/wp-json\/wp\/v2\/comments?post=14034"}],"version-history":[{"count":1,"href":"https:\/\/www.jornalcontato.com.br\/home\/index.php\/wp-json\/wp\/v2\/posts\/14034\/revisions"}],"predecessor-version":[{"id":14037,"href":"https:\/\/www.jornalcontato.com.br\/home\/index.php\/wp-json\/wp\/v2\/posts\/14034\/revisions\/14037"}],"wp:featuredmedia":[{"embeddable":true,"href":"https:\/\/www.jornalcontato.com.br\/home\/index.php\/wp-json\/wp\/v2\/media\/14035"}],"wp:attachment":[{"href":"https:\/\/www.jornalcontato.com.br\/home\/index.php\/wp-json\/wp\/v2\/media?parent=14034"}],"wp:term":[{"taxonomy":"category","embeddable":true,"href":"https:\/\/www.jornalcontato.com.br\/home\/index.php\/wp-json\/wp\/v2\/categories?post=14034"},{"taxonomy":"post_tag","embeddable":true,"href":"https:\/\/www.jornalcontato.com.br\/home\/index.php\/wp-json\/wp\/v2\/tags?post=14034"}],"curies":[{"name":"wp","href":"https:\/\/api.w.org\/{rel}","templated":true}]}}