{"id":13959,"date":"2016-11-28T17:21:45","date_gmt":"2016-11-28T20:21:45","guid":{"rendered":"http:\/\/www.jornalcontato.com.br\/home\/?p=13959"},"modified":"2016-11-28T17:24:34","modified_gmt":"2016-11-28T20:24:34","slug":"peraltices-sociais-de-mary-bergamota-2","status":"publish","type":"post","link":"https:\/\/www.jornalcontato.com.br\/home\/index.php\/peraltices-sociais-de-mary-bergamota-2\/","title":{"rendered":"Peraltices sociais de Mary Bergamota"},"content":{"rendered":"<p style=\"text-align: center;\"><strong>Vera Romeiro em Campos do Jord\u00e3o<\/strong><!--more--><\/p>\n<div id=\"attachment_13960\" style=\"width: 338px\" class=\"wp-caption aligncenter\"><a href=\"http:\/\/jornalcontato.com.br\/home\/wp-content\/uploads\/2016\/11\/01.jpg\"><img loading=\"lazy\" decoding=\"async\" aria-describedby=\"caption-attachment-13960\" class=\"wp-image-13960 size-large\" src=\"http:\/\/jornalcontato.com.br\/home\/wp-content\/uploads\/2016\/11\/01-338x450.jpg\" alt=\"01\" width=\"338\" height=\"450\" srcset=\"https:\/\/jornalcontato.com.br\/home\/wp-content\/uploads\/2016\/11\/01-338x450.jpg 338w, https:\/\/jornalcontato.com.br\/home\/wp-content\/uploads\/2016\/11\/01-225x300.jpg 225w, https:\/\/jornalcontato.com.br\/home\/wp-content\/uploads\/2016\/11\/01-768x1024.jpg 768w, https:\/\/jornalcontato.com.br\/home\/wp-content\/uploads\/2016\/11\/01.jpg 960w\" sizes=\"auto, (max-width: 338px) 100vw, 338px\" \/><\/a><p id=\"caption-attachment-13960\" class=\"wp-caption-text\">M\u00e1rio C\u00e2ndido e seu fiel escudeiro Jos\u00e9 Luiz Ohi<\/p><\/div>\n<p>Brindando com um bom vinho franc\u00eas, M\u00e1rio C\u00e2ndido &#8211; com seu fiel escudeiro Jos\u00e9 Luiz Ohi &#8211; visita a sua querida S\u00e3o Luiz do Paraitinga e faz parada r\u00e1pida em terras de Lobato para abra\u00e7ar velhos amigos.<\/p>\n<p>&nbsp;<\/p>\n<div id=\"attachment_13961\" style=\"width: 424px\" class=\"wp-caption aligncenter\"><a href=\"http:\/\/jornalcontato.com.br\/home\/wp-content\/uploads\/2016\/11\/02.jpg\"><img loading=\"lazy\" decoding=\"async\" aria-describedby=\"caption-attachment-13961\" class=\"size-large wp-image-13961\" src=\"http:\/\/jornalcontato.com.br\/home\/wp-content\/uploads\/2016\/11\/02-424x450.jpg\" alt=\"Rodrigo Romeiro\" width=\"424\" height=\"450\" srcset=\"https:\/\/jornalcontato.com.br\/home\/wp-content\/uploads\/2016\/11\/02-424x450.jpg 424w, https:\/\/jornalcontato.com.br\/home\/wp-content\/uploads\/2016\/11\/02-282x300.jpg 282w, https:\/\/jornalcontato.com.br\/home\/wp-content\/uploads\/2016\/11\/02-768x816.jpg 768w, https:\/\/jornalcontato.com.br\/home\/wp-content\/uploads\/2016\/11\/02.jpg 960w\" sizes=\"auto, (max-width: 424px) 100vw, 424px\" \/><\/a><p id=\"caption-attachment-13961\" class=\"wp-caption-text\">Rodrigo Romeiro<\/p><\/div>\n<p>Emoldurado para a posteridade em \u00e1lbum de fam\u00edlia, Rodrigo Romeiro comemora idade no mais animado fim de semana de novembro.<\/p>\n<p>&nbsp;<\/p>\n<div id=\"attachment_13962\" style=\"width: 450px\" class=\"wp-caption aligncenter\"><a href=\"http:\/\/jornalcontato.com.br\/home\/wp-content\/uploads\/2016\/11\/03.jpg\"><img loading=\"lazy\" decoding=\"async\" aria-describedby=\"caption-attachment-13962\" class=\"wp-image-13962 size-large\" src=\"http:\/\/jornalcontato.com.br\/home\/wp-content\/uploads\/2016\/11\/03-450x375.jpg\" alt=\"03\" width=\"450\" height=\"375\" srcset=\"https:\/\/jornalcontato.com.br\/home\/wp-content\/uploads\/2016\/11\/03-450x375.jpg 450w, https:\/\/jornalcontato.com.br\/home\/wp-content\/uploads\/2016\/11\/03-300x250.jpg 300w, https:\/\/jornalcontato.com.br\/home\/wp-content\/uploads\/2016\/11\/03-768x640.jpg 768w, https:\/\/jornalcontato.com.br\/home\/wp-content\/uploads\/2016\/11\/03.jpg 1152w\" sizes=\"auto, (max-width: 450px) 100vw, 450px\" \/><\/a><p id=\"caption-attachment-13962\" class=\"wp-caption-text\">Vera Romeiro<\/p><\/div>\n<p>J\u00e1 Vera Romeiro deixou sua Guaratinguet\u00e1 e escolheu o cen\u00e1rio privilegiado e exuberante de Campos do Jord\u00e3o para celebrar seu anivers\u00e1rio reunindo toda a fam\u00edlia em jantar festivo.<\/p>\n<p>&nbsp;<\/p>\n<div id=\"attachment_13963\" style=\"width: 319px\" class=\"wp-caption aligncenter\"><a href=\"http:\/\/jornalcontato.com.br\/home\/wp-content\/uploads\/2016\/11\/04.jpg\"><img loading=\"lazy\" decoding=\"async\" aria-describedby=\"caption-attachment-13963\" class=\"size-large wp-image-13963\" src=\"http:\/\/jornalcontato.com.br\/home\/wp-content\/uploads\/2016\/11\/04-319x450.jpg\" alt=\"Silvana Righi e Washington Tomaz\" width=\"319\" height=\"450\" srcset=\"https:\/\/jornalcontato.com.br\/home\/wp-content\/uploads\/2016\/11\/04-319x450.jpg 319w, https:\/\/jornalcontato.com.br\/home\/wp-content\/uploads\/2016\/11\/04-212x300.jpg 212w, https:\/\/jornalcontato.com.br\/home\/wp-content\/uploads\/2016\/11\/04-768x1085.jpg 768w, https:\/\/jornalcontato.com.br\/home\/wp-content\/uploads\/2016\/11\/04.jpg 906w\" sizes=\"auto, (max-width: 319px) 100vw, 319px\" \/><\/a><p id=\"caption-attachment-13963\" class=\"wp-caption-text\">Silvana Righi e Washington Tomaz<\/p><\/div>\n<p>Numa bela sexta feira, na Associa\u00e7\u00e3o dos funcion\u00e1rios do DAEE, Silvana Righi, depois de um dia duro de trabalho, reencontra o amigo Washington Tomaz e juntos d\u00e3o as boas-vindas a mais um glorioso fim de semana.<\/p>\n<p>&nbsp;<\/p>\n<div id=\"attachment_13964\" style=\"width: 338px\" class=\"wp-caption aligncenter\"><a href=\"http:\/\/jornalcontato.com.br\/home\/wp-content\/uploads\/2016\/11\/05.jpg\"><img loading=\"lazy\" decoding=\"async\" aria-describedby=\"caption-attachment-13964\" class=\"size-large wp-image-13964\" src=\"http:\/\/jornalcontato.com.br\/home\/wp-content\/uploads\/2016\/11\/05-338x450.jpg\" alt=\"Edilson de Paula Andrade aproveitando a Festa do Saci\" width=\"338\" height=\"450\" srcset=\"https:\/\/jornalcontato.com.br\/home\/wp-content\/uploads\/2016\/11\/05-338x450.jpg 338w, https:\/\/jornalcontato.com.br\/home\/wp-content\/uploads\/2016\/11\/05-225x300.jpg 225w, https:\/\/jornalcontato.com.br\/home\/wp-content\/uploads\/2016\/11\/05-768x1024.jpg 768w, https:\/\/jornalcontato.com.br\/home\/wp-content\/uploads\/2016\/11\/05.jpg 960w\" sizes=\"auto, (max-width: 338px) 100vw, 338px\" \/><\/a><p id=\"caption-attachment-13964\" class=\"wp-caption-text\">Edilson de Paula Andrade aproveitando a Festa do Saci<\/p><\/div>\n<p>Arrastando toda a fam\u00edlia para a colorida S\u00e3o Luiz do Paraitinga, Edilson de Paula Andrade confere de perto as atra\u00e7\u00f5es musicais da Festa do Saci.<\/p>\n<p>&nbsp;<\/p>\n<div id=\"attachment_13965\" style=\"width: 450px\" class=\"wp-caption aligncenter\"><a href=\"http:\/\/jornalcontato.com.br\/home\/wp-content\/uploads\/2016\/11\/06.jpg\"><img loading=\"lazy\" decoding=\"async\" aria-describedby=\"caption-attachment-13965\" class=\"size-large wp-image-13965\" src=\"http:\/\/jornalcontato.com.br\/home\/wp-content\/uploads\/2016\/11\/06-450x253.jpg\" alt=\"T\u00e2nia Lobato\" width=\"450\" height=\"253\" srcset=\"https:\/\/jornalcontato.com.br\/home\/wp-content\/uploads\/2016\/11\/06-450x253.jpg 450w, https:\/\/jornalcontato.com.br\/home\/wp-content\/uploads\/2016\/11\/06-300x169.jpg 300w, https:\/\/jornalcontato.com.br\/home\/wp-content\/uploads\/2016\/11\/06-768x432.jpg 768w, https:\/\/jornalcontato.com.br\/home\/wp-content\/uploads\/2016\/11\/06-750x420.jpg 750w, https:\/\/jornalcontato.com.br\/home\/wp-content\/uploads\/2016\/11\/06.jpg 960w\" sizes=\"auto, (max-width: 450px) 100vw, 450px\" \/><\/a><p id=\"caption-attachment-13965\" class=\"wp-caption-text\">T\u00e2nia Lobato<\/p><\/div>\n<p>Com o Cardiff Castle ao fundo, hoje palco de v\u00e1rios concertos de rock com capacidade para mais de 10.000 pessoas e do maior Mardi Gras do pa\u00eds de Gales, a taubatean\u00edssima T\u00e2nia Lobato registra momento de f\u00e9rias pelo Reino Unido.<\/p>\n","protected":false},"excerpt":{"rendered":"<p>Vera Romeiro em Campos do Jord\u00e3o<\/p>\n","protected":false},"author":1,"featured_media":13962,"comment_status":"open","ping_status":"open","sticky":false,"template":"","format":"standard","meta":{"footnotes":""},"categories":[31,39],"tags":[],"class_list":["post-13959","post","type-post","status-publish","format-standard","has-post-thumbnail","hentry","category-colunas","category-mary-bergamota"],"_links":{"self":[{"href":"https:\/\/www.jornalcontato.com.br\/home\/index.php\/wp-json\/wp\/v2\/posts\/13959","targetHints":{"allow":["GET"]}}],"collection":[{"href":"https:\/\/www.jornalcontato.com.br\/home\/index.php\/wp-json\/wp\/v2\/posts"}],"about":[{"href":"https:\/\/www.jornalcontato.com.br\/home\/index.php\/wp-json\/wp\/v2\/types\/post"}],"author":[{"embeddable":true,"href":"https:\/\/www.jornalcontato.com.br\/home\/index.php\/wp-json\/wp\/v2\/users\/1"}],"replies":[{"embeddable":true,"href":"https:\/\/www.jornalcontato.com.br\/home\/index.php\/wp-json\/wp\/v2\/comments?post=13959"}],"version-history":[{"count":2,"href":"https:\/\/www.jornalcontato.com.br\/home\/index.php\/wp-json\/wp\/v2\/posts\/13959\/revisions"}],"predecessor-version":[{"id":13967,"href":"https:\/\/www.jornalcontato.com.br\/home\/index.php\/wp-json\/wp\/v2\/posts\/13959\/revisions\/13967"}],"wp:featuredmedia":[{"embeddable":true,"href":"https:\/\/www.jornalcontato.com.br\/home\/index.php\/wp-json\/wp\/v2\/media\/13962"}],"wp:attachment":[{"href":"https:\/\/www.jornalcontato.com.br\/home\/index.php\/wp-json\/wp\/v2\/media?parent=13959"}],"wp:term":[{"taxonomy":"category","embeddable":true,"href":"https:\/\/www.jornalcontato.com.br\/home\/index.php\/wp-json\/wp\/v2\/categories?post=13959"},{"taxonomy":"post_tag","embeddable":true,"href":"https:\/\/www.jornalcontato.com.br\/home\/index.php\/wp-json\/wp\/v2\/tags?post=13959"}],"curies":[{"name":"wp","href":"https:\/\/api.w.org\/{rel}","templated":true}]}}