{"id":13930,"date":"2016-11-24T17:01:12","date_gmt":"2016-11-24T20:01:12","guid":{"rendered":"http:\/\/www.jornalcontato.com.br\/home\/?p=13930"},"modified":"2016-11-24T17:01:12","modified_gmt":"2016-11-24T20:01:12","slug":"pollyana-gama-assumiu-e-ja-trabalha-como-deputada-federal","status":"publish","type":"post","link":"https:\/\/www.jornalcontato.com.br\/home\/index.php\/pollyana-gama-assumiu-e-ja-trabalha-como-deputada-federal\/","title":{"rendered":"Pollyana Gama assumiu e j\u00e1 trabalha como deputada federal"},"content":{"rendered":"<p><strong><em>Parlamentar inicia suas atividades fazendo parte da Comiss\u00e3o de Educa\u00e7\u00e3o e j\u00e1 participou da vota\u00e7\u00e3o do pedido de urg\u00eancia do projeto de lei com as medidas anticorrup\u00e7\u00e3o<\/em><\/strong><\/p>\n<p style=\"text-align: right;\">\n<p style=\"text-align: left;\">Pollyana Gama (PPS) tomou posse nesta quarta-feira, 23, e se tornou a nova deputada federal da terra de Lobato. H\u00e1 quase uma d\u00e9cada que Taubat\u00e9 n\u00e3o tinha representante na C\u00e2mara Federal. \u201cFoi uma surpresa. Eu esperava que isso s\u00f3 fosse acontecer no ano que vem j\u00e1 que os deputados [que poder\u00e3o se licenciar] foram eleitos prefeitos neste ano\u201d, afirmou.<\/p>\n<p>A nova deputada federal assumiu no lugar do colega Roberto Freire que aceitou o convite do presidente Michel Temer e assumiu o Minist\u00e9rio da Cultura. Marcelo Calero, at\u00e9 ent\u00e3o titular daquela pasta, pediu demiss\u00e3o ap\u00f3s desaven\u00e7as com Geddel Vieira Lima, ministro da Secretaria de Governo.<\/p>\n<p>A posse de Pollyana foi realizada poucas horas ap\u00f3s Freire ser apresentado oficialmente como ministro da Educa\u00e7\u00e3o.<\/p>\n<div id=\"attachment_13933\" style=\"width: 450px\" class=\"wp-caption aligncenter\"><a href=\"http:\/\/jornalcontato.com.br\/home\/wp-content\/uploads\/2016\/11\/31719a36-4dab-4c74-aa65-ca9df0f2ddfd.jpg\"><img loading=\"lazy\" decoding=\"async\" aria-describedby=\"caption-attachment-13933\" class=\"size-large wp-image-13933\" src=\"http:\/\/jornalcontato.com.br\/home\/wp-content\/uploads\/2016\/11\/31719a36-4dab-4c74-aa65-ca9df0f2ddfd-450x338.jpg\" alt=\"L\u00edder do PPS na C\u00e2mara Federal Rubens Bueno, Deputado Federal Marco Abr\u00e3o, Deputada Federal Pollyana Gama e seu marido, Deputado Estadual Davi Zaia\" width=\"450\" height=\"338\" srcset=\"https:\/\/jornalcontato.com.br\/home\/wp-content\/uploads\/2016\/11\/31719a36-4dab-4c74-aa65-ca9df0f2ddfd-450x338.jpg 450w, https:\/\/jornalcontato.com.br\/home\/wp-content\/uploads\/2016\/11\/31719a36-4dab-4c74-aa65-ca9df0f2ddfd-300x225.jpg 300w, https:\/\/jornalcontato.com.br\/home\/wp-content\/uploads\/2016\/11\/31719a36-4dab-4c74-aa65-ca9df0f2ddfd-768x576.jpg 768w, https:\/\/jornalcontato.com.br\/home\/wp-content\/uploads\/2016\/11\/31719a36-4dab-4c74-aa65-ca9df0f2ddfd.jpg 1280w\" sizes=\"auto, (max-width: 450px) 100vw, 450px\" \/><\/a><p id=\"caption-attachment-13933\" class=\"wp-caption-text\">L\u00edder do PPS na C\u00e2mara Federal Rubens Bueno, Deputado Federal Marco Abr\u00e3o, Deputada Federal Pollyana Gama e seu marido, Deputado Estadual Davi Zaia<\/p><\/div>\n<p><strong>Trabalho<\/strong><\/p>\n<p>Nesta quinta-feira, 24, Pollyana j\u00e1 participou de audi\u00eancia da Comiss\u00e3o de Educa\u00e7\u00e3o que debateu o Plano e Sistema Nacional de Educa\u00e7\u00e3o. \u201cBastante discutido entre os membros, o or\u00e7amento \u00e9 um dos maiores desafios\u201d, afirmou.<\/p>\n<p>Na quarta-feira, 23, \u00e0 noite, Pollyana foi indicada pela lideran\u00e7a do PPS para ser membro da Comiss\u00e3o. \u201cEu tive a oportunidade de presidir a audi\u00eancia por alguns momentos. E logo no final eu j\u00e1 recebi a titularidade. Eu tinha sido indicada pelo PPS, mas agora eu realmente recebi a titularidade\u201d, explicou.<\/p>\n<p><a href=\"http:\/\/jornalcontato.com.br\/home\/wp-content\/uploads\/2016\/11\/94f3c8c6-c180-4f59-be40-361b4504cc1f.jpg\"><img loading=\"lazy\" decoding=\"async\" class=\"aligncenter size-large wp-image-13934\" src=\"http:\/\/jornalcontato.com.br\/home\/wp-content\/uploads\/2016\/11\/94f3c8c6-c180-4f59-be40-361b4504cc1f-450x338.jpg\" alt=\"94f3c8c6-c180-4f59-be40-361b4504cc1f\" width=\"450\" height=\"338\" srcset=\"https:\/\/jornalcontato.com.br\/home\/wp-content\/uploads\/2016\/11\/94f3c8c6-c180-4f59-be40-361b4504cc1f-450x338.jpg 450w, https:\/\/jornalcontato.com.br\/home\/wp-content\/uploads\/2016\/11\/94f3c8c6-c180-4f59-be40-361b4504cc1f-300x225.jpg 300w, https:\/\/jornalcontato.com.br\/home\/wp-content\/uploads\/2016\/11\/94f3c8c6-c180-4f59-be40-361b4504cc1f-768x576.jpg 768w, https:\/\/jornalcontato.com.br\/home\/wp-content\/uploads\/2016\/11\/94f3c8c6-c180-4f59-be40-361b4504cc1f.jpg 1280w\" sizes=\"auto, (max-width: 450px) 100vw, 450px\" \/><\/a><\/p>\n<p><strong>Anistia Caixa 2<\/strong><\/p>\n<p>Na tarde desta quinta-feira, os deputados federais se reuniram em sess\u00e3o plen\u00e1ria para votar o pedido de urg\u00eancia do projeto de lei que contempla as chamadas medidas anticorrup\u00e7\u00e3o. O pedido foi aprovado por 312 votos, 65 deputados votaram contra e dois se abstiveram.<\/p>\n<p>Durante a vota\u00e7\u00e3o, os deputados se articularam para incluir no projeto o texto de anistia ao caixa dois. Na madrugada desta quinta, o presidente da C\u00e2mara, Rodrigo Maia (DEM), reuniu em seu gabinete\u00a0l\u00edderes e deputados de v\u00e1rios partidos para articular a vota\u00e7\u00e3o, no plen\u00e1rio da Casa, do pacote de medidas de combate \u00e0 corrup\u00e7\u00e3o, mirando na anistia.<\/p>\n<p>A deputada Pollyana Gama votou a favor do pedido de urg\u00eancia. \u201cA lideran\u00e7a do partido [PPS] tinha orientado os deputados a votarem a favor do pedido de urg\u00eancia. Por\u00e9m, logo ap\u00f3s a vota\u00e7\u00e3o, come\u00e7ou uma discuss\u00e3o no plen\u00e1rio a respeito da inclus\u00e3o do texto de anistia do caixa dois\u201d, explicou.<\/p>\n<p>A parlamentar explicou que o PPS \u00e9 a favor da criminaliza\u00e7\u00e3o do caixa 2. Com medo de que o texto de anistia fosse inclu\u00eddo no projeto, o partido apoiou o requerimento do PSOL, para que a vota\u00e7\u00e3o das medidas anticorrup\u00e7\u00e3o fosse nominal. Al\u00e9m dos dois partidos, o PDT, Rede, PHS e PV tamb\u00e9m foram a favor do requerimento.<\/p>\n<p>No entanto, PSDB, PMDB, PT, DEM, PSD, PSB, PR, PRB, Solidariedade, PCdoB e Pros indicaram voto contr\u00e1rio ao pedido.<\/p>\n<p>Em tese, sem a exig\u00eancia do voto nominal, a anistia do caixa dois pode ser aprovada em vota\u00e7\u00e3o simb\u00f3lica, ou seja, quando o voto de cada deputado n\u00e3o \u00e9 individualizado. \u201cSomos a favor de abrir a galeria no dia da vota\u00e7\u00e3o. E que seja iniciada [durante a sess\u00e3o] e que n\u00e3o comece j\u00e1 de madrugada\u201d, afirmou Pollyana.<\/p>\n<p>Ap\u00f3s a confus\u00e3o criada no plen\u00e1rio devido a anistia do crime de caixa dois, o presidente da C\u00e2mara adiou a vota\u00e7\u00e3o do pacote anticorrup\u00e7\u00e3o para ter\u00e7a-feira, 29.<\/p>\n<p><a href=\"http:\/\/jornalcontato.com.br\/home\/wp-content\/uploads\/2016\/11\/deputada-2.png\"><img loading=\"lazy\" decoding=\"async\" class=\"aligncenter size-large wp-image-13935\" src=\"http:\/\/jornalcontato.com.br\/home\/wp-content\/uploads\/2016\/11\/deputada-2-450x253.png\" alt=\"deputada 2\" width=\"450\" height=\"253\" srcset=\"https:\/\/jornalcontato.com.br\/home\/wp-content\/uploads\/2016\/11\/deputada-2-450x253.png 450w, https:\/\/jornalcontato.com.br\/home\/wp-content\/uploads\/2016\/11\/deputada-2-300x169.png 300w, https:\/\/jornalcontato.com.br\/home\/wp-content\/uploads\/2016\/11\/deputada-2-768x432.png 768w, https:\/\/jornalcontato.com.br\/home\/wp-content\/uploads\/2016\/11\/deputada-2-750x420.png 750w, https:\/\/jornalcontato.com.br\/home\/wp-content\/uploads\/2016\/11\/deputada-2-1140x641.png 1140w, https:\/\/jornalcontato.com.br\/home\/wp-content\/uploads\/2016\/11\/deputada-2.png 1600w\" sizes=\"auto, (max-width: 450px) 100vw, 450px\" \/><\/a><\/p>\n<p><strong>Regi\u00e3o<\/strong><\/p>\n<p>Durante o mandato com deputada federal, Pollyana afirma que trabalhr\u00e1 para contribuir com a representatividade da regi\u00e3o e de Taubat\u00e9 no cen\u00e1rio nacional. A suas prioridades ser\u00e3o Cultura e Educa\u00e7\u00e3o, que \u00e9 sua especialidade. Afirmou que far\u00e1 o poss\u00edvel e o imposs\u00edvel para melhorar a qualidade do ensino m\u00e9dio. \u201cO segredo \u00e9 valorizar o docente, dando-lhe um sal\u00e1rio e condi\u00e7\u00f5es dignas de trabalho\u201d.<\/p>\n<p>Pollyana tamb\u00e9m est\u00e1 montando em Taubat\u00e9 um escrit\u00f3rio para atender a demanda dos moradores da regi\u00e3o. \u201cAinda estamos estruturando esse escrit\u00f3rio para atender a popula\u00e7\u00e3o. Afinal de contas, apesar de estar l\u00e1 em Bras\u00edlia agora, eu ainda sou moradora de Taubat\u00e9\u201d.<\/p>\n","protected":false},"excerpt":{"rendered":"<p>Parlamentar inicia suas atividades fazendo parte da Comiss\u00e3o de Educa\u00e7\u00e3o e j\u00e1 participou da vota\u00e7\u00e3o do pedido de urg\u00eancia do projeto de lei com as &#8230;<\/p>\n","protected":false},"author":1,"featured_media":13932,"comment_status":"open","ping_status":"open","sticky":false,"template":"","format":"standard","meta":{"footnotes":""},"categories":[1],"tags":[],"class_list":["post-13930","post","type-post","status-publish","format-standard","has-post-thumbnail","hentry","category-nacional"],"_links":{"self":[{"href":"https:\/\/www.jornalcontato.com.br\/home\/index.php\/wp-json\/wp\/v2\/posts\/13930","targetHints":{"allow":["GET"]}}],"collection":[{"href":"https:\/\/www.jornalcontato.com.br\/home\/index.php\/wp-json\/wp\/v2\/posts"}],"about":[{"href":"https:\/\/www.jornalcontato.com.br\/home\/index.php\/wp-json\/wp\/v2\/types\/post"}],"author":[{"embeddable":true,"href":"https:\/\/www.jornalcontato.com.br\/home\/index.php\/wp-json\/wp\/v2\/users\/1"}],"replies":[{"embeddable":true,"href":"https:\/\/www.jornalcontato.com.br\/home\/index.php\/wp-json\/wp\/v2\/comments?post=13930"}],"version-history":[{"count":1,"href":"https:\/\/www.jornalcontato.com.br\/home\/index.php\/wp-json\/wp\/v2\/posts\/13930\/revisions"}],"predecessor-version":[{"id":13936,"href":"https:\/\/www.jornalcontato.com.br\/home\/index.php\/wp-json\/wp\/v2\/posts\/13930\/revisions\/13936"}],"wp:featuredmedia":[{"embeddable":true,"href":"https:\/\/www.jornalcontato.com.br\/home\/index.php\/wp-json\/wp\/v2\/media\/13932"}],"wp:attachment":[{"href":"https:\/\/www.jornalcontato.com.br\/home\/index.php\/wp-json\/wp\/v2\/media?parent=13930"}],"wp:term":[{"taxonomy":"category","embeddable":true,"href":"https:\/\/www.jornalcontato.com.br\/home\/index.php\/wp-json\/wp\/v2\/categories?post=13930"},{"taxonomy":"post_tag","embeddable":true,"href":"https:\/\/www.jornalcontato.com.br\/home\/index.php\/wp-json\/wp\/v2\/tags?post=13930"}],"curies":[{"name":"wp","href":"https:\/\/api.w.org\/{rel}","templated":true}]}}