{"id":13920,"date":"2016-11-22T15:39:57","date_gmt":"2016-11-22T18:39:57","guid":{"rendered":"http:\/\/www.jornalcontato.com.br\/home\/?p=13920"},"modified":"2016-11-22T15:39:57","modified_gmt":"2016-11-22T18:39:57","slug":"leituras-trump-os-deploraveis-e-nos-por-daniel-aarao-reis","status":"publish","type":"post","link":"https:\/\/www.jornalcontato.com.br\/home\/index.php\/leituras-trump-os-deploraveis-e-nos-por-daniel-aarao-reis\/","title":{"rendered":"Leituras: Trump, os deplor\u00e1veis e n\u00f3s (por Daniel Aar\u00e3o Reis)"},"content":{"rendered":"<p style=\"text-align: center;\"><em><strong>Tornou-se comum destratar os eleitores de Donald Trump como racistas, mis\u00f3ginos, xen\u00f3fobos e homof\u00f3bicos. \u00c9 certo que muitos dos que votaram no candidato republicano cultivam estes preconceitos. Basta ver a alegria atual dos adeptos da Ku Klux Klan<\/strong><\/em><br \/>\n<!--more--><\/p>\n<p>O sonho americano hoje \u00e9 s\u00f3 para banqueiros e advogados, precisamos endireitar este pa\u00eds. Estou cansada de pol\u00edticos, Trump est\u00e1 mijando nestes bastardos, eles merecem. Minha cidade \u00e9 um buraco de merda, os empregos \u00a0est\u00e3o sumindo. Votei em Obama, mas agora vou votar em Trump, a gente tem que mudar as coisas. N\u00e3o estou feliz. A classe m\u00e9dia est\u00e1 sendo morta, chegou o momento de cuidar da gente em primeiro lugar.<\/p>\n<p>Estas frases foram ditas por Robert McAdams, Florence Jonhson, Lori Ayeres e Dona Weaver, gente comum, brancos e brancas, residentes em pequenas cidades dos Estados Unidos, ouvidos por Chris Arnade.\u00a0 \u00a0Para eles, o \u201csonho americano\u201d desfez-se h\u00e1 anos.<\/p>\n<p><a href=\"http:\/\/jornalcontato.com.br\/home\/wp-content\/uploads\/2016\/11\/Hillary.jpg\"><img loading=\"lazy\" decoding=\"async\" class=\"aligncenter size-large wp-image-13922\" src=\"http:\/\/jornalcontato.com.br\/home\/wp-content\/uploads\/2016\/11\/Hillary-450x300.jpg\" alt=\"Hillary\" width=\"450\" height=\"300\" srcset=\"https:\/\/jornalcontato.com.br\/home\/wp-content\/uploads\/2016\/11\/Hillary-450x300.jpg 450w, https:\/\/jornalcontato.com.br\/home\/wp-content\/uploads\/2016\/11\/Hillary-300x200.jpg 300w, https:\/\/jornalcontato.com.br\/home\/wp-content\/uploads\/2016\/11\/Hillary.jpg 650w\" sizes=\"auto, (max-width: 450px) 100vw, 450px\" \/><\/a><\/p>\n<p style=\"text-align: center;\"><em><strong>A candidata derrotada Hillary Clinto em campanha<\/strong><\/em><\/p>\n<p>Michael Moore, em julho passado, arriscou prever a ent\u00e3o improv\u00e1vel derrota de Hillary Clinton, relacionando alguns fatores coincidentes com as falas dos entrevistados por Arnade:\u00a0 o desespero dos brancos empobrecidos; o desencanto com a candidata, comprometida com a ordem existente; um desejo intenso de \u201cchacoalhar\u201d as coisas.<\/p>\n<p>Tornou-se comum destratar os eleitores de Donald Trump como racistas, mis\u00f3ginos, xen\u00f3fobos e homof\u00f3bicos. \u00c9 certo que muitos dos que votaram no candidato republicano cultivam estes preconceitos. Basta ver a alegria atual dos adeptos da Ku Klux Klan. Contudo, como sustentou Glenn Greenwald, tal opini\u00e3o \u00e9 rasa \u00a0para ajudar a compreender os resultados das elei\u00e7\u00f5es estadunidenses. Ele cita um outro jornalista, Tim Carney, que observou \u00a0que a maioria \u00a0de Trump na Pensilv\u00e2nia, decisiva, foi conseguida com votos dados anteriormente a Barak Obama. Teriam estes eleitores se tornado mis\u00f3ginos e racistas em t\u00e3o pouco tempo?<\/p>\n<p>Matt Stoller, no <strong><em>The Atlantic<\/em><\/strong>, de outubro passado, lan\u00e7a luzes mais n\u00edtidas sobre a complexidade das quest\u00f5es em jogo. Recuou no tempo at\u00e9 os anos 1930, \u00e9poca do New Deal. E mostrou como as pol\u00edticas democratas de defesa dos trabalhadores e de conten\u00e7\u00e3o e regulamenta\u00e7\u00e3o das tend\u00eancias monopolistas dos grandes capitais foram capazes de gestar um desenvolvimento econ\u00f4mico e uma distribui\u00e7\u00e3o de renda mais harm\u00f4nicos. \u00a0Ampliaram as classes m\u00e9dias e reduziram as disparidades na apropria\u00e7\u00e3o da riqueza. Depois da II Guerra Mundial, algumas sociedades europeias, sob lideran\u00e7a da socialdemocracia, exprimindo demandas e press\u00f5es das classes populares, levariam ainda mais longe o processo, instaurando o que se denominou de estado democr\u00e1tico de bem-estar social.<\/p>\n<p>Entretanto, a partir dos anos 1970, registra Stoller, o partido democrata passou por uma muta\u00e7\u00e3o, voltando sua aten\u00e7\u00e3o para a den\u00fancia das guerras externas, em particular a do Vietn\u00e3; para os direitos humanos e para a defesa das minorias; para a cr\u00edtica da intoler\u00e2ncia e a celebra\u00e7\u00e3o da diversidade nos comportamentos sociais e nas op\u00e7\u00f5es de vida. Estas tend\u00eancias, positivas, \u00a0foram acompanhadas, contudo, pela cr\u00edtica ao gigantismo do Estado, considerado ineficiente, e pela defesa da desregulamenta\u00e7\u00e3o dos fluxos de capitais e do enfraquecimento das leis antimonopolistas.<\/p>\n<p>Construiu-se, em rela\u00e7\u00e3o a estas quest\u00f5es estrat\u00e9gicas, um in\u00e9dito consenso entre republicanos e democratas, desde a presid\u00eancia Jimmy Carter (democrata), passando por Ronald Reagan (republicano), Bill Clinton (democrata),\u00a0 Bushs pai e filho (republicanos), culminando com Barak Obama (democrata), marcados, todos eles, por pol\u00edticas permissivas e mesmo estimulantes \u00e0 liberdade \u00a0do grande capital financeiro e de monop\u00f3lios de todos os tipos. Nem a devastadora crise de 2008 alterou este quadro. Ao contr\u00e1rio, radicalizou-o, pois, em toda a parte, os rem\u00e9dios amargos t\u00eam sido impostos exclusivamente aos trabalhadores e \u00e0s classes populares.<\/p>\n<p>Monop\u00f3lios cada vez mais livres e \u201cexplos\u00e3o das desigualdades econ\u00f4micas e territoriais\u201d, eis o quadro que se criou, segundo os estudos de T. Piketty e de J. Stiglitz. N\u00e3o se trata de um fen\u00f4meno espec\u00edfico aos EUA. Acontece em outras regi\u00f5es e com as mesmas consequ\u00eancias. Na Europa, os socialdemocratas tomaram o rumo dos democratas estadunidenses, favor\u00e1veis \u00e0 desregulamenta\u00e7\u00e3o indiscriminada, e abandonaram suas bases sociais tradicionais \u00e0 pr\u00f3pria sorte.<\/p>\n<p>As consequ\u00eancias s\u00e3o vis\u00edveis a olho nu. O trumpismo ingl\u00eas assumiu o nome de Brexit. O franc\u00eas assume as cores do fascismo local, liderado pela sinistra Marine Le Pen. Em outras sociedades europeias, crescem as for\u00e7as de direita.<\/p>\n<p><a href=\"http:\/\/jornalcontato.com.br\/home\/wp-content\/uploads\/2016\/11\/Marine.jpg\"><img loading=\"lazy\" decoding=\"async\" class=\"aligncenter size-large wp-image-13923\" src=\"http:\/\/jornalcontato.com.br\/home\/wp-content\/uploads\/2016\/11\/Marine-450x300.jpg\" alt=\"Marine\" width=\"450\" height=\"300\" srcset=\"https:\/\/jornalcontato.com.br\/home\/wp-content\/uploads\/2016\/11\/Marine-450x300.jpg 450w, https:\/\/jornalcontato.com.br\/home\/wp-content\/uploads\/2016\/11\/Marine-300x200.jpg 300w, https:\/\/jornalcontato.com.br\/home\/wp-content\/uploads\/2016\/11\/Marine.jpg 650w\" sizes=\"auto, (max-width: 450px) 100vw, 450px\" \/><\/a><\/p>\n<p style=\"text-align: center;\"><em><strong>Marine Le Pen, l\u00edder da Frente Nacional na Fran\u00e7a<\/strong><\/em><\/p>\n<p>Enquanto isto, a Sra. Clinton, gentilmente, chama os eleitores de Trump de \u201cdeplor\u00e1veis\u201d. N\u00e3o seria o caso, como algu\u00e9m sugeriu, \u00a0de mostrar-lhe um espelho? Para ela ver quem merece o t\u00edtulo de \u201cdeplor\u00e1vel\u201d?<\/p>\n<p>Uma coisa \u00e9 certa: se alternativas n\u00e3o s\u00e3o constru\u00eddas e ganham for\u00e7a antes que seja tarde demais (talvez j\u00e1 seja tarde demais), seremos todos \u201cdeplor\u00e1veis\u201d, pois deplor\u00e1veis s\u00e3o os que vivem sob a tirania de grandes empresas, regidas por pol\u00edticos como Donald Trump.<\/p>\n<p>&nbsp;<\/p>\n<p style=\"text-align: right;\"><strong><em>Daniel Aar\u00e3o Reis<\/em><\/strong><\/p>\n<p style=\"text-align: right;\"><strong><em>Professor de Hist\u00f3ria Contempor\u00e2nea da UFF<\/em><\/strong><\/p>\n<p style=\"text-align: right;\"><strong><em>Email: aaraoreis.daniel@gmail.com <\/em><\/strong><\/p>\n","protected":false},"excerpt":{"rendered":"<p>Tornou-se comum destratar os eleitores de Donald Trump como racistas, mis\u00f3ginos, xen\u00f3fobos e homof\u00f3bicos. \u00c9 certo que muitos dos que votaram no candidato republicano cultivam &#8230;<\/p>\n","protected":false},"author":1,"featured_media":13921,"comment_status":"open","ping_status":"open","sticky":false,"template":"","format":"standard","meta":{"footnotes":""},"categories":[1],"tags":[],"class_list":["post-13920","post","type-post","status-publish","format-standard","has-post-thumbnail","hentry","category-nacional"],"_links":{"self":[{"href":"https:\/\/www.jornalcontato.com.br\/home\/index.php\/wp-json\/wp\/v2\/posts\/13920","targetHints":{"allow":["GET"]}}],"collection":[{"href":"https:\/\/www.jornalcontato.com.br\/home\/index.php\/wp-json\/wp\/v2\/posts"}],"about":[{"href":"https:\/\/www.jornalcontato.com.br\/home\/index.php\/wp-json\/wp\/v2\/types\/post"}],"author":[{"embeddable":true,"href":"https:\/\/www.jornalcontato.com.br\/home\/index.php\/wp-json\/wp\/v2\/users\/1"}],"replies":[{"embeddable":true,"href":"https:\/\/www.jornalcontato.com.br\/home\/index.php\/wp-json\/wp\/v2\/comments?post=13920"}],"version-history":[{"count":1,"href":"https:\/\/www.jornalcontato.com.br\/home\/index.php\/wp-json\/wp\/v2\/posts\/13920\/revisions"}],"predecessor-version":[{"id":13924,"href":"https:\/\/www.jornalcontato.com.br\/home\/index.php\/wp-json\/wp\/v2\/posts\/13920\/revisions\/13924"}],"wp:featuredmedia":[{"embeddable":true,"href":"https:\/\/www.jornalcontato.com.br\/home\/index.php\/wp-json\/wp\/v2\/media\/13921"}],"wp:attachment":[{"href":"https:\/\/www.jornalcontato.com.br\/home\/index.php\/wp-json\/wp\/v2\/media?parent=13920"}],"wp:term":[{"taxonomy":"category","embeddable":true,"href":"https:\/\/www.jornalcontato.com.br\/home\/index.php\/wp-json\/wp\/v2\/categories?post=13920"},{"taxonomy":"post_tag","embeddable":true,"href":"https:\/\/www.jornalcontato.com.br\/home\/index.php\/wp-json\/wp\/v2\/tags?post=13920"}],"curies":[{"name":"wp","href":"https:\/\/api.w.org\/{rel}","templated":true}]}}