{"id":13862,"date":"2016-11-17T13:45:56","date_gmt":"2016-11-17T16:45:56","guid":{"rendered":"http:\/\/www.jornalcontato.com.br\/home\/?p=13862"},"modified":"2016-11-17T13:45:56","modified_gmt":"2016-11-17T16:45:56","slug":"paulo-miranda-e-notificado-para-voltar-a-presidencia-da-camara","status":"publish","type":"post","link":"https:\/\/www.jornalcontato.com.br\/home\/index.php\/paulo-miranda-e-notificado-para-voltar-a-presidencia-da-camara\/","title":{"rendered":"Paulo Miranda \u00e9 notificado para voltar \u00e0 presid\u00eancia da C\u00e2mara"},"content":{"rendered":"<p style=\"text-align: center;\"><strong><em>Oficial de Justi\u00e7a esteve no gabinete do pol\u00edtico no in\u00edcio da noite; C\u00e2mara Municipal tamb\u00e9m foi notificada.<\/em><\/strong><\/p>\n<p>O n\u00e3o mais prefeito Paulo Miranda (Sem Partido) volta \u00e0 presid\u00eancia da C\u00e2mara Municipal nesta quinta-feira, 17. Ap\u00f3s 98 dias no comando da administra\u00e7\u00e3o municipal, Paulo Miranda (PP) deixa o cargo de prefeito, que assumiu em 11 de agosto. Ortiz J\u00fanior voltar\u00e1 ao Pal\u00e1cio do Bom Conselho tamb\u00e9m nesta quinta-feira.<\/p>\n<p>Ap\u00f3s, notificar Paulo Miranda, o oficial tamb\u00e9m foi at\u00e9 a Casa de Leis e notificou o vereador Dig\u00e3o (PSDB), que ocupava o cargo de presidente, sobre a volta de Miranda. O parlamentar recebeu o oficial de justi\u00e7a \u00e0s 19h10 do dia 16, na sala da Dire\u00e7\u00e3o-Geral. De acordo com o secret\u00e1rio de Neg\u00f3cios Jur\u00eddicos da Prefeitura, Jean Soldi, que acompanhou a intima\u00e7\u00e3o, os atos praticados tanto por Dig\u00e3o, na C\u00e2mara, quanto por Paulo Miranda, na Prefeitura, at\u00e9 esta data, ir\u00e3o prevalecer.<\/p>\n<p>Ortiz Junior (PSDB) ser\u00e1 reconduzido ao cargo de prefeito a partir do dia 17. Segundo Dig\u00e3o, o retorno era uma \u201cquest\u00e3o de tempo\u201d, tendo em vista que Ortiz \u201cconseguiu reverter a situa\u00e7\u00e3o jur\u00eddica\u201d que o afastou do cargo. \u201cCedo ou tarde viria a decis\u00e3o. Espero que o chefe do Executivo conclua este mandato e prossiga com o mandato seguinte com transpar\u00eancia nas contas, da melhor forma poss\u00edvel\u201d, considerou Dig\u00e3o.<\/p>\n<p>Paulo Miranda se manifestou nas redes sociais onde deixou um recado aos taubateanos:<\/p>\n<p>\u201cBoa tarde a todos. Acabei de receber o Oficial de Justi\u00e7a pois, como sabem, uma decis\u00e3o judicial me tornou Prefeito de Taubat\u00e9 e agora uma outra me faz retornar ao cargo de Presidente da C\u00e2mara. Cumpri meu papel nestes tr\u00eas meses frente ao Executivo Municipal e agrade\u00e7o a todos que estiveram ao meu lado neste per\u00edodo, principalmente aos servidores p\u00fablicos municipais. Quero dizer \u00e0 popula\u00e7\u00e3o que como Presidente da C\u00e2mara era meu dever assumir o cargo naquele momento e hoje me despe\u00e7o com a sensa\u00e7\u00e3o de dever cumprido. Desejo sucesso ao novo prefeito e reafirmo a todos que podem sempre contar comigo, independente do cargo que estiver exercendo. Vamos juntos Taubat\u00e9!\u201d.<\/p>\n","protected":false},"excerpt":{"rendered":"<p>Oficial de Justi\u00e7a esteve no gabinete do pol\u00edtico no in\u00edcio da noite; C\u00e2mara Municipal tamb\u00e9m foi notificada. O n\u00e3o mais prefeito Paulo Miranda (Sem Partido) &#8230;<\/p>\n","protected":false},"author":1,"featured_media":13864,"comment_status":"open","ping_status":"open","sticky":false,"template":"","format":"standard","meta":{"footnotes":""},"categories":[29,7],"tags":[],"class_list":["post-13862","post","type-post","status-publish","format-standard","has-post-thumbnail","hentry","category-regional","category-reportagem"],"_links":{"self":[{"href":"https:\/\/www.jornalcontato.com.br\/home\/index.php\/wp-json\/wp\/v2\/posts\/13862","targetHints":{"allow":["GET"]}}],"collection":[{"href":"https:\/\/www.jornalcontato.com.br\/home\/index.php\/wp-json\/wp\/v2\/posts"}],"about":[{"href":"https:\/\/www.jornalcontato.com.br\/home\/index.php\/wp-json\/wp\/v2\/types\/post"}],"author":[{"embeddable":true,"href":"https:\/\/www.jornalcontato.com.br\/home\/index.php\/wp-json\/wp\/v2\/users\/1"}],"replies":[{"embeddable":true,"href":"https:\/\/www.jornalcontato.com.br\/home\/index.php\/wp-json\/wp\/v2\/comments?post=13862"}],"version-history":[{"count":1,"href":"https:\/\/www.jornalcontato.com.br\/home\/index.php\/wp-json\/wp\/v2\/posts\/13862\/revisions"}],"predecessor-version":[{"id":13865,"href":"https:\/\/www.jornalcontato.com.br\/home\/index.php\/wp-json\/wp\/v2\/posts\/13862\/revisions\/13865"}],"wp:featuredmedia":[{"embeddable":true,"href":"https:\/\/www.jornalcontato.com.br\/home\/index.php\/wp-json\/wp\/v2\/media\/13864"}],"wp:attachment":[{"href":"https:\/\/www.jornalcontato.com.br\/home\/index.php\/wp-json\/wp\/v2\/media?parent=13862"}],"wp:term":[{"taxonomy":"category","embeddable":true,"href":"https:\/\/www.jornalcontato.com.br\/home\/index.php\/wp-json\/wp\/v2\/categories?post=13862"},{"taxonomy":"post_tag","embeddable":true,"href":"https:\/\/www.jornalcontato.com.br\/home\/index.php\/wp-json\/wp\/v2\/tags?post=13862"}],"curies":[{"name":"wp","href":"https:\/\/api.w.org\/{rel}","templated":true}]}}