{"id":13816,"date":"2016-11-06T17:11:41","date_gmt":"2016-11-06T20:11:41","guid":{"rendered":"http:\/\/www.jornalcontato.com.br\/home\/?p=13816"},"modified":"2016-11-06T17:11:41","modified_gmt":"2016-11-06T20:11:41","slug":"a-genialidade-de-alberto-nepomuceno","status":"publish","type":"post","link":"https:\/\/www.jornalcontato.com.br\/home\/index.php\/a-genialidade-de-alberto-nepomuceno\/","title":{"rendered":"A genialidade de Alberto Nepomuceno"},"content":{"rendered":"<p style=\"text-align: center;\"><strong><em>O compositor cearense Alberto Nepomuceno (1864-1920) teve gravados os seus tr\u00eas quartetos de cordas. Proeza que coube ao Quarteto Carlos Gomes, integrado por Cl\u00e1udio Cruz e Adonhiran Reis (violino), Gabriel Marin (viola) e Alceu Reis (violoncelo).<\/em><\/strong><!--more--><\/p>\n<p>Nascido em Fortaleza (1864), a singeleza com que concebia as obras e a sensibilidade talhada em cada acorde, em cada contraponto, fazem dele um dos maiores compositores eruditos do Brasil. Suas concep\u00e7\u00f5es composicionais sempre estiveram ombro a ombro com as dos maiores compositores brasileiros e europeus.<\/p>\n<p>Quanto ao Quarteto Carlos Gomes, que, confesso, ainda n\u00e3o conhecia, ap\u00f3s muitas e prazerosas audi\u00e7\u00f5es do \u00e1lbum Quarteto Carlos Gomes \u2013 Alberto Nepomuceno (selo Sesc SP) pude comprovar a virtuose de seus instrumentistas. Com a t\u00e9cnica e a emo\u00e7\u00e3o latejando na ponta dos dedos, embaladas por primorosa afina\u00e7\u00e3o, suas interpreta\u00e7\u00f5es permitem aos ouvintes compreender a extraordin\u00e1ria beleza das obras de Alberto Nepomuceno.<\/p>\n<p>Dos pontos de vista mel\u00f3dico e harm\u00f4nico, cada um dos quatro movimentos, de cada um dos quartetos, s\u00e3o uma maravilha. Os allegros, scherzos ou andantes t\u00eam o dom de serem por vezes l\u00edricos, singelos, dram\u00e1ticos, melanc\u00f3licos e\/ou graciosos&#8230;mas sempre admir\u00e1veis.<\/p>\n<p>Seja pela mestria da interpreta\u00e7\u00e3o do Quarteto Carlos Gomes, seja pela genialidade da composi\u00e7\u00e3o, os movimentos soam na mais absoluta harmonia. Nuances s\u00e3o percept\u00edveis a cada pizzicato, a cada intermezzo, a cada afretando, a cada ralentando.<\/p>\n<p>Assim \u00e9, por exemplo, no \u201cQuarteto n\u00ba 1\u201d (1889), que abre com um monumental alegro agitato; seguido de um andante, cuja repeti\u00e7\u00e3o em pian\u00edssimo de uma mesma frase musical nos reconforta; sucedido por um scherzo, que culmina com um pleno de gra\u00e7a alegro spirituoso. O meu preferido \u00e9 o primeiro movimento.<\/p>\n<p>Assim tamb\u00e9m \u00e9 no \u201cQuarteto n\u00ba 2\u201d (1891), quando um allegro com fuoco d\u00e1 a partida. Em seguida um andante expressivo, seguido de um empolgante Scherzo, que, por sua vez, des\u00e1gua noutro movimento alegro com fuocco, ainda mais rico do que o primeiro.<\/p>\n<p>E vem o \u201cQuarteto N\u00ba 3\u201d (1891) \u2013 o mais bonito de todos. Um allegro moderato d\u00e1 o pontap\u00e9 inicial ao mais luminoso dentre os movimentos deste quarteto, que traz o violoncelo num primoroso desenho. Segue-se um intermezzo \u2013 allegretto, que, por sua vez, entrega para um allegretto, o quarto e \u00faltimo movimento.<\/p>\n<p>Ap\u00f3s mais de 70 minutos de audi\u00e7\u00e3o, o impulso para retom\u00e1-la desde o primeiro quarteto \u00e9 irresist\u00edvel. E eu voltava. E ainda hoje volto, volto&#8230;<\/p>\n<p>Ainda que eu n\u00e3o devesse, n\u00e3o consigo deixar de agora repetir uma frase comumente ouvida em muitos dos faroestes do cinema norte-americano, cuja tradu\u00e7\u00e3o diz mais ou menos assim: \u201cMexam seus traseiros gordos\u201d. A ela eu acrescento: e v\u00e3o ouvir o \u00e1lbum Quarteto Carlos Gomes \u2013 Alberto Nepomuceno.<\/p>\n<p>Agora sem brincadeira, gente, \u00e9 pecado n\u00e3o ouvir esse disco que traz uma das obras mais fascinantes da m\u00fasica erudita brasileira.<\/p>\n<p>Aquiles Rique Reis, m\u00fasico e vocalista do MPB4<\/p>\n","protected":false},"excerpt":{"rendered":"<p>O compositor cearense Alberto Nepomuceno (1864-1920) teve gravados os seus tr\u00eas quartetos de cordas. Proeza que coube ao Quarteto Carlos Gomes, integrado por Cl\u00e1udio Cruz &#8230;<\/p>\n","protected":false},"author":1,"featured_media":13817,"comment_status":"open","ping_status":"open","sticky":false,"template":"","format":"standard","meta":{"footnotes":""},"categories":[32,31],"tags":[],"class_list":["post-13816","post","type-post","status-publish","format-standard","has-post-thumbnail","hentry","category-coluna-do-aquiles","category-colunas"],"_links":{"self":[{"href":"https:\/\/www.jornalcontato.com.br\/home\/index.php\/wp-json\/wp\/v2\/posts\/13816","targetHints":{"allow":["GET"]}}],"collection":[{"href":"https:\/\/www.jornalcontato.com.br\/home\/index.php\/wp-json\/wp\/v2\/posts"}],"about":[{"href":"https:\/\/www.jornalcontato.com.br\/home\/index.php\/wp-json\/wp\/v2\/types\/post"}],"author":[{"embeddable":true,"href":"https:\/\/www.jornalcontato.com.br\/home\/index.php\/wp-json\/wp\/v2\/users\/1"}],"replies":[{"embeddable":true,"href":"https:\/\/www.jornalcontato.com.br\/home\/index.php\/wp-json\/wp\/v2\/comments?post=13816"}],"version-history":[{"count":1,"href":"https:\/\/www.jornalcontato.com.br\/home\/index.php\/wp-json\/wp\/v2\/posts\/13816\/revisions"}],"predecessor-version":[{"id":13818,"href":"https:\/\/www.jornalcontato.com.br\/home\/index.php\/wp-json\/wp\/v2\/posts\/13816\/revisions\/13818"}],"wp:featuredmedia":[{"embeddable":true,"href":"https:\/\/www.jornalcontato.com.br\/home\/index.php\/wp-json\/wp\/v2\/media\/13817"}],"wp:attachment":[{"href":"https:\/\/www.jornalcontato.com.br\/home\/index.php\/wp-json\/wp\/v2\/media?parent=13816"}],"wp:term":[{"taxonomy":"category","embeddable":true,"href":"https:\/\/www.jornalcontato.com.br\/home\/index.php\/wp-json\/wp\/v2\/categories?post=13816"},{"taxonomy":"post_tag","embeddable":true,"href":"https:\/\/www.jornalcontato.com.br\/home\/index.php\/wp-json\/wp\/v2\/tags?post=13816"}],"curies":[{"name":"wp","href":"https:\/\/api.w.org\/{rel}","templated":true}]}}