{"id":13732,"date":"2016-10-25T10:12:18","date_gmt":"2016-10-25T13:12:18","guid":{"rendered":"http:\/\/www.jornalcontato.com.br\/home\/?p=13732"},"modified":"2016-10-25T10:12:18","modified_gmt":"2016-10-25T13:12:18","slug":"passeio-cultural-de-mary-bergamota","status":"publish","type":"post","link":"https:\/\/www.jornalcontato.com.br\/home\/index.php\/passeio-cultural-de-mary-bergamota\/","title":{"rendered":"Passeio Cultural de Mary Bergamota"},"content":{"rendered":"<div>\n<div>\n<div style=\"text-align: left;\">Os insepar\u00e1veis Jo\u00e3o Guilherme Gon\u00e7alves de Camargo Leite e Laura Gall\u00e3o celebram a amizade, prontos para encarar mais um fim de semana de muita festa em terras de Lobato.<\/div>\n<\/div>\n<\/div>\n<div style=\"text-align: left;\"><\/div>\n<div style=\"text-align: left;\"><\/div>\n<div style=\"text-align: left;\">\n<div id=\"attachment_13734\" style=\"width: 300px\" class=\"wp-caption aligncenter\"><a href=\"http:\/\/jornalcontato.com.br\/home\/wp-content\/uploads\/2016\/10\/IMG_0795.jpg\"><img loading=\"lazy\" decoding=\"async\" aria-describedby=\"caption-attachment-13734\" class=\"size-large wp-image-13734\" src=\"http:\/\/jornalcontato.com.br\/home\/wp-content\/uploads\/2016\/10\/IMG_0795-300x450.jpg\" alt=\"Clicada pela mana Yasmin, Juliana Melhen esbanja intelig\u00eancia e savoir-faire sem dispensar o mais belo sorriso, o mais encantador olhar, sem falar no ador\u00e1vel sotaque pernambucano.\" width=\"300\" height=\"450\" srcset=\"https:\/\/jornalcontato.com.br\/home\/wp-content\/uploads\/2016\/10\/IMG_0795-300x450.jpg 300w, https:\/\/jornalcontato.com.br\/home\/wp-content\/uploads\/2016\/10\/IMG_0795-200x300.jpg 200w, https:\/\/jornalcontato.com.br\/home\/wp-content\/uploads\/2016\/10\/IMG_0795-768x1152.jpg 768w, https:\/\/jornalcontato.com.br\/home\/wp-content\/uploads\/2016\/10\/IMG_0795.jpg 800w\" sizes=\"auto, (max-width: 300px) 100vw, 300px\" \/><\/a><p id=\"caption-attachment-13734\" class=\"wp-caption-text\">Clicada pela mana Yasmin, Juliana Melhen esbanja intelig\u00eancia e savoir-faire sem dispensar o mais belo sorriso, o mais encantador olhar, sem falar no ador\u00e1vel sotaque pernambucano.<\/p><\/div>\n<\/div>\n<p>&nbsp;<\/p>\n<p>&nbsp;<\/p>\n<div id=\"attachment_13735\" style=\"width: 300px\" class=\"wp-caption aligncenter\"><a href=\"http:\/\/jornalcontato.com.br\/home\/wp-content\/uploads\/2016\/10\/IMG_0788.jpeg\"><img loading=\"lazy\" decoding=\"async\" aria-describedby=\"caption-attachment-13735\" class=\"size-large wp-image-13735\" src=\"http:\/\/jornalcontato.com.br\/home\/wp-content\/uploads\/2016\/10\/IMG_0788-300x450.jpeg\" alt=\"Na esteira de Descartes, cultivando a filosofia que nos ensina que s\u00f3 nas paix\u00f5es reside a do\u00e7ura e felicidade da vida, segue Val Momberg, apaixonada e acreditando num mundo mais leve e gentil.\" width=\"300\" height=\"450\" srcset=\"https:\/\/jornalcontato.com.br\/home\/wp-content\/uploads\/2016\/10\/IMG_0788-300x450.jpeg 300w, https:\/\/jornalcontato.com.br\/home\/wp-content\/uploads\/2016\/10\/IMG_0788-200x300.jpeg 200w, https:\/\/jornalcontato.com.br\/home\/wp-content\/uploads\/2016\/10\/IMG_0788-768x1151.jpeg 768w, https:\/\/jornalcontato.com.br\/home\/wp-content\/uploads\/2016\/10\/IMG_0788.jpeg 854w\" sizes=\"auto, (max-width: 300px) 100vw, 300px\" \/><\/a><p id=\"caption-attachment-13735\" class=\"wp-caption-text\">Na esteira de Descartes, cultivando a filosofia que nos ensina que s\u00f3 nas paix\u00f5es reside a do\u00e7ura e felicidade da vida, segue Val Momberg, apaixonada e acreditando num mundo mais leve e gentil.<\/p><\/div>\n<p>&nbsp;<\/p>\n<p>&nbsp;<\/p>\n<div id=\"attachment_13736\" style=\"width: 300px\" class=\"wp-caption aligncenter\"><a href=\"http:\/\/jornalcontato.com.br\/home\/wp-content\/uploads\/2016\/10\/IMG_0780.jpeg\"><img loading=\"lazy\" decoding=\"async\" aria-describedby=\"caption-attachment-13736\" class=\"size-large wp-image-13736\" src=\"http:\/\/jornalcontato.com.br\/home\/wp-content\/uploads\/2016\/10\/IMG_0780-300x450.jpeg\" alt=\"Dona do bom dia mais concorrido da cidade, astral invej\u00e1vel e sensibilidade a toda prova, Iva Ara\u00fajo s\u00f3 faz agora por receber homenagens: j\u00e1 apontada como o cart\u00e3o de visitas mais bacana da cidade, retrato da gentileza, foi escolhida para representar a Guarda Civil e levou a Medalha Constitucionalista do Estado de S\u00e3o Paulo representando seus pares em recep\u00e7\u00e3o na Academia de Pol\u00edcia Militar do Barro Branco, em S\u00e3o Paulo.\" width=\"300\" height=\"450\" srcset=\"https:\/\/jornalcontato.com.br\/home\/wp-content\/uploads\/2016\/10\/IMG_0780-300x450.jpeg 300w, https:\/\/jornalcontato.com.br\/home\/wp-content\/uploads\/2016\/10\/IMG_0780-200x300.jpeg 200w, https:\/\/jornalcontato.com.br\/home\/wp-content\/uploads\/2016\/10\/IMG_0780-768x1151.jpeg 768w, https:\/\/jornalcontato.com.br\/home\/wp-content\/uploads\/2016\/10\/IMG_0780.jpeg 854w\" sizes=\"auto, (max-width: 300px) 100vw, 300px\" \/><\/a><p id=\"caption-attachment-13736\" class=\"wp-caption-text\">Dona do bom dia mais concorrido da cidade, astral invej\u00e1vel e sensibilidade a toda prova, Iva Ara\u00fajo s\u00f3 faz agora por receber homenagens: j\u00e1 apontada como o cart\u00e3o de visitas mais bacana da cidade, retrato da gentileza, foi escolhida para representar a Guarda Civil e levou a Medalha Constitucionalista do Estado de S\u00e3o Paulo representando seus pares em recep\u00e7\u00e3o na Academia de Pol\u00edcia Militar do Barro Branco, em S\u00e3o Paulo.<\/p><\/div>\n<p>&nbsp;<\/p>\n<p>&nbsp;<\/p>\n<div id=\"attachment_13737\" style=\"width: 300px\" class=\"wp-caption aligncenter\"><a href=\"http:\/\/jornalcontato.com.br\/home\/wp-content\/uploads\/2016\/10\/IMG_0778.jpeg\"><img loading=\"lazy\" decoding=\"async\" aria-describedby=\"caption-attachment-13737\" class=\"size-large wp-image-13737\" src=\"http:\/\/jornalcontato.com.br\/home\/wp-content\/uploads\/2016\/10\/IMG_0778-300x450.jpeg\" alt=\"Sempre atento \u00e0 din\u00e2mica urbana da cidade, Benedito Assagra Ribas de Mello confere caminhando e cantando e seguindo a can\u00e7\u00e3o, a quantas andas a apropria\u00e7\u00e3o e manuten\u00e7\u00e3o dos espa\u00e7os p\u00fablicos na sua forma mais intr\u00ednseca,  como lugares irredut\u00edveis de viv\u00eancia e cidadania.\" width=\"300\" height=\"450\" srcset=\"https:\/\/jornalcontato.com.br\/home\/wp-content\/uploads\/2016\/10\/IMG_0778-300x450.jpeg 300w, https:\/\/jornalcontato.com.br\/home\/wp-content\/uploads\/2016\/10\/IMG_0778-200x300.jpeg 200w, https:\/\/jornalcontato.com.br\/home\/wp-content\/uploads\/2016\/10\/IMG_0778-768x1151.jpeg 768w, https:\/\/jornalcontato.com.br\/home\/wp-content\/uploads\/2016\/10\/IMG_0778.jpeg 854w\" sizes=\"auto, (max-width: 300px) 100vw, 300px\" \/><\/a><p id=\"caption-attachment-13737\" class=\"wp-caption-text\">Sempre atento \u00e0 din\u00e2mica urbana da cidade, Benedito Assagra Ribas de Mello confere caminhando e cantando e seguindo a can\u00e7\u00e3o, a quantas andas a apropria\u00e7\u00e3o e manuten\u00e7\u00e3o dos espa\u00e7os p\u00fablicos na sua forma mais intr\u00ednseca, como lugares irredut\u00edveis de viv\u00eancia e cidadania.<\/p><\/div>\n<p>&nbsp;<\/p>\n<p>&nbsp;<\/p>\n<div id=\"attachment_13738\" style=\"width: 300px\" class=\"wp-caption aligncenter\"><a href=\"http:\/\/jornalcontato.com.br\/home\/wp-content\/uploads\/2016\/10\/IMG_0630.jpeg\"><img loading=\"lazy\" decoding=\"async\" aria-describedby=\"caption-attachment-13738\" class=\"size-large wp-image-13738\" src=\"http:\/\/jornalcontato.com.br\/home\/wp-content\/uploads\/2016\/10\/IMG_0630-300x450.jpeg\" alt=\"Cin\u00e9filo da mais longa data, Alexandre Souza Macedo Reis abandona o branco (sim, ele \u00e9 m\u00e9dico!) e prestigia seu \u00eddolo, literalmente vestindo Almod\u00f3var.\" width=\"300\" height=\"450\" srcset=\"https:\/\/jornalcontato.com.br\/home\/wp-content\/uploads\/2016\/10\/IMG_0630-300x450.jpeg 300w, https:\/\/jornalcontato.com.br\/home\/wp-content\/uploads\/2016\/10\/IMG_0630-200x300.jpeg 200w, https:\/\/jornalcontato.com.br\/home\/wp-content\/uploads\/2016\/10\/IMG_0630-768x1151.jpeg 768w, https:\/\/jornalcontato.com.br\/home\/wp-content\/uploads\/2016\/10\/IMG_0630.jpeg 854w\" sizes=\"auto, (max-width: 300px) 100vw, 300px\" \/><\/a><p id=\"caption-attachment-13738\" class=\"wp-caption-text\">Cin\u00e9filo da mais longa data, Alexandre Souza Macedo Reis abandona o branco (sim, ele \u00e9 m\u00e9dico!) e prestigia seu \u00eddolo, literalmente vestindo Almod\u00f3var.<\/p><\/div>\n<p>&nbsp;<\/p>\n<p style=\"text-align: right;\"><em><strong>por Mary Bergamota e fotos de Luciano Dinamarco (<a href=\"http:\/\/jornalcontato.com.br\/home\/index.php\/2016\/05\/04\/mary-bergamota\/www.twitter.com\/dinamarco\" target=\"_blank\">www.twitter.com\/dinamarco<\/a>)<\/strong><\/em><\/p>\n","protected":false},"excerpt":{"rendered":"<p>Os insepar\u00e1veis Jo\u00e3o Guilherme Gon\u00e7alves de Camargo Leite e Laura Gall\u00e3o celebram a amizade, prontos para encarar mais um fim de semana de muita festa &#8230;<\/p>\n","protected":false},"author":1,"featured_media":13733,"comment_status":"open","ping_status":"open","sticky":false,"template":"","format":"standard","meta":{"footnotes":""},"categories":[31,39],"tags":[],"class_list":["post-13732","post","type-post","status-publish","format-standard","has-post-thumbnail","hentry","category-colunas","category-mary-bergamota"],"_links":{"self":[{"href":"https:\/\/www.jornalcontato.com.br\/home\/index.php\/wp-json\/wp\/v2\/posts\/13732","targetHints":{"allow":["GET"]}}],"collection":[{"href":"https:\/\/www.jornalcontato.com.br\/home\/index.php\/wp-json\/wp\/v2\/posts"}],"about":[{"href":"https:\/\/www.jornalcontato.com.br\/home\/index.php\/wp-json\/wp\/v2\/types\/post"}],"author":[{"embeddable":true,"href":"https:\/\/www.jornalcontato.com.br\/home\/index.php\/wp-json\/wp\/v2\/users\/1"}],"replies":[{"embeddable":true,"href":"https:\/\/www.jornalcontato.com.br\/home\/index.php\/wp-json\/wp\/v2\/comments?post=13732"}],"version-history":[{"count":1,"href":"https:\/\/www.jornalcontato.com.br\/home\/index.php\/wp-json\/wp\/v2\/posts\/13732\/revisions"}],"predecessor-version":[{"id":13739,"href":"https:\/\/www.jornalcontato.com.br\/home\/index.php\/wp-json\/wp\/v2\/posts\/13732\/revisions\/13739"}],"wp:featuredmedia":[{"embeddable":true,"href":"https:\/\/www.jornalcontato.com.br\/home\/index.php\/wp-json\/wp\/v2\/media\/13733"}],"wp:attachment":[{"href":"https:\/\/www.jornalcontato.com.br\/home\/index.php\/wp-json\/wp\/v2\/media?parent=13732"}],"wp:term":[{"taxonomy":"category","embeddable":true,"href":"https:\/\/www.jornalcontato.com.br\/home\/index.php\/wp-json\/wp\/v2\/categories?post=13732"},{"taxonomy":"post_tag","embeddable":true,"href":"https:\/\/www.jornalcontato.com.br\/home\/index.php\/wp-json\/wp\/v2\/tags?post=13732"}],"curies":[{"name":"wp","href":"https:\/\/api.w.org\/{rel}","templated":true}]}}