{"id":13547,"date":"2016-09-30T13:35:58","date_gmt":"2016-09-30T16:35:58","guid":{"rendered":"http:\/\/www.jornalcontato.com.br\/home\/?p=13547"},"modified":"2016-10-06T17:50:50","modified_gmt":"2016-10-06T20:50:50","slug":"debate-cinismo-e-mentira-sobre-julgamento-de-ortiz-jr","status":"publish","type":"post","link":"https:\/\/www.jornalcontato.com.br\/home\/index.php\/debate-cinismo-e-mentira-sobre-julgamento-de-ortiz-jr\/","title":{"rendered":"Debate: cinismo e mentira sobre julgamento de Ortiz Jr"},"content":{"rendered":"<p style=\"text-align: center;\"><strong><em>Frio e pouco esclarecedor foi o clima que predominou no debate entre os candidatos a prefeito de Taubat\u00e9 que a Rede Vanguarda promoveu na noite de quinta-feira, 29, que havia sido cancelado no in\u00edcio da campanha eleitoral; sil\u00eancio sobre o julgamento de Ortiz Jr<\/em><\/strong><!--more--><\/p>\n<p>\u00a0\u00a0\u00a0\u00a0\u00a0\u00a0\u00a0\u00a0\u00a0\u00a0\u00a0 Nenhum dos quatro blocos do debate realizado pela Rede Vanguarda de TV chegou a empolgar o telespectador. Com exce\u00e7\u00e3o de algumas estocadas de Isaac do Carmo (PT), quando por mais de uma vez insistiu na condi\u00e7\u00e3o de cassado do ex-prefeito Ortiz J\u00fanior (PSDB).<\/p>\n<p>O curto espa\u00e7o de tempo para que houvesse explana\u00e7\u00e3o dos respectivos planos de governo reduziu o debate a quase uma ladainha de propostas e siglas incompreens\u00edveis para o eleitor comum.<\/p>\n<p><a href=\"http:\/\/jornalcontato.com.br\/home\/wp-content\/uploads\/2016\/09\/Pollyana-reduzida.jpg\"><img loading=\"lazy\" decoding=\"async\" class=\"aligncenter size-large wp-image-13549\" src=\"http:\/\/jornalcontato.com.br\/home\/wp-content\/uploads\/2016\/09\/Pollyana-reduzida-450x288.jpg\" alt=\"Pollyana reduzida\" width=\"450\" height=\"288\" srcset=\"https:\/\/jornalcontato.com.br\/home\/wp-content\/uploads\/2016\/09\/Pollyana-reduzida-450x288.jpg 450w, https:\/\/jornalcontato.com.br\/home\/wp-content\/uploads\/2016\/09\/Pollyana-reduzida-300x192.jpg 300w, https:\/\/jornalcontato.com.br\/home\/wp-content\/uploads\/2016\/09\/Pollyana-reduzida.jpg 523w\" sizes=\"auto, (max-width: 450px) 100vw, 450px\" \/><\/a><\/p>\n<p>Pollyana (PPS) e Isaac at\u00e9 que tentaram fazer alguma cobran\u00e7a de Ortiz J\u00fanior, como na participa\u00e7\u00e3o de seu irm\u00e3o Beto Ortiz que veiculou nas redes sociais uma p\u00e1gina rasurada do site da Justi\u00e7a Eleitoral. Beto postou a p\u00e1gina rasurada no item espec\u00edfico do indeferimento da candidatura tucana.<\/p>\n<p><a href=\"http:\/\/jornalcontato.com.br\/home\/wp-content\/uploads\/2016\/09\/Isaac-reduzida.jpg\"><img loading=\"lazy\" decoding=\"async\" class=\"aligncenter size-large wp-image-13550\" src=\"http:\/\/jornalcontato.com.br\/home\/wp-content\/uploads\/2016\/09\/Isaac-reduzida-450x294.jpg\" alt=\"Isaac reduzida\" width=\"450\" height=\"294\" srcset=\"https:\/\/jornalcontato.com.br\/home\/wp-content\/uploads\/2016\/09\/Isaac-reduzida-450x294.jpg 450w, https:\/\/jornalcontato.com.br\/home\/wp-content\/uploads\/2016\/09\/Isaac-reduzida-300x196.jpg 300w, https:\/\/jornalcontato.com.br\/home\/wp-content\/uploads\/2016\/09\/Isaac-reduzida.jpg 497w\" sizes=\"auto, (max-width: 450px) 100vw, 450px\" \/><\/a><\/p>\n<p>Cinicamente, Ortiz respondeu que seu irm\u00e3o n\u00e3o era candidato e que, por isso, n\u00e3o merecia ser atacado. Nenhum dos demais candidatos lembrou-o que seu irm\u00e3o \u00e9 apenas o tesoureiro de sua campanha.<\/p>\n<p>Situa\u00e7\u00e3o semelhante ocorreu quando Pollyana quis saber a raz\u00e3o da aus\u00eancia do governador Geraldo Alckmin na campanha tucana. Ortiz Jr enrolou, fez uma s\u00e9rie de elogios ao governo estadual, mas n\u00e3o respondeu. Na sua vez, Pollyana apenas registrou a n\u00e3o resposta do ex-prefeito cassado.<\/p>\n<p><a href=\"http:\/\/jornalcontato.com.br\/home\/wp-content\/uploads\/2016\/09\/Ortiz-reduzida.jpg\"><img loading=\"lazy\" decoding=\"async\" class=\"aligncenter size-large wp-image-13551\" src=\"http:\/\/jornalcontato.com.br\/home\/wp-content\/uploads\/2016\/09\/Ortiz-reduzida-450x282.jpg\" alt=\"Ortiz reduzida\" width=\"450\" height=\"282\" srcset=\"https:\/\/jornalcontato.com.br\/home\/wp-content\/uploads\/2016\/09\/Ortiz-reduzida-450x282.jpg 450w, https:\/\/jornalcontato.com.br\/home\/wp-content\/uploads\/2016\/09\/Ortiz-reduzida-300x188.jpg 300w, https:\/\/jornalcontato.com.br\/home\/wp-content\/uploads\/2016\/09\/Ortiz-reduzida.jpg 521w\" sizes=\"auto, (max-width: 450px) 100vw, 450px\" \/><\/a><\/p>\n<p>Ant\u00f4nio Saud (PMDB) revelou sua pouca familiaridade com argumentos e n\u00fameros. Limitou-se a repetir ideias vagas incompreens\u00edveis. Em momento algum fez qualquer cr\u00edtica ao governo tucano. Por que ser\u00e1?<\/p>\n<p>Quando teve in\u00edcio o debate, j\u00e1 era conhecido agendamento para hoje, sexta-feira, 30, do julgamento pelo Tribunal Regional Eleitoral do recurso impetrado interposto pelo Minist\u00e9rio P\u00fablico Eleitoral, o Partido Solidariedade e Liberdade (PSOL) e o jornalista Irani Lima (ver nota abaixo). O recurso pede o indeferimento do registro da candidatura tucana.<\/p>\n<p><a href=\"http:\/\/jornalcontato.com.br\/home\/wp-content\/uploads\/2016\/09\/Saud-reduzida.jpg\"><img loading=\"lazy\" decoding=\"async\" class=\"aligncenter size-large wp-image-13552\" src=\"http:\/\/jornalcontato.com.br\/home\/wp-content\/uploads\/2016\/09\/Saud-reduzida-450x326.jpg\" alt=\"Saud reduzida\" width=\"450\" height=\"326\" srcset=\"https:\/\/jornalcontato.com.br\/home\/wp-content\/uploads\/2016\/09\/Saud-reduzida-450x326.jpg 450w, https:\/\/jornalcontato.com.br\/home\/wp-content\/uploads\/2016\/09\/Saud-reduzida-300x218.jpg 300w, https:\/\/jornalcontato.com.br\/home\/wp-content\/uploads\/2016\/09\/Saud-reduzida.jpg 575w\" sizes=\"auto, (max-width: 450px) 100vw, 450px\" \/><\/a><\/p>\n<p>Curiosamente, nenhum dos debatedores fez qualquer refer\u00eancia \u00e0quele fato que revelaria a mentira que tem sido repetida Ortiz J\u00fanior em sua campanha, inclusive durante do debate, que os votos que receber ser\u00e3o v\u00e1lidos.<\/p>\n<p style=\"text-align: center;\"><em><strong>Candidatura de Ortiz J\u00fanior ser\u00e1 julgada nesta sexta-feira<\/strong><\/em><\/p>\n<p>O TRE julgar\u00e1 hoje pedido do Minist\u00e9rio P\u00fablico, refor\u00e7ado pelo PSOL e pelo blogueiro Irani Lima, para indeferir o pedido de registro da candidatura de Ortiz J\u00fanior (PSDB). O Juiz Eleitora de Taubat\u00e9, Paulo Roberto da Silva, j\u00e1 indeferiu em primeira inst\u00e2ncia o registro da candidatura do tucano. Como o TRE\/SP j\u00e1 havia declarado em outro processo que Ortiz Jr est\u00e1 ineleg\u00edvel por 8 anos, \u00e9 muito prov\u00e1vel que o Tribunal mantenha a decis\u00e3o e, portanto, Ortiz J\u00fanior continuar\u00e1 com sua candidatura indeferida, sub judice e ter\u00e1 os votos anulados no domingo, 02. Ou seja, a situa\u00e7\u00e3o de Ortiz continuar\u00e1 a mesma. A sess\u00e3o desta sexta-feira, 30, come\u00e7a \u00e0s 13h30. Caso o TRE rejeite o recurso, o prefeito cassado ainda poder\u00e1 apelar ao TSE.<\/p>\n<p><a href=\"http:\/\/jornalcontato.com.br\/home\/wp-content\/uploads\/2016\/09\/Os-quatro-1.jpg\"><img loading=\"lazy\" decoding=\"async\" class=\"aligncenter size-large wp-image-13553\" src=\"http:\/\/jornalcontato.com.br\/home\/wp-content\/uploads\/2016\/09\/Os-quatro-1-450x289.jpg\" alt=\"Os quatro\" width=\"450\" height=\"289\" srcset=\"https:\/\/jornalcontato.com.br\/home\/wp-content\/uploads\/2016\/09\/Os-quatro-1-450x289.jpg 450w, https:\/\/jornalcontato.com.br\/home\/wp-content\/uploads\/2016\/09\/Os-quatro-1-300x193.jpg 300w, https:\/\/jornalcontato.com.br\/home\/wp-content\/uploads\/2016\/09\/Os-quatro-1.jpg 642w\" sizes=\"auto, (max-width: 450px) 100vw, 450px\" \/><\/a><\/p>\n<p>Esse fato em si seria o suficiente para demolir a mentira e o cinismo do candidato tucano durante o debate de ontem. Porque ser\u00e1 que nenhum outro lado se referiu a esse fato?<\/p>\n","protected":false},"excerpt":{"rendered":"<p>Frio e pouco esclarecedor foi o clima que predominou no debate entre os candidatos a prefeito de Taubat\u00e9 que a Rede Vanguarda promoveu na noite &#8230;<\/p>\n","protected":false},"author":1,"featured_media":13548,"comment_status":"open","ping_status":"open","sticky":false,"template":"","format":"standard","meta":{"footnotes":""},"categories":[29,7],"tags":[],"class_list":["post-13547","post","type-post","status-publish","format-standard","has-post-thumbnail","hentry","category-regional","category-reportagem"],"_links":{"self":[{"href":"https:\/\/www.jornalcontato.com.br\/home\/index.php\/wp-json\/wp\/v2\/posts\/13547","targetHints":{"allow":["GET"]}}],"collection":[{"href":"https:\/\/www.jornalcontato.com.br\/home\/index.php\/wp-json\/wp\/v2\/posts"}],"about":[{"href":"https:\/\/www.jornalcontato.com.br\/home\/index.php\/wp-json\/wp\/v2\/types\/post"}],"author":[{"embeddable":true,"href":"https:\/\/www.jornalcontato.com.br\/home\/index.php\/wp-json\/wp\/v2\/users\/1"}],"replies":[{"embeddable":true,"href":"https:\/\/www.jornalcontato.com.br\/home\/index.php\/wp-json\/wp\/v2\/comments?post=13547"}],"version-history":[{"count":1,"href":"https:\/\/www.jornalcontato.com.br\/home\/index.php\/wp-json\/wp\/v2\/posts\/13547\/revisions"}],"predecessor-version":[{"id":13554,"href":"https:\/\/www.jornalcontato.com.br\/home\/index.php\/wp-json\/wp\/v2\/posts\/13547\/revisions\/13554"}],"wp:featuredmedia":[{"embeddable":true,"href":"https:\/\/www.jornalcontato.com.br\/home\/index.php\/wp-json\/wp\/v2\/media\/13548"}],"wp:attachment":[{"href":"https:\/\/www.jornalcontato.com.br\/home\/index.php\/wp-json\/wp\/v2\/media?parent=13547"}],"wp:term":[{"taxonomy":"category","embeddable":true,"href":"https:\/\/www.jornalcontato.com.br\/home\/index.php\/wp-json\/wp\/v2\/categories?post=13547"},{"taxonomy":"post_tag","embeddable":true,"href":"https:\/\/www.jornalcontato.com.br\/home\/index.php\/wp-json\/wp\/v2\/tags?post=13547"}],"curies":[{"name":"wp","href":"https:\/\/api.w.org\/{rel}","templated":true}]}}