{"id":13528,"date":"2016-09-27T16:54:47","date_gmt":"2016-09-27T19:54:47","guid":{"rendered":"http:\/\/www.jornalcontato.com.br\/home\/?p=13528"},"modified":"2016-09-27T16:57:41","modified_gmt":"2016-09-27T19:57:41","slug":"eleicoes-jogo-sujo-na-campanha-de-ortiz-jr-psdb","status":"publish","type":"post","link":"https:\/\/www.jornalcontato.com.br\/home\/index.php\/eleicoes-jogo-sujo-na-campanha-de-ortiz-jr-psdb\/","title":{"rendered":"Elei\u00e7\u00f5es: Jogo sujo na campanha de Ortiz Jr (PSDB)"},"content":{"rendered":"<p style=\"text-align: right;\"><em><strong>Por Paulo de Tarso Venceslau<\/strong><\/em><\/p>\n<p>&nbsp;<\/p>\n<p>Campanha eleitoral costuma ter de tudo: de mentira a promessa, relacionar como realizadas obras que nunca sa\u00edram do papel, assinar como suas obras do governo do estadual ou federal e por a\u00ed vai.<\/p>\n<p>Durante uma campanha eleitoral, ent\u00e3o, deixa de existir limites. O saudoso jornalista e pol\u00edtico Sebasti\u00e3o Nery escreveu um livro com 1950 casos, ou melhor, \u201ccausos\u201d. Um de seus protagonistas preferido \u00e9 o pol\u00edtico mineiro Jos\u00e9 Maria Alkimin que foi ministro da fazenda do presidente Juscelino Kubistchek e vice-presidente da rep\u00fablica no primeiro governo militar.<\/p>\n<p>Ele conta que um dia Alkimin encontra o filho de um eleitor.<\/p>\n<p>&#8211; Como vai seu pai, meu filho?<\/p>\n<p>&#8211; Meu pai j\u00e1 morreu h\u00e1 muito tempo, dr Alkimin.<\/p>\n<p>&#8211; Morreu para voc\u00ea, filho ingrato. Porque ele continua vivo em meu cora\u00e7\u00e3o.<\/p>\n<p>Na terra de Lobato, por\u00e9m, o folclore pol\u00edtico parece estar perdendo espa\u00e7o para o que tudo indica ser crime pol\u00edtico.<\/p>\n<p>&nbsp;<\/p>\n<div id=\"attachment_13529\" style=\"width: 450px\" class=\"wp-caption aligncenter\"><a href=\"http:\/\/jornalcontato.com.br\/home\/wp-content\/uploads\/2016\/09\/14444639_342448212765357_2497189197931284465_o.jpg\" target=\"_blank\"><img loading=\"lazy\" decoding=\"async\" aria-describedby=\"caption-attachment-13529\" class=\"size-large wp-image-13529\" src=\"http:\/\/jornalcontato.com.br\/home\/wp-content\/uploads\/2016\/09\/14444639_342448212765357_2497189197931284465_o-450x231.jpg\" alt=\"Imagem manipulada do site do TSE \u00e9 compartilhada nas redes sociais por Beto Ortiz, irm\u00e3o de Ortiz Jr (PSDB)\" width=\"450\" height=\"231\" srcset=\"https:\/\/jornalcontato.com.br\/home\/wp-content\/uploads\/2016\/09\/14444639_342448212765357_2497189197931284465_o-450x231.jpg 450w, https:\/\/jornalcontato.com.br\/home\/wp-content\/uploads\/2016\/09\/14444639_342448212765357_2497189197931284465_o-300x154.jpg 300w, https:\/\/jornalcontato.com.br\/home\/wp-content\/uploads\/2016\/09\/14444639_342448212765357_2497189197931284465_o-768x395.jpg 768w, https:\/\/jornalcontato.com.br\/home\/wp-content\/uploads\/2016\/09\/14444639_342448212765357_2497189197931284465_o.jpg 1366w\" sizes=\"auto, (max-width: 450px) 100vw, 450px\" \/><\/a><p id=\"caption-attachment-13529\" class=\"wp-caption-text\">Imagem manipulada do site do TSE \u00e9 compartilhada nas redes sociais por Beto Ortiz, irm\u00e3o de Ortiz Jr (PSDB). Clique para ampliar a imagem.<\/p><\/div>\n<p>&nbsp;<\/p>\n<div id=\"attachment_13530\" style=\"width: 450px\" class=\"wp-caption aligncenter\"><a href=\"http:\/\/jornalcontato.com.br\/home\/wp-content\/uploads\/2016\/09\/site-TSE-site.jpg\" target=\"_blank\"><img loading=\"lazy\" decoding=\"async\" aria-describedby=\"caption-attachment-13530\" class=\"size-large wp-image-13530\" src=\"http:\/\/jornalcontato.com.br\/home\/wp-content\/uploads\/2016\/09\/site-TSE-site-450x309.jpg\" alt=\"Reprodu\u00e7\u00e3o original do site do TSE registrada por CONTATO na tarde desta ter\u00e7a-feira, 27\" width=\"450\" height=\"309\" srcset=\"https:\/\/jornalcontato.com.br\/home\/wp-content\/uploads\/2016\/09\/site-TSE-site-450x309.jpg 450w, https:\/\/jornalcontato.com.br\/home\/wp-content\/uploads\/2016\/09\/site-TSE-site-300x206.jpg 300w, https:\/\/jornalcontato.com.br\/home\/wp-content\/uploads\/2016\/09\/site-TSE-site-768x528.jpg 768w, https:\/\/jornalcontato.com.br\/home\/wp-content\/uploads\/2016\/09\/site-TSE-site.jpg 1056w\" sizes=\"auto, (max-width: 450px) 100vw, 450px\" \/><\/a><p id=\"caption-attachment-13530\" class=\"wp-caption-text\">Reprodu\u00e7\u00e3o original do site do TSE registrada por CONTATO na tarde desta ter\u00e7a-feira, 27. Clique para ampliar a imagem.<\/p><\/div>\n<p>&nbsp;<\/p>\n<p><strong>Crime ou folclore?<\/strong><\/p>\n<p>Na ter\u00e7a-feira, 27, por volta das 11h, o perfil de Beto Ortiz Facebook exibiu uma mensagem, ou melhor, uma foto montagem. Para quem n\u00e3o sabe, Beto \u00e9 irm\u00e3o do candidato Ortiz J\u00fanior (PSDB).<\/p>\n<p>A foto montagem trazia como base a p\u00e1gina oficial da Justi\u00e7a Eleitoral exibida no site do TSE (Tribunal Superior Eleitoral) e do TRE\/SP (Tribunal Regional Eleitoral). As informa\u00e7\u00f5es ali contidas s\u00e3o da maior import\u00e2ncia para quem procura saber quem s\u00e3o os candidatos a prefeito, a vice e a vereador.<\/p>\n<p>Pouco depois das 11h, esse escriba recebe um WhatsApp de um amigo com uma reprodu\u00e7\u00e3o da p\u00e1gina do site da Justi\u00e7a Eleitoral com informa\u00e7\u00f5es sobre seu candidato Ortiz J\u00fanior. Como havia conversado havia pouco com ele e reafirmado sobre a inelegibilidade do prefeito cassado, ele me enviou como prova de que eu estaria enganado.<\/p>\n<p>&nbsp;<\/p>\n<div id=\"attachment_13531\" style=\"width: 368px\" class=\"wp-caption aligncenter\"><a href=\"http:\/\/jornalcontato.com.br\/home\/wp-content\/uploads\/2016\/09\/beto-ortiz-site.jpg\" target=\"_blank\"><img loading=\"lazy\" decoding=\"async\" aria-describedby=\"caption-attachment-13531\" class=\" wp-image-13531\" src=\"http:\/\/jornalcontato.com.br\/home\/wp-content\/uploads\/2016\/09\/beto-ortiz-site-306x450.jpg\" alt=\"Beto Ortiz divulgou a imagem manipulada na manh\u00e3 desta ter\u00e7a-feira, 27\" width=\"368\" height=\"541\" srcset=\"https:\/\/jornalcontato.com.br\/home\/wp-content\/uploads\/2016\/09\/beto-ortiz-site-306x450.jpg 306w, https:\/\/jornalcontato.com.br\/home\/wp-content\/uploads\/2016\/09\/beto-ortiz-site-204x300.jpg 204w, https:\/\/jornalcontato.com.br\/home\/wp-content\/uploads\/2016\/09\/beto-ortiz-site-768x1130.jpg 768w, https:\/\/jornalcontato.com.br\/home\/wp-content\/uploads\/2016\/09\/beto-ortiz-site.jpg 880w\" sizes=\"auto, (max-width: 368px) 100vw, 368px\" \/><\/a><p id=\"caption-attachment-13531\" class=\"wp-caption-text\">Beto Ortiz divulgou a imagem manipulada na manh\u00e3 desta ter\u00e7a-feira, 27. Clique para ampliar a imagem.<\/p><\/div>\n<p>&nbsp;<\/p>\n<div id=\"attachment_13532\" style=\"width: 381px\" class=\"wp-caption aligncenter\"><a href=\"http:\/\/jornalcontato.com.br\/home\/wp-content\/uploads\/2016\/09\/eduardo-cursino-site.jpg\" target=\"_blank\"><img loading=\"lazy\" decoding=\"async\" aria-describedby=\"caption-attachment-13532\" class=\"size-large wp-image-13532\" src=\"http:\/\/jornalcontato.com.br\/home\/wp-content\/uploads\/2016\/09\/eduardo-cursino-site-381x450.jpg\" alt=\"Eduardo Cursino, Secret\u00e1rio de Governo e Rela\u00e7\u00f5es Institucionais do governo de Ortiz Jr (PSDB), \u00e9 uma das pessoas que compartilhou a postagem de Beto Ortiz\" width=\"381\" height=\"450\" srcset=\"https:\/\/jornalcontato.com.br\/home\/wp-content\/uploads\/2016\/09\/eduardo-cursino-site-381x450.jpg 381w, https:\/\/jornalcontato.com.br\/home\/wp-content\/uploads\/2016\/09\/eduardo-cursino-site-254x300.jpg 254w, https:\/\/jornalcontato.com.br\/home\/wp-content\/uploads\/2016\/09\/eduardo-cursino-site-768x907.jpg 768w, https:\/\/jornalcontato.com.br\/home\/wp-content\/uploads\/2016\/09\/eduardo-cursino-site.jpg 876w\" sizes=\"auto, (max-width: 381px) 100vw, 381px\" \/><\/a><p id=\"caption-attachment-13532\" class=\"wp-caption-text\">Eduardo Cursino, Secret\u00e1rio de Governo e Rela\u00e7\u00f5es Institucionais do governo de Ortiz Jr (PSDB), \u00e9 uma das pessoas que compartilhou a postagem de Beto Ortiz. Clique para ampliar a imagem.<\/p><\/div>\n<p>&nbsp;<\/p>\n<p>Por\u00e9m, n\u00e3o mais que um por\u00e9m, eis que um r\u00e1pido passar de olhos pude comprovar um pequeno enorme detalhe: a imagem da Justi\u00e7a Eleitoral havia sido alterada. Isso mesmo, rasurada.<\/p>\n<p>As imagens aqui exibidas valem mais que qualquer discurso. N\u00e3o sei quem \u00e9 o respons\u00e1vel. Cabe \u00e0 pol\u00edcia e \u00e0 justi\u00e7a investigar. Ou seria apenas mais um folclore pol\u00edtico regional?<\/p>\n<p>Folclore ou crime n\u00e3o pode ser confundido com Justi\u00e7a Eleitoral. A brilhante iniciativa de disponibilizar informa\u00e7\u00f5es confi\u00e1veis n\u00e3o pode ser maculada por irrespons\u00e1veis que temem a decis\u00e3o que est\u00e1 prestes a sair dos colendos tribunais Regional e Federal.<\/p>\n<p>Ou haveria alguma outra raz\u00e3o para manter que o candidato Ortiz J\u00fanior encontra-se APTO para disputar a elei\u00e7\u00e3o e apagar a informa\u00e7\u00e3o que a situa\u00e7\u00e3o de sua candidatura encontra-as INDEFERIDA COM RECURSO.<\/p>\n<p>E mais, o mesmo site informa o significado de indeferido com recurso \u2013 \u201c<em>Candidato julgado n\u00e3o regular por n\u00e3o atender as condi\u00e7\u00f5es necess\u00e1rias para o deferimento do registro, que interp\u00f4s recurso contra essa decis\u00e3o e aguarda julgamento por inst\u00e2ncia superior<\/em>\u201d.<\/p>\n<p>&nbsp;<\/p>\n<div id=\"attachment_13533\" style=\"width: 450px\" class=\"wp-caption aligncenter\"><a href=\"http:\/\/jornalcontato.com.br\/home\/wp-content\/uploads\/2016\/09\/site-TSE-2-site.jpg\" target=\"_blank\"><img loading=\"lazy\" decoding=\"async\" aria-describedby=\"caption-attachment-13533\" class=\"size-large wp-image-13533\" src=\"http:\/\/jornalcontato.com.br\/home\/wp-content\/uploads\/2016\/09\/site-TSE-2-site-450x395.jpg\" alt=\"&quot;Resumo de Situa\u00e7\u00f5es&quot; disponibilizado no site do TSE na ficha de cada candidato\" width=\"450\" height=\"395\" srcset=\"https:\/\/jornalcontato.com.br\/home\/wp-content\/uploads\/2016\/09\/site-TSE-2-site-450x395.jpg 450w, https:\/\/jornalcontato.com.br\/home\/wp-content\/uploads\/2016\/09\/site-TSE-2-site-300x263.jpg 300w, https:\/\/jornalcontato.com.br\/home\/wp-content\/uploads\/2016\/09\/site-TSE-2-site-768x674.jpg 768w, https:\/\/jornalcontato.com.br\/home\/wp-content\/uploads\/2016\/09\/site-TSE-2-site.jpg 1029w\" sizes=\"auto, (max-width: 450px) 100vw, 450px\" \/><\/a><p id=\"caption-attachment-13533\" class=\"wp-caption-text\">&#8220;Resumo de Situa\u00e7\u00f5es&#8221; disponibilizado no site do TSE na ficha de cada candidato. Clique na imagem para ampliar.<\/p><\/div>\n<p>&nbsp;<\/p>\n<p>Como explicar a mensagem de Beto Ortiz informando: \u201cApto a ser votado. Seu voto vale\u201d.<\/p>\n<p>Com a palavra a Justi\u00e7a Eleitoral!<\/p>\n<p>&nbsp;<\/p>\n<div id=\"attachment_13534\" style=\"width: 450px\" class=\"wp-caption aligncenter\"><a href=\"http:\/\/jornalcontato.com.br\/home\/wp-content\/uploads\/2016\/09\/site-TSE-3-site.jpg\" target=\"_blank\"><img loading=\"lazy\" decoding=\"async\" aria-describedby=\"caption-attachment-13534\" class=\"size-large wp-image-13534\" src=\"http:\/\/jornalcontato.com.br\/home\/wp-content\/uploads\/2016\/09\/site-TSE-3-site-450x152.jpg\" alt=\"A p\u00e1gina sobre Ortiz Jr (PSDB) no site do TSE possui o link para acompanhamento do recurso eleitoral do candidato. Clique na imagem para ampliar.\" width=\"450\" height=\"152\" srcset=\"https:\/\/jornalcontato.com.br\/home\/wp-content\/uploads\/2016\/09\/site-TSE-3-site-450x152.jpg 450w, https:\/\/jornalcontato.com.br\/home\/wp-content\/uploads\/2016\/09\/site-TSE-3-site-300x101.jpg 300w, https:\/\/jornalcontato.com.br\/home\/wp-content\/uploads\/2016\/09\/site-TSE-3-site-768x259.jpg 768w, https:\/\/jornalcontato.com.br\/home\/wp-content\/uploads\/2016\/09\/site-TSE-3-site.jpg 1920w\" sizes=\"auto, (max-width: 450px) 100vw, 450px\" \/><\/a><p id=\"caption-attachment-13534\" class=\"wp-caption-text\">A p\u00e1gina sobre Ortiz Jr (PSDB) no site do TSE possui o link para acompanhamento do recurso eleitoral do candidato. Clique na imagem para ampliar.<\/p><\/div>\n","protected":false},"excerpt":{"rendered":"<p>Por Paulo de Tarso Venceslau &nbsp; Campanha eleitoral costuma ter de tudo: de mentira a promessa, relacionar como realizadas obras que nunca sa\u00edram do papel, &#8230;<\/p>\n","protected":false},"author":1,"featured_media":11531,"comment_status":"open","ping_status":"open","sticky":false,"template":"","format":"standard","meta":{"footnotes":""},"categories":[29,7],"tags":[],"class_list":["post-13528","post","type-post","status-publish","format-standard","has-post-thumbnail","hentry","category-regional","category-reportagem"],"_links":{"self":[{"href":"https:\/\/www.jornalcontato.com.br\/home\/index.php\/wp-json\/wp\/v2\/posts\/13528","targetHints":{"allow":["GET"]}}],"collection":[{"href":"https:\/\/www.jornalcontato.com.br\/home\/index.php\/wp-json\/wp\/v2\/posts"}],"about":[{"href":"https:\/\/www.jornalcontato.com.br\/home\/index.php\/wp-json\/wp\/v2\/types\/post"}],"author":[{"embeddable":true,"href":"https:\/\/www.jornalcontato.com.br\/home\/index.php\/wp-json\/wp\/v2\/users\/1"}],"replies":[{"embeddable":true,"href":"https:\/\/www.jornalcontato.com.br\/home\/index.php\/wp-json\/wp\/v2\/comments?post=13528"}],"version-history":[{"count":3,"href":"https:\/\/www.jornalcontato.com.br\/home\/index.php\/wp-json\/wp\/v2\/posts\/13528\/revisions"}],"predecessor-version":[{"id":13537,"href":"https:\/\/www.jornalcontato.com.br\/home\/index.php\/wp-json\/wp\/v2\/posts\/13528\/revisions\/13537"}],"wp:featuredmedia":[{"embeddable":true,"href":"https:\/\/www.jornalcontato.com.br\/home\/index.php\/wp-json\/wp\/v2\/media\/11531"}],"wp:attachment":[{"href":"https:\/\/www.jornalcontato.com.br\/home\/index.php\/wp-json\/wp\/v2\/media?parent=13528"}],"wp:term":[{"taxonomy":"category","embeddable":true,"href":"https:\/\/www.jornalcontato.com.br\/home\/index.php\/wp-json\/wp\/v2\/categories?post=13528"},{"taxonomy":"post_tag","embeddable":true,"href":"https:\/\/www.jornalcontato.com.br\/home\/index.php\/wp-json\/wp\/v2\/tags?post=13528"}],"curies":[{"name":"wp","href":"https:\/\/api.w.org\/{rel}","templated":true}]}}