{"id":1350,"date":"2011-09-19T15:43:22","date_gmt":"2011-09-19T18:43:22","guid":{"rendered":"http:\/\/jornalcontato.com.br\/home\/?p=1350"},"modified":"2012-08-24T15:43:47","modified_gmt":"2012-08-24T18:43:47","slug":"saia-justa-no-pv","status":"publish","type":"post","link":"https:\/\/www.jornalcontato.com.br\/home\/index.php\/saia-justa-no-pv\/","title":{"rendered":"Saia justa no PV"},"content":{"rendered":"<p>Deputado Estadual Padre Afonso Lobato (PV) n\u00e3o compareceu \u00e0 reuni\u00e3o realizada na manh\u00e3 desta segunda-feira, dia 19, para discutir a poss\u00edvel expuls\u00e3o do vereador Henrique Nunes do Partido Verde. O n\u00e3o comparecimento pode ser perfeitamente encarado como uma estrat\u00e9gia do religioso. Deixando de ir \u00e0s reuni\u00f5es, Padre Afonso n\u00e3o precisa se posicionar sobre assunto t\u00e3o espinhoso e, assim, cozinha em banho maria a insatisfa\u00e7\u00e3o dentro do PV, principalmente entre os membros do Conselho Pol\u00edtico do partido, at\u00e9 que as coisas se resolvam por si s\u00f3. Por\u00e9m, a disposi\u00e7\u00e3o de alguns militantes do PV \u00e9 brigar at\u00e9 o fim pela expuls\u00e3o do vereador que preferiu fazer parte do conchavo que absolveu o prefeito Roberto Peixoto (PMDB) na Comiss\u00e3o Processante. Se Henrique Nunes n\u00e3o for expulso, o PV pode sofrer baixas. A ver.<\/p>\n","protected":false},"excerpt":{"rendered":"<p>Deputado Estadual Padre Afonso Lobato (PV) n\u00e3o compareceu \u00e0 reuni\u00e3o realizada na manh\u00e3 desta segunda-feira, dia 19, para discutir a poss\u00edvel expuls\u00e3o do vereador Henrique &#8230;<\/p>\n","protected":false},"author":1,"featured_media":0,"comment_status":"open","ping_status":"open","sticky":false,"template":"","format":"standard","meta":{"footnotes":""},"categories":[7],"tags":[],"class_list":["post-1350","post","type-post","status-publish","format-standard","hentry","category-reportagem"],"_links":{"self":[{"href":"https:\/\/www.jornalcontato.com.br\/home\/index.php\/wp-json\/wp\/v2\/posts\/1350","targetHints":{"allow":["GET"]}}],"collection":[{"href":"https:\/\/www.jornalcontato.com.br\/home\/index.php\/wp-json\/wp\/v2\/posts"}],"about":[{"href":"https:\/\/www.jornalcontato.com.br\/home\/index.php\/wp-json\/wp\/v2\/types\/post"}],"author":[{"embeddable":true,"href":"https:\/\/www.jornalcontato.com.br\/home\/index.php\/wp-json\/wp\/v2\/users\/1"}],"replies":[{"embeddable":true,"href":"https:\/\/www.jornalcontato.com.br\/home\/index.php\/wp-json\/wp\/v2\/comments?post=1350"}],"version-history":[{"count":1,"href":"https:\/\/www.jornalcontato.com.br\/home\/index.php\/wp-json\/wp\/v2\/posts\/1350\/revisions"}],"predecessor-version":[{"id":1351,"href":"https:\/\/www.jornalcontato.com.br\/home\/index.php\/wp-json\/wp\/v2\/posts\/1350\/revisions\/1351"}],"wp:attachment":[{"href":"https:\/\/www.jornalcontato.com.br\/home\/index.php\/wp-json\/wp\/v2\/media?parent=1350"}],"wp:term":[{"taxonomy":"category","embeddable":true,"href":"https:\/\/www.jornalcontato.com.br\/home\/index.php\/wp-json\/wp\/v2\/categories?post=1350"},{"taxonomy":"post_tag","embeddable":true,"href":"https:\/\/www.jornalcontato.com.br\/home\/index.php\/wp-json\/wp\/v2\/tags?post=1350"}],"curies":[{"name":"wp","href":"https:\/\/api.w.org\/{rel}","templated":true}]}}