{"id":13497,"date":"2016-09-25T13:07:41","date_gmt":"2016-09-25T16:07:41","guid":{"rendered":"http:\/\/www.jornalcontato.com.br\/home\/?p=13497"},"modified":"2016-10-06T17:51:57","modified_gmt":"2016-10-06T20:51:57","slug":"leituras-de-domingo-fragilidades-democraticas-triste-panorama-atual-jc-sebe","status":"publish","type":"post","link":"https:\/\/www.jornalcontato.com.br\/home\/index.php\/leituras-de-domingo-fragilidades-democraticas-triste-panorama-atual-jc-sebe\/","title":{"rendered":"Leituras de Domingo: FRAGILIDADES DEMOCR\u00c1TICAS: Triste panorama atual (JC Sebe)"},"content":{"rendered":"<p style=\"text-align: center;\"><em><strong>Os dados s\u00e3o alarmantes: apenas 16% da popula\u00e7\u00e3o russa aprova a democracia; nos Estados Unidos, a campanha presidencial aponta o acirramento da disputa que pode colocar o ultraconservador Donald Trump no posto mais alto e consequente da maior economia do mundo; na S\u00edria, o regime autorit\u00e1rio de Bashar al-Assad afugenta participa\u00e7\u00f5es democr\u00e1ticas; pa\u00edses importantes do mundo \u00e1rabe \u2013 como a Ar\u00e1bia Saudita \u2013 se imp\u00f5em como modelo autorit\u00e1rio; Israel mant\u00e9m um poderio que diminui as chances de participa\u00e7\u00e3o democr\u00e1ticas dos pa\u00edses vizinhos e for\u00e7a a guerra permanente; na Am\u00e9rica Latina, os regimes de base popular sofrem os danos de desmandos e corrup\u00e7\u00e3o, ap\u00f3s alguns anos de algum fulgor.<\/strong><\/em> <!--more-->Ali\u00e1s, pelo reverso, na Argentina e no Peru, governos simp\u00e1ticos \u00e0s pol\u00edticas neoliberais, despontam com vigor sendo contrastados com a pen\u00faria da Venezuela, Bol\u00edvia, Nicar\u00e1gua.<\/p>\n<p>A par de tais constata\u00e7\u00f5es, resta-nos questionar das raz\u00f5es gerais dessa virada, pois, afinal, como explicar o fen\u00f4meno em escala global? Ser\u00e1 que a democracia representativa n\u00e3o tem mais lugar no mundo de hoje? Seria coisa do passado? O que se colocaria no lugar?<\/p>\n<p><a href=\"http:\/\/jornalcontato.com.br\/home\/wp-content\/uploads\/2016\/09\/Bashar-Al-Assad.jpg\"><img loading=\"lazy\" decoding=\"async\" class=\"aligncenter size-large wp-image-13499\" src=\"http:\/\/jornalcontato.com.br\/home\/wp-content\/uploads\/2016\/09\/Bashar-Al-Assad-450x253.jpg\" alt=\"Bashar Al Assad\" width=\"450\" height=\"253\" srcset=\"https:\/\/jornalcontato.com.br\/home\/wp-content\/uploads\/2016\/09\/Bashar-Al-Assad-450x253.jpg 450w, https:\/\/jornalcontato.com.br\/home\/wp-content\/uploads\/2016\/09\/Bashar-Al-Assad-300x169.jpg 300w, https:\/\/jornalcontato.com.br\/home\/wp-content\/uploads\/2016\/09\/Bashar-Al-Assad-768x432.jpg 768w, https:\/\/jornalcontato.com.br\/home\/wp-content\/uploads\/2016\/09\/Bashar-Al-Assad-750x420.jpg 750w, https:\/\/jornalcontato.com.br\/home\/wp-content\/uploads\/2016\/09\/Bashar-Al-Assad.jpg 992w\" sizes=\"auto, (max-width: 450px) 100vw, 450px\" \/><\/a><\/p>\n<p style=\"text-align: center;\"><em><strong>Bashar Al Assad, presidente da S\u00edria<\/strong><\/em><\/p>\n<p>N\u00e3o \u00e9 desprez\u00edvel considerar que a Hist\u00f3ria se move em ciclos progressivos que, como espirais, implicam esp\u00e9cies de retomadas, sempre impulsionadas por valores antigos. Na mesma ordem, segmentos reacion\u00e1rios se assumem como baluartes do progresso e do desenvolvimento econ\u00f4mico que, em \u00faltimas an\u00e1lises, \u00e9 medido pela conjuga\u00e7\u00e3o do aquecimento do mercado material, combinando trabalho\/emprego com o consumo ativo e sempre crescente. A garantia dessa comunh\u00e3o consagra o capitalismo avan\u00e7ado em sua forma mais consistente, ou seja, sobrepondo a riqueza a outros valores que seriam coadjuvantes e nutrientes de um tipo de progresso. Assim, a educa\u00e7\u00e3o, sa\u00fade, programas sociais em geral, funcionariam como suportes para o tal \u201cdesenvolvimento\u201d que deveria vigorar a qualquer custo. A qualifica\u00e7\u00e3o da prioridade do problema econ\u00f4mico coloca outro ponto importante na equa\u00e7\u00e3o: como conduzir o processo pol\u00edtico que ampararia tal projeto?<\/p>\n<p><a href=\"http:\/\/jornalcontato.com.br\/home\/wp-content\/uploads\/2016\/09\/Putin.jpg\"><img loading=\"lazy\" decoding=\"async\" class=\"aligncenter size-full wp-image-13500\" src=\"http:\/\/jornalcontato.com.br\/home\/wp-content\/uploads\/2016\/09\/Putin.jpg\" alt=\"Putin\" width=\"292\" height=\"173\" \/><\/a><\/p>\n<p style=\"text-align: center;\"><em><strong>Vladimir Putin, presidente da R\u00fassia<\/strong><\/em><\/p>\n<p>Em jovens democracias \u2013 como \u00e9 o caso do Brasil \u2013 preside uma d\u00favida constante, ligada \u00e0 presen\u00e7a de uma elite que n\u00e3o aceita mudan\u00e7as no comando. E como a Hist\u00f3ria pesa neste andamento! Depois de se valer do mais longo e duro processo escravocrata da humanidade, contando com cerca de 4,2 milh\u00f5es de negros negociados da \u00c1frica para o Brasil, passados 400 anos daquele sistema, ainda n\u00e3o conseguimos integrar largos fragmentos da popula\u00e7\u00e3o que povoam favelas e pris\u00f5es e vivem condenados \u00e0 marginalidade. Os n\u00fameros, mais que reveladores, assustam, pois, segundo a Revista Carta Capital desta semana, mais de 60% da nossa popula\u00e7\u00e3o carcer\u00e1ria \u00e9 composta de negros. E que dizer dos totais estampados pela CPI do Senado, sobre assassinatos de jovens negros, dando conta que por ano 23.100 deles, contando de 15 a 29 anos, s\u00e3o mortos. E note-se que perfazem o total de cerca de 63 por dia, um a cada 23 minutos. Frente a essa realidade do\u00edda ainda se pergunta com perplexidade, como algu\u00e9m pode ser contra cotas escolares, de trabalho e lugares pol\u00edticos? Como?<\/p>\n<p>Vendo em perspectiva hist\u00f3rica, a hegemonia branca, machista, elitista ainda comanda a a\u00e7\u00e3o pol\u00edtica comunit\u00e1ria nacional. Sem cr\u00edtica o que se v\u00ea \u00e9 a repeti\u00e7\u00e3o de posturas autorit\u00e1rias, pelas quais o que interessa \u00e9 a riqueza nacional a qualquer pre\u00e7o. E isso tem sido lei no Brasil onde sucessivamente se repetem golpes contra a democracia, um atr\u00e1s do outro, sucessivamente. E o pior, tudo acontece em nome dela pr\u00f3pria, sob as vestes de interpreta\u00e7\u00f5es constitucionais.<\/p>\n<p>Mas, tem jeito disto mudar? pergunta-se. E a resposta vem a galope: tem. Tem se formos s\u00e9rios na defesa de um regime que n\u00e3o pode ser confundido com governos. Governos erram sim e temos mostras evidentes disso. E erram muito, insiste-se, mas suas formas corretivas devem antes de mais nada respeitar as regras que, mais que qualquer coisa, legitimam as elei\u00e7\u00f5es. Sem o voto popular respeitado n\u00e3o h\u00e1 como evitar desmandos e sem ele, sem democracia, somos fadados \u00e0 submiss\u00e3o autorit\u00e1ria. As elei\u00e7\u00f5es est\u00e3o a\u00ed. Mais que escolher candidatos, cabe, com entusiasmo, escolher a democracia. Bom voto a todos.<\/p>\n<p><a href=\"http:\/\/jornalcontato.com.br\/home\/wp-content\/uploads\/2016\/09\/Escravos-negros.jpg\"><img loading=\"lazy\" decoding=\"async\" class=\"aligncenter size-full wp-image-13502\" src=\"http:\/\/jornalcontato.com.br\/home\/wp-content\/uploads\/2016\/09\/Escravos-negros.jpg\" alt=\"Escravos negros\" width=\"283\" height=\"178\" \/><\/a><\/p>\n","protected":false},"excerpt":{"rendered":"<p>Os dados s\u00e3o alarmantes: apenas 16% da popula\u00e7\u00e3o russa aprova a democracia; nos Estados Unidos, a campanha presidencial aponta o acirramento da disputa que pode &#8230;<\/p>\n","protected":false},"author":1,"featured_media":13498,"comment_status":"open","ping_status":"open","sticky":false,"template":"","format":"standard","meta":{"footnotes":""},"categories":[31,36],"tags":[],"class_list":["post-13497","post","type-post","status-publish","format-standard","has-post-thumbnail","hentry","category-colunas","category-lazer-e-cultura"],"_links":{"self":[{"href":"https:\/\/www.jornalcontato.com.br\/home\/index.php\/wp-json\/wp\/v2\/posts\/13497","targetHints":{"allow":["GET"]}}],"collection":[{"href":"https:\/\/www.jornalcontato.com.br\/home\/index.php\/wp-json\/wp\/v2\/posts"}],"about":[{"href":"https:\/\/www.jornalcontato.com.br\/home\/index.php\/wp-json\/wp\/v2\/types\/post"}],"author":[{"embeddable":true,"href":"https:\/\/www.jornalcontato.com.br\/home\/index.php\/wp-json\/wp\/v2\/users\/1"}],"replies":[{"embeddable":true,"href":"https:\/\/www.jornalcontato.com.br\/home\/index.php\/wp-json\/wp\/v2\/comments?post=13497"}],"version-history":[{"count":3,"href":"https:\/\/www.jornalcontato.com.br\/home\/index.php\/wp-json\/wp\/v2\/posts\/13497\/revisions"}],"predecessor-version":[{"id":13505,"href":"https:\/\/www.jornalcontato.com.br\/home\/index.php\/wp-json\/wp\/v2\/posts\/13497\/revisions\/13505"}],"wp:featuredmedia":[{"embeddable":true,"href":"https:\/\/www.jornalcontato.com.br\/home\/index.php\/wp-json\/wp\/v2\/media\/13498"}],"wp:attachment":[{"href":"https:\/\/www.jornalcontato.com.br\/home\/index.php\/wp-json\/wp\/v2\/media?parent=13497"}],"wp:term":[{"taxonomy":"category","embeddable":true,"href":"https:\/\/www.jornalcontato.com.br\/home\/index.php\/wp-json\/wp\/v2\/categories?post=13497"},{"taxonomy":"post_tag","embeddable":true,"href":"https:\/\/www.jornalcontato.com.br\/home\/index.php\/wp-json\/wp\/v2\/tags?post=13497"}],"curies":[{"name":"wp","href":"https:\/\/api.w.org\/{rel}","templated":true}]}}