{"id":13476,"date":"2016-09-24T16:10:33","date_gmt":"2016-09-24T19:10:33","guid":{"rendered":"http:\/\/www.jornalcontato.com.br\/home\/?p=13476"},"modified":"2016-10-06T17:52:37","modified_gmt":"2016-10-06T20:52:37","slug":"confusoes-e-denuncias-no-debate-entre-os-candidatos-a-prefeito","status":"publish","type":"post","link":"https:\/\/www.jornalcontato.com.br\/home\/index.php\/confusoes-e-denuncias-no-debate-entre-os-candidatos-a-prefeito\/","title":{"rendered":"Confus\u00f5es e den\u00fancias no debate entre os candidatos a prefeito"},"content":{"rendered":"<p>&nbsp;<\/p>\n<p style=\"text-align: center;\"><b><i>Acusada por Silvio Prado (PSOL) de possuir um im\u00f3vel em Ubatuba n\u00e3o declarado, Pollyana Gama (PPS) respondeu e provou com documentos; fora do ar, a candidata se desentendeu com Ortiz Jr (PSDB) por causa das cartas enviadas a eleitores<\/i><\/b><!--more--><\/p>\n<p style=\"text-align: right;\"><b><i>Nath\u00e1lia Oliveira<\/i><\/b><\/p>\n<p style=\"text-align: right;\"><b><i>Paulo de Tarso Venceslau (colaborou)<\/i><\/b><\/p>\n<p><span style=\"font-weight: 400;\">Na noite de quinta-feira, 22, o debate entre os sete candidatos a prefeito na TV C\u00e2mara foi marcado por ataques entre todos os postulantes ao Pal\u00e1cio do Bom Conselho. Mas os maiores embates ocorreram na reta final da transmiss\u00e3o e ap\u00f3s as c\u00e2meras terem sido desligadas. Pollyana Gama esteve envolvida nesses dois confrontos.<\/span><\/p>\n<p><span style=\"font-weight: 400;\">O primeiro p\u00f4de ser acompanhado pelos telespectadores. Foi quando o candidato professor Silvio Prado (PSOL) denunciou a exist\u00eancia de um apartamento em Ubatuba no nome candidata, mas que n\u00e3o teria sido declarado. O segundo, quando todas as c\u00e2meras estavam desligadas, Ortiz J\u00fanior (PSDB) e Pollyana se confrontaram abertamente.<\/span><\/p>\n<div id=\"attachment_13478\" style=\"width: 450px\" class=\"wp-caption aligncenter\"><a href=\"http:\/\/jornalcontato.com.br\/home\/wp-content\/uploads\/2016\/09\/61E6BDCE-CCCB-1A0D-DED6-BBBECC2BCE4B.jpg\"><img loading=\"lazy\" decoding=\"async\" aria-describedby=\"caption-attachment-13478\" class=\"size-large wp-image-13478\" src=\"http:\/\/jornalcontato.com.br\/home\/wp-content\/uploads\/2016\/09\/61E6BDCE-CCCB-1A0D-DED6-BBBECC2BCE4B-450x333.jpg\" alt=\"Cr\u00e9dito: CMT\" width=\"450\" height=\"333\" srcset=\"https:\/\/jornalcontato.com.br\/home\/wp-content\/uploads\/2016\/09\/61E6BDCE-CCCB-1A0D-DED6-BBBECC2BCE4B-450x333.jpg 450w, https:\/\/jornalcontato.com.br\/home\/wp-content\/uploads\/2016\/09\/61E6BDCE-CCCB-1A0D-DED6-BBBECC2BCE4B-300x222.jpg 300w, https:\/\/jornalcontato.com.br\/home\/wp-content\/uploads\/2016\/09\/61E6BDCE-CCCB-1A0D-DED6-BBBECC2BCE4B-768x568.jpg 768w, https:\/\/jornalcontato.com.br\/home\/wp-content\/uploads\/2016\/09\/61E6BDCE-CCCB-1A0D-DED6-BBBECC2BCE4B.jpg 1963w\" sizes=\"auto, (max-width: 450px) 100vw, 450px\" \/><\/a><p id=\"caption-attachment-13478\" class=\"wp-caption-text\">Cr\u00e9dito: CMT<\/p><\/div>\n<p><b>Apartamento em Ubatuba<\/b><\/p>\n<p><span style=\"font-weight: 400;\">No \u00faltimo bloco do debate, j\u00e1 nas considera\u00e7\u00f5es finais de todos os candidatos, Prado afirmou que Pollyana seria propriet\u00e1ria de um apartamento na cidade de Ubatuba localizado no Itagu\u00e1, local de grande movimenta\u00e7\u00e3o na cidade litor\u00e2nea, e que n\u00e3o tinha sido registrado como bem no cart\u00f3rio eleitoral. <\/span><\/p>\n<p><span style=\"font-weight: 400;\">Durante a sua fala, a candidata admitiu a exist\u00eancia do im\u00f3vel e afirmou se tratar de uma heran\u00e7a. O tempo limitado impediu maiores esclarecimento. <\/span><\/p>\n<p><span style=\"font-weight: 400;\">Na sexta-feira, 23, a candidata esclareceu em nota a situa\u00e7\u00e3o do apartamento. \u201c<\/span><span style=\"font-weight: 400;\">Com rela\u00e7\u00e3o \u00e0 pegadinha eleitoral criada pelo candidato do PSOL, Prof. Silvio Prado, no debate da TV C\u00e2mara, no dia 22, esclare\u00e7o que\u00a0N\u00c3O TENHO APARTAMENTO EM UBATUBA, NO LITORAL NORTE DE SP\u201d,<\/span> <span style=\"font-weight: 400;\">destaca.<\/span><\/p>\n<p><a href=\"http:\/\/jornalcontato.com.br\/home\/wp-content\/uploads\/2016\/09\/DOC-POLLYANA.jpg\"><img loading=\"lazy\" decoding=\"async\" class=\"aligncenter size-large wp-image-13485\" src=\"http:\/\/jornalcontato.com.br\/home\/wp-content\/uploads\/2016\/09\/DOC-POLLYANA-318x450.jpg\" alt=\"DOC POLLYANA\" width=\"318\" height=\"450\" srcset=\"https:\/\/jornalcontato.com.br\/home\/wp-content\/uploads\/2016\/09\/DOC-POLLYANA-318x450.jpg 318w, https:\/\/jornalcontato.com.br\/home\/wp-content\/uploads\/2016\/09\/DOC-POLLYANA-212x300.jpg 212w, https:\/\/jornalcontato.com.br\/home\/wp-content\/uploads\/2016\/09\/DOC-POLLYANA-768x1086.jpg 768w, https:\/\/jornalcontato.com.br\/home\/wp-content\/uploads\/2016\/09\/DOC-POLLYANA.jpg 1132w\" sizes=\"auto, (max-width: 318px) 100vw, 318px\" \/><\/a><a href=\"http:\/\/jornalcontato.com.br\/home\/wp-content\/uploads\/2016\/09\/DOC-POLLYANA-2.jpg\"><img loading=\"lazy\" decoding=\"async\" class=\"aligncenter wp-image-13479\" src=\"http:\/\/jornalcontato.com.br\/home\/wp-content\/uploads\/2016\/09\/DOC-POLLYANA-2-318x450.jpg\" alt=\"DOC POLLYANA 2\" width=\"305\" height=\"432\" srcset=\"https:\/\/jornalcontato.com.br\/home\/wp-content\/uploads\/2016\/09\/DOC-POLLYANA-2-318x450.jpg 318w, https:\/\/jornalcontato.com.br\/home\/wp-content\/uploads\/2016\/09\/DOC-POLLYANA-2-212x300.jpg 212w, https:\/\/jornalcontato.com.br\/home\/wp-content\/uploads\/2016\/09\/DOC-POLLYANA-2-768x1086.jpg 768w, https:\/\/jornalcontato.com.br\/home\/wp-content\/uploads\/2016\/09\/DOC-POLLYANA-2.jpg 1132w\" sizes=\"auto, (max-width: 305px) 100vw, 305px\" \/><\/a><a href=\"http:\/\/jornalcontato.com.br\/home\/wp-content\/uploads\/2016\/09\/DOC-POLLYANA-3.jpg\"><img loading=\"lazy\" decoding=\"async\" class=\"aligncenter size-large wp-image-13480\" src=\"http:\/\/jornalcontato.com.br\/home\/wp-content\/uploads\/2016\/09\/DOC-POLLYANA-3-319x450.jpg\" alt=\"DOC POLLYANA 3\" width=\"319\" height=\"450\" srcset=\"https:\/\/jornalcontato.com.br\/home\/wp-content\/uploads\/2016\/09\/DOC-POLLYANA-3-319x450.jpg 319w, https:\/\/jornalcontato.com.br\/home\/wp-content\/uploads\/2016\/09\/DOC-POLLYANA-3-212x300.jpg 212w, https:\/\/jornalcontato.com.br\/home\/wp-content\/uploads\/2016\/09\/DOC-POLLYANA-3-768x1085.jpg 768w, https:\/\/jornalcontato.com.br\/home\/wp-content\/uploads\/2016\/09\/DOC-POLLYANA-3.jpg 1133w\" sizes=\"auto, (max-width: 319px) 100vw, 319px\" \/><\/a> <a href=\"http:\/\/jornalcontato.com.br\/home\/wp-content\/uploads\/2016\/09\/DOC-POLLYANA-4.jpg\"><img loading=\"lazy\" decoding=\"async\" class=\"aligncenter size-large wp-image-13481\" src=\"http:\/\/jornalcontato.com.br\/home\/wp-content\/uploads\/2016\/09\/DOC-POLLYANA-4-318x450.jpg\" alt=\"DOC POLLYANA 4\" width=\"318\" height=\"450\" srcset=\"https:\/\/jornalcontato.com.br\/home\/wp-content\/uploads\/2016\/09\/DOC-POLLYANA-4-318x450.jpg 318w, https:\/\/jornalcontato.com.br\/home\/wp-content\/uploads\/2016\/09\/DOC-POLLYANA-4-212x300.jpg 212w, https:\/\/jornalcontato.com.br\/home\/wp-content\/uploads\/2016\/09\/DOC-POLLYANA-4-768x1086.jpg 768w, https:\/\/jornalcontato.com.br\/home\/wp-content\/uploads\/2016\/09\/DOC-POLLYANA-4.jpg 1132w\" sizes=\"auto, (max-width: 318px) 100vw, 318px\" \/><\/a><\/p>\n<p><span style=\"font-weight: 400;\">De acordo com o documento, \u201co<\/span><span style=\"font-weight: 400;\"> apartamento situado na cidade de Ubatuba foi adquirido,\u00a0em 2004, pelos irm\u00e3os\u00a0Carlos Alberto Winther de Ara\u00fajo,\u00a0Luiz Winther de Ara\u00fajo J\u00fanior\u00a0e\u00a0Z\u00e9lia Beatriz Winther De Ara\u00fajo. Na data da aquisi\u00e7\u00e3o, eu, Pollyana, ent\u00e3o casada com Carlos Alberto Winther de Ara\u00fajo em regime de comunh\u00e3o parcial de bens, fui qualificada como c\u00f4njuge no ato do lavramento da escritura, sendo este um procedimento leg\u00edtimo e obrigat\u00f3rio\u201d, continua a nota.<\/span><\/p>\n<p><span style=\"font-weight: 400;\">Ao se separar em 2007 <\/span><span style=\"font-weight: 400;\">de Carlos Alberto Whinter de Ara\u00fajo, pai de sua filha, ap\u00f3s quase 10 anos de casamento, <\/span><span style=\"font-weight: 400;\">Pollyana recebeu na partilha de bens um apartamento no bairro Jardim das Na\u00e7\u00f5es e desistido do im\u00f3vel em Ubatuba. <\/span><span style=\"font-weight: 400;\">\u201cComo ato de partilha, permaneci com o im\u00f3vel em que morava com minha filha, na Rua Canad\u00e1, em Taubat\u00e9 (legalmente declarado), abrindo m\u00e3o, assim, do quinh\u00e3o correspondente ao referido apartamento\u201d.<\/span><\/p>\n<p><a href=\"http:\/\/jornalcontato.com.br\/home\/wp-content\/uploads\/2016\/09\/DOC-POLLYANA-5.jpg\"><img loading=\"lazy\" decoding=\"async\" class=\"aligncenter size-large wp-image-13482\" src=\"http:\/\/jornalcontato.com.br\/home\/wp-content\/uploads\/2016\/09\/DOC-POLLYANA-5-319x450.jpg\" alt=\"DOC POLLYANA 5\" width=\"319\" height=\"450\" srcset=\"https:\/\/jornalcontato.com.br\/home\/wp-content\/uploads\/2016\/09\/DOC-POLLYANA-5-319x450.jpg 319w, https:\/\/jornalcontato.com.br\/home\/wp-content\/uploads\/2016\/09\/DOC-POLLYANA-5-212x300.jpg 212w, https:\/\/jornalcontato.com.br\/home\/wp-content\/uploads\/2016\/09\/DOC-POLLYANA-5-768x1085.jpg 768w, https:\/\/jornalcontato.com.br\/home\/wp-content\/uploads\/2016\/09\/DOC-POLLYANA-5.jpg 1133w\" sizes=\"auto, (max-width: 319px) 100vw, 319px\" \/><\/a><\/p>\n<p><span style=\"font-weight: 400;\">Como prova, Pollyana enviou c\u00f3pias da Certid\u00e3o de Casamento, da averba\u00e7\u00e3o de separa\u00e7\u00e3o e o registro no cart\u00f3rio do apartamento. Especialistas consultados pela reportagem afirmam que a resposta da candidata foi bastante consistente.<\/span><\/p>\n<p><a href=\"http:\/\/jornalcontato.com.br\/home\/wp-content\/uploads\/2016\/09\/DOC-POLLYANA-5.jpg\"><img loading=\"lazy\" decoding=\"async\" class=\"aligncenter size-large wp-image-13482\" src=\"http:\/\/jornalcontato.com.br\/home\/wp-content\/uploads\/2016\/09\/DOC-POLLYANA-5-319x450.jpg\" alt=\"DOC POLLYANA 5\" width=\"319\" height=\"450\" srcset=\"https:\/\/jornalcontato.com.br\/home\/wp-content\/uploads\/2016\/09\/DOC-POLLYANA-5-319x450.jpg 319w, https:\/\/jornalcontato.com.br\/home\/wp-content\/uploads\/2016\/09\/DOC-POLLYANA-5-212x300.jpg 212w, https:\/\/jornalcontato.com.br\/home\/wp-content\/uploads\/2016\/09\/DOC-POLLYANA-5-768x1085.jpg 768w, https:\/\/jornalcontato.com.br\/home\/wp-content\/uploads\/2016\/09\/DOC-POLLYANA-5.jpg 1133w\" sizes=\"auto, (max-width: 319px) 100vw, 319px\" \/><\/a><\/p>\n<p><span style=\"font-weight: 400;\">Por outro lado, na mesma sexta-feira, <\/span><span style=\"font-weight: 400;\">Prado se aproveitou para estoc\u00e1-la: \u201cFalam muito sobre transpar\u00eancia e no debate eu quis mostrar que isso n\u00e3o \u00e9 verdade. Ortiz J\u00fanior de forma enganosa ilude o povo e a Pollyana que oculta patrim\u00f4nio\u201d.<\/span><\/p>\n<p><a href=\"http:\/\/jornalcontato.com.br\/home\/wp-content\/uploads\/2016\/09\/DOC-POLLYANA-7.jpg\"><img loading=\"lazy\" decoding=\"async\" class=\"aligncenter size-large wp-image-13484\" src=\"http:\/\/jornalcontato.com.br\/home\/wp-content\/uploads\/2016\/09\/DOC-POLLYANA-7-318x450.jpg\" alt=\"DOC POLLYANA 7\" width=\"318\" height=\"450\" srcset=\"https:\/\/jornalcontato.com.br\/home\/wp-content\/uploads\/2016\/09\/DOC-POLLYANA-7-318x450.jpg 318w, https:\/\/jornalcontato.com.br\/home\/wp-content\/uploads\/2016\/09\/DOC-POLLYANA-7-212x300.jpg 212w, https:\/\/jornalcontato.com.br\/home\/wp-content\/uploads\/2016\/09\/DOC-POLLYANA-7-768x1086.jpg 768w, https:\/\/jornalcontato.com.br\/home\/wp-content\/uploads\/2016\/09\/DOC-POLLYANA-7.jpg 1132w\" sizes=\"auto, (max-width: 318px) 100vw, 318px\" \/><\/a><\/p>\n<p><b>Entre tapas e beijos<\/b><\/p>\n<p><span style=\"font-weight: 400;\">Pollyana e Ortiz J\u00fanior s\u00e3o amigos de longa data. A pol\u00edtica, por\u00e9m, os afastou. Os dois estudaram juntos na Escola Ezequiel. Em 2004, Pollyana foi eleita vereadora pela primeira vez e Ortiz J\u00fanior foi cabo eleitoral de Roberto Peixoto de triste mem\u00f3ria, eleito prefeito para seu primeiro mandato. Pollyana tamb\u00e9m respaldou Peixoto naquele in\u00edcio de governo. Por motivos distintos, ambos se afastaram do Pal\u00e1cio do Bom Conselho. E aos poucos se afastaram um do outro. Mantiveram apenas um relacionamento formal e civilizado <\/span><\/p>\n<p><span style=\"font-weight: 400;\">Na quinta-feira, por\u00e9m, assim que as c\u00e2meras da TV C\u00e2mara desligaram, teve in\u00edcio um segundo round quando Pollyana passou a desferir cr\u00edticas pesadas e aberta ao tucano. \u201cJ\u00fanior, como voc\u00ea consegue ser t\u00e3o c\u00ednico?\u201d Ortiz respondeu que \u201ca candidata deveria se preocupar com a pr\u00f3pria campanha\u201d. O clima esquentou quando Pollyana chamou o tucano de \u201cmonstro\u201d que rebateu chamando a vereadora de \u201cPeixoto\u201d.<\/span><\/p>\n<p><a href=\"http:\/\/jornalcontato.com.br\/home\/wp-content\/uploads\/2016\/08\/Ortiz-Junior.jpg\"><img loading=\"lazy\" decoding=\"async\" class=\"aligncenter size-large wp-image-13199\" src=\"http:\/\/jornalcontato.com.br\/home\/wp-content\/uploads\/2016\/08\/Ortiz-Junior-450x225.jpg\" alt=\"Ortiz Junior\" width=\"450\" height=\"225\" srcset=\"https:\/\/jornalcontato.com.br\/home\/wp-content\/uploads\/2016\/08\/Ortiz-Junior-450x225.jpg 450w, https:\/\/jornalcontato.com.br\/home\/wp-content\/uploads\/2016\/08\/Ortiz-Junior-300x150.jpg 300w, https:\/\/jornalcontato.com.br\/home\/wp-content\/uploads\/2016\/08\/Ortiz-Junior.jpg 765w\" sizes=\"auto, (max-width: 450px) 100vw, 450px\" \/><\/a><\/p>\n<p><span style=\"font-weight: 400;\">A estrat\u00e9gia de enviar cartas criticando a campanha da candidata do PPS aos moradores de Taubat\u00e9 teria enfurecido a vereadora. <\/span><\/p>\n<p><span style=\"font-weight: 400;\">Nossa reportagem apurou que em 2011 Ortiz Jr teria contratado com recursos da FDE uma empresa de pesquisa para visitar todos os domic\u00edlios da cidade. Os entrevistadores se apresentavam como funcion\u00e1rios da prefeitura e pediam para responder um question\u00e1rio. Todos achavam que fosse coisa do Peixoto. As respostas dessa pesquisa estariam em um banco de dados que permite enviar cartas personalizadas, como as que foram enviadas pelo candidato tucano.<\/span><\/p>\n<div id=\"attachment_13487\" style=\"width: 318px\" class=\"wp-caption aligncenter\"><a href=\"http:\/\/jornalcontato.com.br\/home\/wp-content\/uploads\/2016\/09\/WhatsApp-Image-2016-09-24-at-16.05.51.jpeg\"><img loading=\"lazy\" decoding=\"async\" aria-describedby=\"caption-attachment-13487\" class=\"wp-image-13487 size-large\" src=\"http:\/\/jornalcontato.com.br\/home\/wp-content\/uploads\/2016\/09\/WhatsApp-Image-2016-09-24-at-16.05.51-318x450.jpeg\" alt=\"WhatsApp Image 2016-09-24 at 16.05.51\" width=\"318\" height=\"450\" srcset=\"https:\/\/jornalcontato.com.br\/home\/wp-content\/uploads\/2016\/09\/WhatsApp-Image-2016-09-24-at-16.05.51-318x450.jpeg 318w, https:\/\/jornalcontato.com.br\/home\/wp-content\/uploads\/2016\/09\/WhatsApp-Image-2016-09-24-at-16.05.51-212x300.jpeg 212w, https:\/\/jornalcontato.com.br\/home\/wp-content\/uploads\/2016\/09\/WhatsApp-Image-2016-09-24-at-16.05.51.jpeg 621w\" sizes=\"auto, (max-width: 318px) 100vw, 318px\" \/><\/a><p id=\"caption-attachment-13487\" class=\"wp-caption-text\">Carta enviada para fam\u00edlias<\/p><\/div>\n<div id=\"attachment_13488\" style=\"width: 320px\" class=\"wp-caption aligncenter\"><a href=\"http:\/\/jornalcontato.com.br\/home\/wp-content\/uploads\/2016\/09\/WhatsApp-Image-2016-09-24-at-16.05.52-1.jpeg\"><img loading=\"lazy\" decoding=\"async\" aria-describedby=\"caption-attachment-13488\" class=\"wp-image-13488 size-large\" src=\"http:\/\/jornalcontato.com.br\/home\/wp-content\/uploads\/2016\/09\/WhatsApp-Image-2016-09-24-at-16.05.52-1-320x450.jpeg\" alt=\"WhatsApp Image 2016-09-24 at 16.05.52 (1)\" width=\"320\" height=\"450\" srcset=\"https:\/\/jornalcontato.com.br\/home\/wp-content\/uploads\/2016\/09\/WhatsApp-Image-2016-09-24-at-16.05.52-1-320x450.jpeg 320w, https:\/\/jornalcontato.com.br\/home\/wp-content\/uploads\/2016\/09\/WhatsApp-Image-2016-09-24-at-16.05.52-1-214x300.jpeg 214w, https:\/\/jornalcontato.com.br\/home\/wp-content\/uploads\/2016\/09\/WhatsApp-Image-2016-09-24-at-16.05.52-1.jpeg 623w\" sizes=\"auto, (max-width: 320px) 100vw, 320px\" \/><\/a><p id=\"caption-attachment-13488\" class=\"wp-caption-text\">Carta para quem gosta de pol\u00edtica<\/p><\/div>\n<div id=\"attachment_13489\" style=\"width: 311px\" class=\"wp-caption aligncenter\"><a href=\"http:\/\/jornalcontato.com.br\/home\/wp-content\/uploads\/2016\/09\/WhatsApp-Image-2016-09-24-at-16.05.52.jpeg\"><img loading=\"lazy\" decoding=\"async\" aria-describedby=\"caption-attachment-13489\" class=\"wp-image-13489 size-large\" src=\"http:\/\/jornalcontato.com.br\/home\/wp-content\/uploads\/2016\/09\/WhatsApp-Image-2016-09-24-at-16.05.52-311x450.jpeg\" alt=\"WhatsApp Image 2016-09-24 at 16.05.52\" width=\"311\" height=\"450\" srcset=\"https:\/\/jornalcontato.com.br\/home\/wp-content\/uploads\/2016\/09\/WhatsApp-Image-2016-09-24-at-16.05.52-311x450.jpeg 311w, https:\/\/jornalcontato.com.br\/home\/wp-content\/uploads\/2016\/09\/WhatsApp-Image-2016-09-24-at-16.05.52-208x300.jpeg 208w, https:\/\/jornalcontato.com.br\/home\/wp-content\/uploads\/2016\/09\/WhatsApp-Image-2016-09-24-at-16.05.52.jpeg 606w\" sizes=\"auto, (max-width: 311px) 100vw, 311px\" \/><\/a><p id=\"caption-attachment-13489\" class=\"wp-caption-text\">Carta para quem detesta pol\u00edtica<\/p><\/div>\n<p><span style=\"font-weight: 400;\">Para o candidato do PSOL que presenciou o \u201cespet\u00e1culo\u201d, \u201cpareciam dois lutadores frente a frente\u201d. Todos os candidatos \u00e0 prefeitura e a produ\u00e7\u00e3o da TV ainda estavam no est\u00fadio quando come\u00e7ou a discuss\u00e3o. \u201cIsso s\u00f3 mostra que a base do governador Geraldo Alckmin est\u00e1 se desentendendo\u201d, ressaltou Silvio Prado.<\/span><\/p>\n<p><span style=\"font-weight: 400;\">N\u00e3o houve agress\u00e3o f\u00edsica, mas foi necess\u00e1rio que as pessoas presentes os separassem para impedir que acontecesse.<\/span><\/p>\n<p><span style=\"font-weight: 400;\">CONTATO procurou Pollyana Gama e Ortiz J\u00fanior para comentar o ocorrido, por\u00e9m n\u00e3o obteve resposta.<\/span><\/p>\n","protected":false},"excerpt":{"rendered":"<p>&nbsp; Acusada por Silvio Prado (PSOL) de possuir um im\u00f3vel em Ubatuba n\u00e3o declarado, Pollyana Gama (PPS) respondeu e provou com documentos; fora do ar, &#8230;<\/p>\n","protected":false},"author":1,"featured_media":13477,"comment_status":"open","ping_status":"open","sticky":false,"template":"","format":"standard","meta":{"footnotes":""},"categories":[29,7],"tags":[],"class_list":["post-13476","post","type-post","status-publish","format-standard","has-post-thumbnail","hentry","category-regional","category-reportagem"],"_links":{"self":[{"href":"https:\/\/www.jornalcontato.com.br\/home\/index.php\/wp-json\/wp\/v2\/posts\/13476","targetHints":{"allow":["GET"]}}],"collection":[{"href":"https:\/\/www.jornalcontato.com.br\/home\/index.php\/wp-json\/wp\/v2\/posts"}],"about":[{"href":"https:\/\/www.jornalcontato.com.br\/home\/index.php\/wp-json\/wp\/v2\/types\/post"}],"author":[{"embeddable":true,"href":"https:\/\/www.jornalcontato.com.br\/home\/index.php\/wp-json\/wp\/v2\/users\/1"}],"replies":[{"embeddable":true,"href":"https:\/\/www.jornalcontato.com.br\/home\/index.php\/wp-json\/wp\/v2\/comments?post=13476"}],"version-history":[{"count":1,"href":"https:\/\/www.jornalcontato.com.br\/home\/index.php\/wp-json\/wp\/v2\/posts\/13476\/revisions"}],"predecessor-version":[{"id":13490,"href":"https:\/\/www.jornalcontato.com.br\/home\/index.php\/wp-json\/wp\/v2\/posts\/13476\/revisions\/13490"}],"wp:featuredmedia":[{"embeddable":true,"href":"https:\/\/www.jornalcontato.com.br\/home\/index.php\/wp-json\/wp\/v2\/media\/13477"}],"wp:attachment":[{"href":"https:\/\/www.jornalcontato.com.br\/home\/index.php\/wp-json\/wp\/v2\/media?parent=13476"}],"wp:term":[{"taxonomy":"category","embeddable":true,"href":"https:\/\/www.jornalcontato.com.br\/home\/index.php\/wp-json\/wp\/v2\/categories?post=13476"},{"taxonomy":"post_tag","embeddable":true,"href":"https:\/\/www.jornalcontato.com.br\/home\/index.php\/wp-json\/wp\/v2\/tags?post=13476"}],"curies":[{"name":"wp","href":"https:\/\/api.w.org\/{rel}","templated":true}]}}