{"id":13439,"date":"2016-09-15T14:04:29","date_gmt":"2016-09-15T17:04:29","guid":{"rendered":"http:\/\/www.jornalcontato.com.br\/home\/?p=13439"},"modified":"2016-10-06T17:53:16","modified_gmt":"2016-10-06T20:53:16","slug":"greve-dos-motoristas-e-cobradores-chega-ao-fim-em-taubate","status":"publish","type":"post","link":"https:\/\/www.jornalcontato.com.br\/home\/index.php\/greve-dos-motoristas-e-cobradores-chega-ao-fim-em-taubate\/","title":{"rendered":"Greve dos motoristas e cobradores chega ao fim em Taubat\u00e9"},"content":{"rendered":"<p style=\"text-align: center;\"><strong><em>A categoria pedia a demiss\u00e3o dos funcion\u00e1rios respons\u00e1veis pela escala de trabalho; o servi\u00e7o foi normalizado na quarta-feira, 14<\/em><\/strong><\/p>\n<p>&nbsp;<\/p>\n<p>Na manh\u00e3 de quarta-feira, 14, o taubateano acordou com a not\u00edcia de que os cobradores e motoristas da ABC Transportes estavam em greve. Nenhum \u00f4nibus circulava pela cidade. Entretanto, em assembleia realizada no in\u00edcio da tarde, a categoria decidiu voltar ao trabalho.<\/p>\n<p>O motivo principal para a greve seria o ass\u00e9dio moral e o excesso de jornada de trabalho dos funcion\u00e1rios. \u201cO respons\u00e1vel pelos hor\u00e1rios de trabalho monta uma escala que n\u00e3o tem condi\u00e7\u00f5es para o trabalhador, que n\u00e3o podem nem questionar, pois s\u00e3o amea\u00e7ados de demiss\u00e3o\u201d, explica Jos\u00e9 Roberto Gomes, diretor do Sindicato dos Condutores. A categoria pedia a demiss\u00e3o do respons\u00e1vel pela escala de hor\u00e1rios e do gerente de transportes.<\/p>\n<div id=\"attachment_13441\" style=\"width: 338px\" class=\"wp-caption aligncenter\"><a href=\"http:\/\/jornalcontato.com.br\/home\/wp-content\/uploads\/2016\/09\/IMG_6971.jpg\"><img loading=\"lazy\" decoding=\"async\" aria-describedby=\"caption-attachment-13441\" class=\"wp-image-13441 size-large\" src=\"http:\/\/jornalcontato.com.br\/home\/wp-content\/uploads\/2016\/09\/IMG_6971-e1473958936632-338x450.jpg\" alt=\"Jos\u00e9 Roberto Gomes, diretor do Sindicato dos Condutores\" width=\"338\" height=\"450\" srcset=\"https:\/\/jornalcontato.com.br\/home\/wp-content\/uploads\/2016\/09\/IMG_6971-e1473958936632-338x450.jpg 338w, https:\/\/jornalcontato.com.br\/home\/wp-content\/uploads\/2016\/09\/IMG_6971-e1473958936632-225x300.jpg 225w, https:\/\/jornalcontato.com.br\/home\/wp-content\/uploads\/2016\/09\/IMG_6971-e1473958936632-768x1024.jpg 768w\" sizes=\"auto, (max-width: 338px) 100vw, 338px\" \/><\/a><p id=\"caption-attachment-13441\" class=\"wp-caption-text\">Jos\u00e9 Roberto Gomes, diretor do Sindicato dos Condutores<\/p><\/div>\n<p>A proposta da ABC Transporte \u00e9 de que os funcion\u00e1rios voltassem a trabalhar ainda na quarta-feira e em troca pedia um prazo de 15 dias para solucionar os problemas com os respons\u00e1veis pela escala. \u201cEm assembleia, eles [funcion\u00e1rios] deram esse voto de confian\u00e7a para a empresa. Mas, se acabar o prazo e nada for resolvido, n\u00f3s voltaremos com a greve\u201d, afirmou Gomes. \u201cEntramos em greve hoje principalmente por causa do excesso da jornada porque hoje eu aguento [o trabalho], mas e amanh\u00e3? E se acontece algum acidente?\u201d, finaliza.<\/p>\n<p>Outro motivo da greve foi a falta de um acordo com a empresa sobre o pagamento do fundo de garantia e por melhores condi\u00e7\u00f5es no refeit\u00f3rio. De acordo com o Diretor do Sindicato, essas quest\u00f5es dever\u00e3o ser resolvidas com a empresa na segunda-feira, 19.<\/p>\n<p><a href=\"http:\/\/jornalcontato.com.br\/home\/wp-content\/uploads\/2016\/09\/IMG_6961.jpg\"><img loading=\"lazy\" decoding=\"async\" class=\"aligncenter size-large wp-image-13442\" src=\"http:\/\/jornalcontato.com.br\/home\/wp-content\/uploads\/2016\/09\/IMG_6961-450x338.jpg\" alt=\"IMG_6961\" width=\"450\" height=\"338\" srcset=\"https:\/\/jornalcontato.com.br\/home\/wp-content\/uploads\/2016\/09\/IMG_6961-450x338.jpg 450w, https:\/\/jornalcontato.com.br\/home\/wp-content\/uploads\/2016\/09\/IMG_6961-300x225.jpg 300w, https:\/\/jornalcontato.com.br\/home\/wp-content\/uploads\/2016\/09\/IMG_6961-768x576.jpg 768w\" sizes=\"auto, (max-width: 450px) 100vw, 450px\" \/><\/a><\/p>\n<p>Em nota, a Prefeitura de Taubat\u00e9 informou que a Secretaria de Mobilidade Urbana acompanhou a greve dos funcion\u00e1rios da ABC Transportes. \u201cForam acionadas vans do TCTAU (Transporte Complementar de Taubat\u00e9) para minimizar o impacto da falta de transporte durante o per\u00edodo de paralisa\u00e7\u00e3o, que durou at\u00e9 \u00e0s 14h desta quarta-feira\u201d. A administra\u00e7\u00e3o tamb\u00e9m ressaltou que agentes de tr\u00e2nsito estiveram de prontid\u00e3o para ajudar no escoamento do tr\u00e2nsito e que as c\u00e2meras do COI (Centro de Opera\u00e7\u00f5es Integradas) acompanharam o movimento nas vias da cidade.<\/p>\n<p><strong>Outro lado<\/strong><\/p>\n<p>CONTATO procurou os representantes da ABC Transportes, por\u00e9m n\u00e3o obteve resposta.<\/p>\n<p><a href=\"http:\/\/jornalcontato.com.br\/home\/wp-content\/uploads\/2016\/09\/IMG_6956.jpg\"><img loading=\"lazy\" decoding=\"async\" class=\"aligncenter size-large wp-image-13443\" src=\"http:\/\/jornalcontato.com.br\/home\/wp-content\/uploads\/2016\/09\/IMG_6956-450x338.jpg\" alt=\"IMG_6956\" width=\"450\" height=\"338\" srcset=\"https:\/\/jornalcontato.com.br\/home\/wp-content\/uploads\/2016\/09\/IMG_6956-450x338.jpg 450w, https:\/\/jornalcontato.com.br\/home\/wp-content\/uploads\/2016\/09\/IMG_6956-300x225.jpg 300w, https:\/\/jornalcontato.com.br\/home\/wp-content\/uploads\/2016\/09\/IMG_6956-768x576.jpg 768w\" sizes=\"auto, (max-width: 450px) 100vw, 450px\" \/><\/a><\/p>\n","protected":false},"excerpt":{"rendered":"<p>A categoria pedia a demiss\u00e3o dos funcion\u00e1rios respons\u00e1veis pela escala de trabalho; o servi\u00e7o foi normalizado na quarta-feira, 14 &nbsp; Na manh\u00e3 de quarta-feira, 14, &#8230;<\/p>\n","protected":false},"author":1,"featured_media":13440,"comment_status":"open","ping_status":"open","sticky":false,"template":"","format":"standard","meta":{"footnotes":""},"categories":[29,7],"tags":[],"class_list":["post-13439","post","type-post","status-publish","format-standard","has-post-thumbnail","hentry","category-regional","category-reportagem"],"_links":{"self":[{"href":"https:\/\/www.jornalcontato.com.br\/home\/index.php\/wp-json\/wp\/v2\/posts\/13439","targetHints":{"allow":["GET"]}}],"collection":[{"href":"https:\/\/www.jornalcontato.com.br\/home\/index.php\/wp-json\/wp\/v2\/posts"}],"about":[{"href":"https:\/\/www.jornalcontato.com.br\/home\/index.php\/wp-json\/wp\/v2\/types\/post"}],"author":[{"embeddable":true,"href":"https:\/\/www.jornalcontato.com.br\/home\/index.php\/wp-json\/wp\/v2\/users\/1"}],"replies":[{"embeddable":true,"href":"https:\/\/www.jornalcontato.com.br\/home\/index.php\/wp-json\/wp\/v2\/comments?post=13439"}],"version-history":[{"count":2,"href":"https:\/\/www.jornalcontato.com.br\/home\/index.php\/wp-json\/wp\/v2\/posts\/13439\/revisions"}],"predecessor-version":[{"id":13446,"href":"https:\/\/www.jornalcontato.com.br\/home\/index.php\/wp-json\/wp\/v2\/posts\/13439\/revisions\/13446"}],"wp:featuredmedia":[{"embeddable":true,"href":"https:\/\/www.jornalcontato.com.br\/home\/index.php\/wp-json\/wp\/v2\/media\/13440"}],"wp:attachment":[{"href":"https:\/\/www.jornalcontato.com.br\/home\/index.php\/wp-json\/wp\/v2\/media?parent=13439"}],"wp:term":[{"taxonomy":"category","embeddable":true,"href":"https:\/\/www.jornalcontato.com.br\/home\/index.php\/wp-json\/wp\/v2\/categories?post=13439"},{"taxonomy":"post_tag","embeddable":true,"href":"https:\/\/www.jornalcontato.com.br\/home\/index.php\/wp-json\/wp\/v2\/tags?post=13439"}],"curies":[{"name":"wp","href":"https:\/\/api.w.org\/{rel}","templated":true}]}}