{"id":13352,"date":"2016-09-04T14:15:51","date_gmt":"2016-09-04T17:15:51","guid":{"rendered":"http:\/\/www.jornalcontato.com.br\/home\/?p=13352"},"modified":"2016-09-13T11:48:24","modified_gmt":"2016-09-13T14:48:24","slug":"leituras-de-domingo-luzes-curiosas-sobre-o-impeachment-daniel-reis-e-dora-kramer","status":"publish","type":"post","link":"https:\/\/www.jornalcontato.com.br\/home\/index.php\/leituras-de-domingo-luzes-curiosas-sobre-o-impeachment-daniel-reis-e-dora-kramer\/","title":{"rendered":"Leituras de Domingo: Luzes curiosas sobre o impeachment (Daniel Reis e Dora Kramer)"},"content":{"rendered":"<p><strong><em><a href=\"http:\/\/jornalcontato.com.br\/home\/wp-content\/uploads\/2016\/09\/Lewandowski-reduzida.png\"><img loading=\"lazy\" decoding=\"async\" class=\"aligncenter size-large wp-image-13354\" src=\"http:\/\/jornalcontato.com.br\/home\/wp-content\/uploads\/2016\/09\/Lewandowski-reduzida-450x276.png\" alt=\"Lewandowski reduzida\" width=\"450\" height=\"276\" srcset=\"https:\/\/jornalcontato.com.br\/home\/wp-content\/uploads\/2016\/09\/Lewandowski-reduzida-450x276.png 450w, https:\/\/jornalcontato.com.br\/home\/wp-content\/uploads\/2016\/09\/Lewandowski-reduzida-300x184.png 300w, https:\/\/jornalcontato.com.br\/home\/wp-content\/uploads\/2016\/09\/Lewandowski-reduzida.png 700w\" sizes=\"auto, (max-width: 450px) 100vw, 450px\" \/><\/a>Daniel Aar\u00e3o Reis, professor de hist\u00f3ria contempor\u00e2nea da UFF escreveu:<\/em><\/strong><\/p>\n<p style=\"text-align: center;\"><strong>Impeachment, golpe e democracia<\/strong><\/p>\n<p>A narrativa do golpe e as compara\u00e7\u00f5es com as crises do per\u00edodo anterior a 1964 n\u00e3o resistem a uma an\u00e1lise cr\u00edtica.\u00a0 O impeachment \u00e9 hip\u00f3tese ancorada na Constitui\u00e7\u00e3o de 1988 que, a despeito de avan\u00e7os substanciais, manteve v\u00e1rios aspectos autorit\u00e1rios, entre os quais,\u00a0 o dispositivo altamente arbitr\u00e1rio do impeachment.<\/p>\n<p>As for\u00e7as politicas conservadoras, hegem\u00f4nicas, infelizmente acompanhadas pelas esquerdas, n\u00e3o suscitaram o debate sobre o impeachment &#8211; medularmente autorit\u00e1rio e antidemocr\u00e1tico, porque atribui a algumas centenas de pessoas o \u201cdireito\u201d de depor um presidente eleito por dezenas de milh\u00f5es de votos. Poderia \u2013 e deveria &#8211; ter havido uma discuss\u00e3o sobre o plebiscito revocat\u00f3rio, este, sim, um mecanismo democr\u00e1tico de deposi\u00e7\u00e3o, pelo voto popular, de um mandat\u00e1rio eleito pelo povo. Entretanto, n\u00e3o houve debate sobre o assunto.<\/p>\n<p>Mais tarde, quando Collor foi derrubado por ampla frente pol\u00edtica, prevaleceu tamb\u00e9m o sil\u00eancio. Mais um erro \u2013 grave.\u00a0 Armou-se um precedente. Em seguida, petistas e outras esquerdas tentaram novamente acionar o impeachment para\u00a0 depor FHC, eleito igualmente por dezenas de milh\u00f5es de votos. A hist\u00f3ria agora se repete \u2013 o impeachment de Dilma \u00e9 um atentado \u00e0 democracia, mas o atentado se faz \u00e0 sombra da lei, da Constitui\u00e7\u00e3o, \u00e9 um atentado legalizado.<\/p>\n<p>Tentar esconder este fato e mergulhar na discuss\u00e3o jur\u00eddica \u00e9 perder de vista que um presidente sofre impeachment por considera\u00e7\u00f5es de ordem pol\u00edtica \u2013 argumentos e contra-argumentos jur\u00eddicos sempre ser\u00e3o esgrimidos, mas s\u00e3o folhas de parreira para esconder a vergonha. E a vergonha \u00e9 que h\u00e1 a\u00ed um c\u00e2ncer antidemocr\u00e1tico \u2013 o impeachment \u00e9 este c\u00e2ncer. Uma reforma pol\u00edtica democr\u00e1tica dever\u00e1 extirpar o impeachment da Constitui\u00e7\u00e3o, substituindo-o pelo procedimento do plebiscito revocat\u00f3rio. Enquanto isto n\u00e3o for conseguido, a sociedade continuar\u00e1 ref\u00e9m de elites pol\u00edticas e de suas inclina\u00e7\u00f5es antidemocr\u00e1ticas.<\/p>\n<p style=\"text-align: center;\"><strong>*****<\/strong><\/p>\n<p style=\"text-align: left;\"><a href=\"http:\/\/jornalcontato.com.br\/home\/wp-content\/uploads\/2016\/09\/Renan.jpg\"><img loading=\"lazy\" decoding=\"async\" class=\"aligncenter size-full wp-image-13355\" src=\"http:\/\/jornalcontato.com.br\/home\/wp-content\/uploads\/2016\/09\/Renan.jpg\" alt=\"Renan\" width=\"301\" height=\"168\" srcset=\"https:\/\/jornalcontato.com.br\/home\/wp-content\/uploads\/2016\/09\/Renan.jpg 301w, https:\/\/jornalcontato.com.br\/home\/wp-content\/uploads\/2016\/09\/Renan-300x167.jpg 300w, https:\/\/jornalcontato.com.br\/home\/wp-content\/uploads\/2016\/09\/Renan-265x147.jpg 265w\" sizes=\"auto, (max-width: 301px) 100vw, 301px\" \/><\/a><\/p>\n<p style=\"text-align: left;\"><strong><em>Dora Kramer, colunista do Estad\u00e3o, escreveu nesse domingo, 04, um pequeno enorme detalhe do acord\u00e3o realizado nos bastidores<\/em><\/strong><\/p>\n<p style=\"text-align: center;\"><strong>Estilo \u00e9 o homem<\/strong><\/p>\n<p>Em meio \u00e0s tratativas para conseguir separar a cassa\u00e7\u00e3o de Dilma da pena de inabilita\u00e7\u00e3o para fun\u00e7\u00f5es p\u00fablicas, o presidente do Senado, Renan Calheiros (PMDB-AL), prometeu ao presidente do Supremo Tribunal Federal (STF), Ricardo Lewandowski, que s\u00f3 viajaria com Temer para a China depois de lido o requerimento de urg\u00eancia para a proposta de aumento do teto salarial do Poder Judici\u00e1rio.<\/p>\n<p>No mesmo dia da vota\u00e7\u00e3o do impeachment, Renan p\u00f4s o assunto na pauta do Senado, mas o requerimento n\u00e3o foi lido e mesmo assim ele viajou, deixando Lewandowski no ora veja. Como havia deixado os defensores do impeachment (Michel Temer inclu\u00eddo) horas antes na defesa da anistia parcial a Dilma.<\/p>\n","protected":false},"excerpt":{"rendered":"<p>Daniel Aar\u00e3o Reis, professor de hist\u00f3ria contempor\u00e2nea da UFF escreveu: Impeachment, golpe e democracia A narrativa do golpe e as compara\u00e7\u00f5es com as crises do &#8230;<\/p>\n","protected":false},"author":1,"featured_media":0,"comment_status":"open","ping_status":"open","sticky":false,"template":"","format":"standard","meta":{"footnotes":""},"categories":[31,35],"tags":[],"class_list":["post-13352","post","type-post","status-publish","format-standard","hentry","category-colunas","category-de-passagem"],"_links":{"self":[{"href":"https:\/\/www.jornalcontato.com.br\/home\/index.php\/wp-json\/wp\/v2\/posts\/13352","targetHints":{"allow":["GET"]}}],"collection":[{"href":"https:\/\/www.jornalcontato.com.br\/home\/index.php\/wp-json\/wp\/v2\/posts"}],"about":[{"href":"https:\/\/www.jornalcontato.com.br\/home\/index.php\/wp-json\/wp\/v2\/types\/post"}],"author":[{"embeddable":true,"href":"https:\/\/www.jornalcontato.com.br\/home\/index.php\/wp-json\/wp\/v2\/users\/1"}],"replies":[{"embeddable":true,"href":"https:\/\/www.jornalcontato.com.br\/home\/index.php\/wp-json\/wp\/v2\/comments?post=13352"}],"version-history":[{"count":2,"href":"https:\/\/www.jornalcontato.com.br\/home\/index.php\/wp-json\/wp\/v2\/posts\/13352\/revisions"}],"predecessor-version":[{"id":13356,"href":"https:\/\/www.jornalcontato.com.br\/home\/index.php\/wp-json\/wp\/v2\/posts\/13352\/revisions\/13356"}],"wp:attachment":[{"href":"https:\/\/www.jornalcontato.com.br\/home\/index.php\/wp-json\/wp\/v2\/media?parent=13352"}],"wp:term":[{"taxonomy":"category","embeddable":true,"href":"https:\/\/www.jornalcontato.com.br\/home\/index.php\/wp-json\/wp\/v2\/categories?post=13352"},{"taxonomy":"post_tag","embeddable":true,"href":"https:\/\/www.jornalcontato.com.br\/home\/index.php\/wp-json\/wp\/v2\/tags?post=13352"}],"curies":[{"name":"wp","href":"https:\/\/api.w.org\/{rel}","templated":true}]}}