{"id":13315,"date":"2016-08-31T17:12:09","date_gmt":"2016-08-31T20:12:09","guid":{"rendered":"http:\/\/jornalcontato.com.br\/home\/?p=13315"},"modified":"2016-08-31T17:12:09","modified_gmt":"2016-08-31T20:12:09","slug":"charge-imagens-que-valem-mais-do-que-mil-palavras","status":"publish","type":"post","link":"https:\/\/www.jornalcontato.com.br\/home\/index.php\/charge-imagens-que-valem-mais-do-que-mil-palavras\/","title":{"rendered":"CHARGE: Imagens que valem mais do que mil palavras&#8230;"},"content":{"rendered":"<p>Na foto, registrada em 17 de agosto,\u00a0J\u00fanior emocionado n\u00e3o conseguiu esconder as l\u00e1grimas durante\u00a0o lan\u00e7amento da campanha do PSDB em Taubat\u00e9. Abaixo, o Chorinho Tucano:<\/p>\n<p><a href=\"http:\/\/jornalcontato.com.br\/home\/wp-content\/uploads\/2016\/08\/Chorinho-tucano.jpg\"><img loading=\"lazy\" decoding=\"async\" class=\"aligncenter size-large wp-image-13317\" src=\"http:\/\/jornalcontato.com.br\/home\/wp-content\/uploads\/2016\/08\/Chorinho-tucano-450x383.jpg\" alt=\"Chorinho tucano\" width=\"450\" height=\"383\" srcset=\"https:\/\/jornalcontato.com.br\/home\/wp-content\/uploads\/2016\/08\/Chorinho-tucano-450x383.jpg 450w, https:\/\/jornalcontato.com.br\/home\/wp-content\/uploads\/2016\/08\/Chorinho-tucano-300x255.jpg 300w, https:\/\/jornalcontato.com.br\/home\/wp-content\/uploads\/2016\/08\/Chorinho-tucano-768x654.jpg 768w, https:\/\/jornalcontato.com.br\/home\/wp-content\/uploads\/2016\/08\/Chorinho-tucano.jpg 1575w\" sizes=\"auto, (max-width: 450px) 100vw, 450px\" \/><\/a><\/p>\n<p>&nbsp;<\/p>\n","protected":false},"excerpt":{"rendered":"<p>Na foto, registrada em 17 de agosto,\u00a0J\u00fanior emocionado n\u00e3o conseguiu esconder as l\u00e1grimas durante\u00a0o lan\u00e7amento da campanha do PSDB em Taubat\u00e9. Abaixo, o Chorinho Tucano: &#8230;<\/p>\n","protected":false},"author":1,"featured_media":13316,"comment_status":"open","ping_status":"open","sticky":false,"template":"","format":"standard","meta":{"footnotes":""},"categories":[29,7],"tags":[],"class_list":["post-13315","post","type-post","status-publish","format-standard","has-post-thumbnail","hentry","category-regional","category-reportagem"],"_links":{"self":[{"href":"https:\/\/www.jornalcontato.com.br\/home\/index.php\/wp-json\/wp\/v2\/posts\/13315","targetHints":{"allow":["GET"]}}],"collection":[{"href":"https:\/\/www.jornalcontato.com.br\/home\/index.php\/wp-json\/wp\/v2\/posts"}],"about":[{"href":"https:\/\/www.jornalcontato.com.br\/home\/index.php\/wp-json\/wp\/v2\/types\/post"}],"author":[{"embeddable":true,"href":"https:\/\/www.jornalcontato.com.br\/home\/index.php\/wp-json\/wp\/v2\/users\/1"}],"replies":[{"embeddable":true,"href":"https:\/\/www.jornalcontato.com.br\/home\/index.php\/wp-json\/wp\/v2\/comments?post=13315"}],"version-history":[{"count":1,"href":"https:\/\/www.jornalcontato.com.br\/home\/index.php\/wp-json\/wp\/v2\/posts\/13315\/revisions"}],"predecessor-version":[{"id":13318,"href":"https:\/\/www.jornalcontato.com.br\/home\/index.php\/wp-json\/wp\/v2\/posts\/13315\/revisions\/13318"}],"wp:featuredmedia":[{"embeddable":true,"href":"https:\/\/www.jornalcontato.com.br\/home\/index.php\/wp-json\/wp\/v2\/media\/13316"}],"wp:attachment":[{"href":"https:\/\/www.jornalcontato.com.br\/home\/index.php\/wp-json\/wp\/v2\/media?parent=13315"}],"wp:term":[{"taxonomy":"category","embeddable":true,"href":"https:\/\/www.jornalcontato.com.br\/home\/index.php\/wp-json\/wp\/v2\/categories?post=13315"},{"taxonomy":"post_tag","embeddable":true,"href":"https:\/\/www.jornalcontato.com.br\/home\/index.php\/wp-json\/wp\/v2\/tags?post=13315"}],"curies":[{"name":"wp","href":"https:\/\/api.w.org\/{rel}","templated":true}]}}