{"id":1323,"date":"2011-09-20T15:06:23","date_gmt":"2011-09-20T18:06:23","guid":{"rendered":"http:\/\/jornalcontato.com.br\/home\/?p=1323"},"modified":"2012-08-24T16:13:32","modified_gmt":"2012-08-24T19:13:32","slug":"retrato-falado","status":"publish","type":"post","link":"https:\/\/www.jornalcontato.com.br\/home\/index.php\/retrato-falado\/","title":{"rendered":"Retrato falado"},"content":{"rendered":"<p>A Pol\u00edcia Civil de Taubat\u00e9 divulgou nesta ter\u00e7a-feira, dia 20, o retrato falado de 3 dos 5 homens que invadiram a casa do deputado estadual Padre Afonso Lobato (PV) no dia 9 de setembro. Os bandidos estavam fortemente armados. Depois de levar dinheiro e coisas de valor da resid\u00eancia, os bandidos teriam fotografado a v\u00edtima ao lado de v\u00eddeos pornogr\u00e1ficos. A pol\u00edcia n\u00e3o divulgou o retrato falado das outras duas pessoas que participaram da a\u00e7\u00e3o porque n\u00e3o houve uma conclus\u00e3o definitiva por parte das v\u00edtimas em rela\u00e7\u00e3o aos tra\u00e7os f\u00edsicos dos criminosos. A pol\u00edcia s\u00f3 divulga um retrato falado quando existe quase 100% de certeza por parte das v\u00edtimas.\u00a0As investiga\u00e7\u00f5es prosseguem. Quem tiver informa\u00e7\u00f5es dos bandidos pode ligar para o Disque Den\u00fancia atrav\u00e9s do telefone 197. O sigilo \u00e9 garantido.<a href=\"http:\/\/jornalcontato.com.br\/home\/wp-content\/uploads\/2012\/08\/DSC_0272.jpg\"><img loading=\"lazy\" decoding=\"async\" class=\"aligncenter size-medium wp-image-1396\" title=\"DSC_0272\" src=\"http:\/\/jornalcontato.com.br\/home\/wp-content\/uploads\/2012\/08\/DSC_0272-247x300.jpg\" alt=\"\" width=\"247\" height=\"300\" srcset=\"https:\/\/jornalcontato.com.br\/home\/wp-content\/uploads\/2012\/08\/DSC_0272-247x300.jpg 247w, https:\/\/jornalcontato.com.br\/home\/wp-content\/uploads\/2012\/08\/DSC_0272-845x1024.jpg 845w, https:\/\/jornalcontato.com.br\/home\/wp-content\/uploads\/2012\/08\/DSC_0272.jpg 1321w\" sizes=\"auto, (max-width: 247px) 100vw, 247px\" \/><\/a><a href=\"http:\/\/jornalcontato.com.br\/home\/wp-content\/uploads\/2012\/08\/retrato.jpg\"><img loading=\"lazy\" decoding=\"async\" class=\"aligncenter size-medium wp-image-1399\" title=\"retrato\" src=\"http:\/\/jornalcontato.com.br\/home\/wp-content\/uploads\/2012\/08\/retrato-244x300.jpg\" alt=\"\" width=\"244\" height=\"300\" srcset=\"https:\/\/jornalcontato.com.br\/home\/wp-content\/uploads\/2012\/08\/retrato-244x300.jpg 244w, https:\/\/jornalcontato.com.br\/home\/wp-content\/uploads\/2012\/08\/retrato-835x1024.jpg 835w, https:\/\/jornalcontato.com.br\/home\/wp-content\/uploads\/2012\/08\/retrato.jpg 1305w\" sizes=\"auto, (max-width: 244px) 100vw, 244px\" \/><\/a><\/p>\n","protected":false},"excerpt":{"rendered":"<p>A Pol\u00edcia Civil de Taubat\u00e9 divulgou nesta ter\u00e7a-feira, dia 20, o retrato falado de 3 dos 5 homens que invadiram a casa do deputado estadual &#8230;<\/p>\n","protected":false},"author":1,"featured_media":1324,"comment_status":"open","ping_status":"open","sticky":false,"template":"","format":"standard","meta":{"footnotes":""},"categories":[7],"tags":[],"class_list":["post-1323","post","type-post","status-publish","format-standard","has-post-thumbnail","hentry","category-reportagem"],"_links":{"self":[{"href":"https:\/\/www.jornalcontato.com.br\/home\/index.php\/wp-json\/wp\/v2\/posts\/1323","targetHints":{"allow":["GET"]}}],"collection":[{"href":"https:\/\/www.jornalcontato.com.br\/home\/index.php\/wp-json\/wp\/v2\/posts"}],"about":[{"href":"https:\/\/www.jornalcontato.com.br\/home\/index.php\/wp-json\/wp\/v2\/types\/post"}],"author":[{"embeddable":true,"href":"https:\/\/www.jornalcontato.com.br\/home\/index.php\/wp-json\/wp\/v2\/users\/1"}],"replies":[{"embeddable":true,"href":"https:\/\/www.jornalcontato.com.br\/home\/index.php\/wp-json\/wp\/v2\/comments?post=1323"}],"version-history":[{"count":2,"href":"https:\/\/www.jornalcontato.com.br\/home\/index.php\/wp-json\/wp\/v2\/posts\/1323\/revisions"}],"predecessor-version":[{"id":1404,"href":"https:\/\/www.jornalcontato.com.br\/home\/index.php\/wp-json\/wp\/v2\/posts\/1323\/revisions\/1404"}],"wp:featuredmedia":[{"embeddable":true,"href":"https:\/\/www.jornalcontato.com.br\/home\/index.php\/wp-json\/wp\/v2\/media\/1324"}],"wp:attachment":[{"href":"https:\/\/www.jornalcontato.com.br\/home\/index.php\/wp-json\/wp\/v2\/media?parent=1323"}],"wp:term":[{"taxonomy":"category","embeddable":true,"href":"https:\/\/www.jornalcontato.com.br\/home\/index.php\/wp-json\/wp\/v2\/categories?post=1323"},{"taxonomy":"post_tag","embeddable":true,"href":"https:\/\/www.jornalcontato.com.br\/home\/index.php\/wp-json\/wp\/v2\/tags?post=1323"}],"curies":[{"name":"wp","href":"https:\/\/api.w.org\/{rel}","templated":true}]}}