{"id":13191,"date":"2016-08-29T19:54:48","date_gmt":"2016-08-29T22:54:48","guid":{"rendered":"http:\/\/jornalcontato.com.br\/home\/?p=13191"},"modified":"2016-08-31T17:01:11","modified_gmt":"2016-08-31T20:01:11","slug":"bastidores-eleitorais","status":"publish","type":"post","link":"https:\/\/www.jornalcontato.com.br\/home\/index.php\/bastidores-eleitorais\/","title":{"rendered":"Bastidores Eleitorais"},"content":{"rendered":"<p style=\"text-align: right;\"><em>da Reda\u00e7\u00e3o<\/em><\/p>\n<p style=\"text-align: left;\"><strong>Enrascada tucana<br \/>\n<\/strong><\/p>\n<p>A situa\u00e7\u00e3o jur\u00eddica indefinida de Ortiz J\u00fanior est\u00e1 interferindo na campanha eleitoral. \u00c9 vis\u00edvel o descontentamento reinante entre os candidatos da coliga\u00e7\u00e3o \u201cTaubat\u00e9 que a Gente Quer\u201d, formada por 14 partidos pol\u00edticos.<!--more--><\/p>\n<p>Um grupo no <em>WhatsApp<\/em> chamado \u201cVencer nas Elei\u00e7\u00f5es\u201d, criado por Beto, irm\u00e3o do ainda candidato J\u00fanior e tesoureiro da campanha, para a comunica\u00e7\u00e3o da coliga\u00e7\u00e3o foi o meio escolhido pelos candidatos para mostrarem sua indigna\u00e7\u00e3o.<\/p>\n<p>Eles reclamam da falta de material de campanha. At\u00e9 o momento ningu\u00e9m recebeu panfletos, santinhos e adesivos e demais materiais. Por meio de mensagem no grupo, Beto Ortiz diz que a previs\u00e3o \u00e9 de que eles recebam as propagandas em Setembro, mas nenhuma data definitiva foi dada. Ainda de acordo com as reclama\u00e7\u00f5es, n\u00e3o h\u00e1 nem panfleto de Ortiz J\u00fanior. Os tucanos estariam economizando para gastar na impress\u00e3o apenas do candidato definitivo a prefeito.<\/p>\n<div id=\"attachment_13192\" style=\"width: 409px\" class=\"wp-caption aligncenter\"><a href=\"http:\/\/jornalcontato.com.br\/home\/wp-content\/uploads\/2016\/08\/Beto-Oriz.jpg\"><img loading=\"lazy\" decoding=\"async\" aria-describedby=\"caption-attachment-13192\" class=\"size-full wp-image-13192\" title=\"Beto Oriz\" src=\"http:\/\/jornalcontato.com.br\/home\/wp-content\/uploads\/2016\/08\/Beto-Oriz.jpg\" alt=\"\" width=\"409\" height=\"447\" srcset=\"https:\/\/jornalcontato.com.br\/home\/wp-content\/uploads\/2016\/08\/Beto-Oriz.jpg 409w, https:\/\/jornalcontato.com.br\/home\/wp-content\/uploads\/2016\/08\/Beto-Oriz-274x300.jpg 274w\" sizes=\"auto, (max-width: 409px) 100vw, 409px\" \/><\/a><p id=\"caption-attachment-13192\" class=\"wp-caption-text\">Beto Ortiz, irm\u00e3o do ainda candidato J\u00fanior e tesoureiro da campanha<\/p><\/div>\n<p>Os candidatos veteranos com maior destaque e mais conhecidos ainda conseguem mitigar a situa\u00e7\u00e3o utilizando recursos pr\u00f3prios para adquirir o material de campanha. Os calouros rec\u00e9m-chegados \u00e0 pol\u00edtica sofrem com a falta de recursos. \u201cN\u00e3o foi isso que nos prometeram quando demos o nosso apoio\u201d escreveu um dos candidatos no grupo de WhatsApp. \u201cAlguns arrega\u00e7am mais a manga do que os outros. Agora temos que resolver a situa\u00e7\u00e3o do J\u00fanior\u201d, defendeu Beto Ortiz.<\/p>\n<p>&nbsp;<\/p>\n<p><strong>Candidato do PSDB<\/strong><\/p>\n<p><a href=\"http:\/\/jornalcontato.com.br\/home\/wp-content\/uploads\/2016\/08\/IMG_0156-750x4502.jpg\"><img loading=\"lazy\" decoding=\"async\" class=\"aligncenter size-large wp-image-13194\" title=\"IMG_0156-750x450\" src=\"http:\/\/jornalcontato.com.br\/home\/wp-content\/uploads\/2016\/08\/IMG_0156-750x4502-450x270.jpg\" alt=\"\" width=\"450\" height=\"270\" srcset=\"https:\/\/jornalcontato.com.br\/home\/wp-content\/uploads\/2016\/08\/IMG_0156-750x4502-450x270.jpg 450w, https:\/\/jornalcontato.com.br\/home\/wp-content\/uploads\/2016\/08\/IMG_0156-750x4502-300x180.jpg 300w, https:\/\/jornalcontato.com.br\/home\/wp-content\/uploads\/2016\/08\/IMG_0156-750x4502.jpg 750w\" sizes=\"auto, (max-width: 450px) 100vw, 450px\" \/><\/a><\/p>\n<p>Ortiz J\u00fanior n\u00e3o arreda o p\u00e9 de que o seu vice, Professor Edson de Oliveira, o substituir\u00e1 nas elei\u00e7\u00f5es e ser\u00e1 o candidato ao Pal\u00e1cio do Bom Conselho caso n\u00e3o consiga reverter sua inelegibilidade. Pelo menos \u00e9 isso que respondem aos membros da coliga\u00e7\u00e3o que questionam quem ser\u00e1 o candidato a Prefeito. Por\u00e9m, essa decis\u00e3o pode gerar um racha no grupo.<\/p>\n<p>Os representantes da \u201cTaubat\u00e9 que a gente quer\u201d na C\u00e2mara Municipal querem que Dig\u00e3o seja o candidato. Bilili falou da tribuna durante a sess\u00e3o de segunda-feira, 29. \u201cEle \u00e9 45 tamb\u00e9m, n\u00e3o \u00e9?\u201d, questionou o parlamentar. Eles tamb\u00e9m querem que o atual prefeito Paulo Miranda seja o vice-prefeito.<\/p>\n<p>Mas o grande problema \u00e9 o pr\u00f3prio Ortiz J\u00fanior que n\u00e3o aceita de forma alguma que Dig\u00e3o seja o candidato a prefeito da coliga\u00e7\u00e3o.<\/p>\n<p>&nbsp;<\/p>\n<p><strong><em>Deadline!<\/em><\/strong><\/p>\n<p><a href=\"http:\/\/jornalcontato.com.br\/home\/wp-content\/uploads\/2016\/08\/Vereador-Digao-PSDB.jpg\"><img loading=\"lazy\" decoding=\"async\" class=\"aligncenter size-large wp-image-13196\" title=\"Vereador Digao (PSDB)\" src=\"http:\/\/jornalcontato.com.br\/home\/wp-content\/uploads\/2016\/08\/Vereador-Digao-PSDB-450x382.jpg\" alt=\"\" width=\"450\" height=\"382\" srcset=\"https:\/\/jornalcontato.com.br\/home\/wp-content\/uploads\/2016\/08\/Vereador-Digao-PSDB-450x382.jpg 450w, https:\/\/jornalcontato.com.br\/home\/wp-content\/uploads\/2016\/08\/Vereador-Digao-PSDB-300x254.jpg 300w, https:\/\/jornalcontato.com.br\/home\/wp-content\/uploads\/2016\/08\/Vereador-Digao-PSDB.jpg 1600w\" sizes=\"auto, (max-width: 450px) 100vw, 450px\" \/><\/a><\/p>\n<p>Dig\u00e3o deu o prazo at\u00e9 sexta 2 de setembro para Ortiz J\u00fanior anunciar o novo candidato. Caso isso n\u00e3o aconte\u00e7a, o vereador e atual presidente da C\u00e2mara retirar\u00e1 o apoio ao ainda canddato.<\/p>\n<p>Outros integrantes da coliga\u00e7\u00e3o na C\u00e2mara devem seguir os mesmos passos de Dig\u00e3o. Muita conversa j\u00e1 rolou. Tem gente esperando apenas um sinal para descer do outro lado do muro.<\/p>\n<p>&nbsp;<\/p>\n<p><strong>Surpresa?<\/strong><\/p>\n<p><a href=\"http:\/\/jornalcontato.com.br\/home\/wp-content\/uploads\/2016\/08\/IMG_0058-450x3374.jpg\"><img loading=\"lazy\" decoding=\"async\" class=\"aligncenter size-full wp-image-13197\" title=\"IMG_0058-450x337\" src=\"http:\/\/jornalcontato.com.br\/home\/wp-content\/uploads\/2016\/08\/IMG_0058-450x3374.jpg\" alt=\"\" width=\"450\" height=\"337\" srcset=\"https:\/\/jornalcontato.com.br\/home\/wp-content\/uploads\/2016\/08\/IMG_0058-450x3374.jpg 450w, https:\/\/jornalcontato.com.br\/home\/wp-content\/uploads\/2016\/08\/IMG_0058-450x3374-300x224.jpg 300w\" sizes=\"auto, (max-width: 450px) 100vw, 450px\" \/><\/a><\/p>\n<p>Ortiz J\u00fanior n\u00e3o esperava que Paulo Miranda assumisse a prefeitura. O tucano acreditava que o ent\u00e3o presidente da C\u00e2mara fosse recusar o cargo para disputar sua reelei\u00e7\u00e3o. J\u00fanior teria sido pego de surpresa quando Miranda assinou a notifica\u00e7\u00e3o de afastamento de J\u00fanior e anunciou que aceitou o cargo de prefeito.<\/p>\n<p>Curiosamente, 20 entre os 19 vereadores sabiam que Miranda assumiria a prefeitura.<\/p>\n<p>&nbsp;<\/p>\n<p><strong>Come\u00e7ou a guerra jur\u00eddica<\/strong><\/p>\n<p><a href=\"http:\/\/jornalcontato.com.br\/home\/wp-content\/uploads\/2016\/08\/Pollyana-Gama-131.jpg\"><img loading=\"lazy\" decoding=\"async\" class=\"aligncenter size-large wp-image-13203\" title=\"Pollyana Gama (131)\" src=\"http:\/\/jornalcontato.com.br\/home\/wp-content\/uploads\/2016\/08\/Pollyana-Gama-131-450x298.jpg\" alt=\"\" width=\"450\" height=\"298\" srcset=\"https:\/\/jornalcontato.com.br\/home\/wp-content\/uploads\/2016\/08\/Pollyana-Gama-131-450x298.jpg 450w, https:\/\/jornalcontato.com.br\/home\/wp-content\/uploads\/2016\/08\/Pollyana-Gama-131-300x199.jpg 300w, https:\/\/jornalcontato.com.br\/home\/wp-content\/uploads\/2016\/08\/Pollyana-Gama-131.jpg 1600w\" sizes=\"auto, (max-width: 450px) 100vw, 450px\" \/><\/a><\/p>\n<p>&nbsp;<\/p>\n<p>Por enquanto, a coliga\u00e7\u00e3o \u201cTaubat\u00e9 que a Gente Quer\u201d, do prefeito cassado Ortiz J\u00fanior (PSDB), est\u00e1 vencendo por 2 X 0 a coliga\u00e7\u00e3o \u201cJuntos Taubat\u00e9 Acontece\u201d, da candidata Pollyana Gama (PPS). O juiz eleitoral Jo\u00e3o Carlos Germano, no domingo 28, deu duas liminares favor\u00e1veis ao Ortiz J\u00fanior e determinou a suspens\u00e3o de programas eleitorais da candidata Pollyana na televis\u00e3o.<\/p>\n<p>O que motivou as liminares foi propaganda eleitoral de televis\u00e3o, na modalidade bloco, veiculada no dia 27\/8\/2016, \u00e0s 15 horas, e \u00e0s 20h30min e repetida \u00e0s 20h45min. Segundo o juiz, Pollyana \u201cutiliza-se de modo de locu\u00e7\u00e3o profissional e de apoiadores de modo preponderante\u201d e determina que a emissora geradora \u201cretire a propaganda do ar a fim de evitar desequil\u00edbrio entre os candidatos\u201d.<\/p>\n<p>O juiz afirma ainda que \u201ca narra\u00e7\u00e3o deflagrada na propaganda veiculada pela coliga\u00e7\u00e3o [de Pollyana] extrapola \u00e0s esc\u00e2ncaras e objetivamente os contornos expressos no artigo 54, da Lei n\u00ba 9.504\/97\u201d.<\/p>\n<p>Em seguida argumenta que \u201ca propaganda objeto da representa\u00e7\u00e3o disp\u00f4s a um narrador e a apoiadores tempo superior a 25% do tempo da inser\u00e7\u00e3o, violando de forma objetiva a regra prevista no artigo 54, da Lei n\u00ba 9.504\/97, constituindo, pois, propaganda irregular\u201d.<\/p>\n<p>O magistrado chama a aten\u00e7\u00e3o sobre o risco na demora de uma solu\u00e7\u00e3o, pois \u201ca manuten\u00e7\u00e3o de propaganda irregular, que viola as estabelecidas pela Lei, p\u00f5e em risco o equil\u00edbrio da disputa eleitoral, bem assim a pr\u00f3pria integridade do pleito\u201d.<\/p>\n<p>E concede a liminar pedida pela coliga\u00e7\u00e3o de Ortiz Jr.<\/p>\n<p><a href=\"http:\/\/jornalcontato.com.br\/home\/wp-content\/uploads\/2016\/08\/Ortiz-Junior.jpg\"><img loading=\"lazy\" decoding=\"async\" class=\"aligncenter size-large wp-image-13199\" title=\"Ortiz Junior\" src=\"http:\/\/jornalcontato.com.br\/home\/wp-content\/uploads\/2016\/08\/Ortiz-Junior-450x225.jpg\" alt=\"\" width=\"450\" height=\"225\" srcset=\"https:\/\/jornalcontato.com.br\/home\/wp-content\/uploads\/2016\/08\/Ortiz-Junior-450x225.jpg 450w, https:\/\/jornalcontato.com.br\/home\/wp-content\/uploads\/2016\/08\/Ortiz-Junior-300x150.jpg 300w, https:\/\/jornalcontato.com.br\/home\/wp-content\/uploads\/2016\/08\/Ortiz-Junior.jpg 765w\" sizes=\"auto, (max-width: 450px) 100vw, 450px\" \/><\/a><\/p>\n<p><strong>Outro lado<\/strong><\/p>\n<p>A candidata n\u00e3o retornou a liga\u00e7\u00e3o. CONTATO recebeu apenas um recado via Whatsapp de sua assessoria de imprensa: \u201cSobre as representa\u00e7\u00f5es; j\u00e1 acatamos a determina\u00e7\u00e3o da justi\u00e7a e j\u00e1 corrigimos\u201d.<\/p>\n","protected":false},"excerpt":{"rendered":"<p>da Reda\u00e7\u00e3o Enrascada tucana A situa\u00e7\u00e3o jur\u00eddica indefinida de Ortiz J\u00fanior est\u00e1 interferindo na campanha eleitoral. \u00c9 vis\u00edvel o descontentamento reinante entre os candidatos da &#8230;<\/p>\n","protected":false},"author":1,"featured_media":13200,"comment_status":"open","ping_status":"open","sticky":false,"template":"","format":"standard","meta":{"footnotes":""},"categories":[29,7],"tags":[],"class_list":["post-13191","post","type-post","status-publish","format-standard","has-post-thumbnail","hentry","category-regional","category-reportagem"],"_links":{"self":[{"href":"https:\/\/www.jornalcontato.com.br\/home\/index.php\/wp-json\/wp\/v2\/posts\/13191","targetHints":{"allow":["GET"]}}],"collection":[{"href":"https:\/\/www.jornalcontato.com.br\/home\/index.php\/wp-json\/wp\/v2\/posts"}],"about":[{"href":"https:\/\/www.jornalcontato.com.br\/home\/index.php\/wp-json\/wp\/v2\/types\/post"}],"author":[{"embeddable":true,"href":"https:\/\/www.jornalcontato.com.br\/home\/index.php\/wp-json\/wp\/v2\/users\/1"}],"replies":[{"embeddable":true,"href":"https:\/\/www.jornalcontato.com.br\/home\/index.php\/wp-json\/wp\/v2\/comments?post=13191"}],"version-history":[{"count":7,"href":"https:\/\/www.jornalcontato.com.br\/home\/index.php\/wp-json\/wp\/v2\/posts\/13191\/revisions"}],"predecessor-version":[{"id":13310,"href":"https:\/\/www.jornalcontato.com.br\/home\/index.php\/wp-json\/wp\/v2\/posts\/13191\/revisions\/13310"}],"wp:featuredmedia":[{"embeddable":true,"href":"https:\/\/www.jornalcontato.com.br\/home\/index.php\/wp-json\/wp\/v2\/media\/13200"}],"wp:attachment":[{"href":"https:\/\/www.jornalcontato.com.br\/home\/index.php\/wp-json\/wp\/v2\/media?parent=13191"}],"wp:term":[{"taxonomy":"category","embeddable":true,"href":"https:\/\/www.jornalcontato.com.br\/home\/index.php\/wp-json\/wp\/v2\/categories?post=13191"},{"taxonomy":"post_tag","embeddable":true,"href":"https:\/\/www.jornalcontato.com.br\/home\/index.php\/wp-json\/wp\/v2\/tags?post=13191"}],"curies":[{"name":"wp","href":"https:\/\/api.w.org\/{rel}","templated":true}]}}