{"id":13186,"date":"2016-08-28T13:51:27","date_gmt":"2016-08-28T16:51:27","guid":{"rendered":"http:\/\/jornalcontato.com.br\/home\/?p=13186"},"modified":"2016-08-31T17:01:23","modified_gmt":"2016-08-31T20:01:23","slug":"leitura-de-domingo-a-torre-eiffel-professor-antonio-marmo","status":"publish","type":"post","link":"https:\/\/www.jornalcontato.com.br\/home\/index.php\/leitura-de-domingo-a-torre-eiffel-professor-antonio-marmo\/","title":{"rendered":"Leitura de domingo: A Torre Eiffel (Professor Ant\u00f4nio Marmo)"},"content":{"rendered":"<p align=\"center\"><strong><em>Durante meia hora, todos os olhares de Paris estiveram voltados para o c\u00e9u da cidade, onde o brasileiro Santos Dumont conseguiu provar ser poss\u00edvel pilotar um bal\u00e3o dirig\u00edvel<\/em><\/strong>.<\/p>\n<p>\u00a0Decolando de Saint Cloud, Santos Dumont seguiu rumo \u00e0 Torre Eiffel, a contornou e voltou ao ponto de partida, sob os aplausos de toda Paris. Pela fa\u00e7anha, o brasileiro recebeu o Pr\u00eamio Deutsch dela Muerthe, no valor de 100 mil francos.<\/p>\n<p>A Torre Eiffel, hoje o \u00a0marco mais famoso de Paris, foi constru\u00edda por Gustave Eiffel para a Exposi\u00e7\u00e3o Mundial de 1889, centen\u00e1rio da Revolu\u00e7\u00e3o Francesa. \u00c9 um dos monumentos mais visitado do mundo, recebendo anualmente mais de seis milh\u00f5es de turistas, que fazem longas filas durante todo o ano para subir aos seus tr\u00eas pisos. Na Fran\u00e7a, ela \u00e9 carinhosamente chamada de &#8220;A Dama de Ferro &#8220;.<\/p>\n<p>Ela \u00e9 duas vezes mais alta que a Grande Pir\u00e2mide do Egito ou a c\u00fapula da Bas\u00edlica de S\u00e3o Pedro. Foi constru\u00edda em apenas 2 anos e seu custo foi relativamente baixo. Seus tr\u00eas pisos abrigam o elegante restaurante Jules Verne, um cinema que relata a hist\u00f3ria de sua constru\u00e7\u00e3o e um pequeno museu de cera, onde figura seu criador.<\/p>\n<p>O monumento \u00e9 propriedade da prefeitura de Paris. S\u00e3o muitos os casos e hist\u00f3rias que v\u00e3o desde suic\u00eddios, testes dos primeiros paraquedas, filmagem de um filme de James Bond, at\u00e9 uma s\u00e9ria tentativa de vend\u00ea-la por um ousado farsante.<\/p>\n<p>&nbsp;<\/p>\n<div id=\"attachment_13187\" style=\"width: 302px\" class=\"wp-caption aligncenter\"><a href=\"http:\/\/jornalcontato.com.br\/home\/wp-content\/uploads\/2016\/08\/Torre-Eiffel.jpg\"><img loading=\"lazy\" decoding=\"async\" aria-describedby=\"caption-attachment-13187\" class=\"size-large wp-image-13187\" title=\"Torre Eiffel\" src=\"http:\/\/jornalcontato.com.br\/home\/wp-content\/uploads\/2016\/08\/Torre-Eiffel-302x450.jpg\" alt=\"\" width=\"302\" height=\"450\" srcset=\"https:\/\/jornalcontato.com.br\/home\/wp-content\/uploads\/2016\/08\/Torre-Eiffel-302x450.jpg 302w, https:\/\/jornalcontato.com.br\/home\/wp-content\/uploads\/2016\/08\/Torre-Eiffel-201x300.jpg 201w, https:\/\/jornalcontato.com.br\/home\/wp-content\/uploads\/2016\/08\/Torre-Eiffel.jpg 339w\" sizes=\"auto, (max-width: 302px) 100vw, 302px\" \/><\/a><p id=\"caption-attachment-13187\" class=\"wp-caption-text\">Torre Eiffel, em Paris, Fran\u00e7a<\/p><\/div>\n<p><strong>Seu criador<\/strong><\/p>\n<p>De ascend\u00eancia germ\u00e2nica, Gustavo Eiffel nasceu a 15 de Dezembro de 1832 em Dijon. Em 1850, ingressou na <em>\u00c9cole Centrale des Arts et Manufactures<\/em>, em Paris, onde completou o curso de Engenharia Qu\u00edmica. Mas desde cedo, por influ\u00eancia de um cunhado se dedicou \u00e0 metalurgia e ao novo material que vai usar de modo brilhante como construtor.<\/p>\n<p>Gustavo Eiffel foi assistido por engenheiros como Maurice Koechlin e Emile Nouguier assim como o arquiteto Stephen Sauvestre.<\/p>\n<p>Os estudos sobre o projeto come\u00e7aram em1884. Asua constru\u00e7\u00e3o, apesar de todos os obst\u00e1culos, teve in\u00edcio em1887e terminou 26 meses mais tarde, em 1889.<\/p>\n<p>Estava previsto destruir a torre met\u00e1lica depois da exposi\u00e7\u00e3o universal de 1900. Foram as experi\u00eancias de transmiss\u00e3o radiof\u00f4nica efetuadas pelo ex\u00e9rcito franc\u00eas que salvaram finalmente a torre.<\/p>\n<p>Sem suas antenas de radiodifus\u00e3o modernas, a torre tem 300 metros de altura, uma esta\u00e7\u00e3o meteorol\u00f3gica, uma de comunica\u00e7\u00f5es de r\u00e1dio e uma antena de transmiss\u00e3o de televis\u00e3o. Tem tamb\u00e9m um apartamento de quartos que era usado por Eiffel (todos situados perto do topo da torre).<\/p>\n<p>Com300 metrose 7000 toneladas, era o edif\u00edcio mais alto do mundo at\u00e9 1930. Outras estat\u00edsticas apontam 2.5 milh\u00f5es de rebites, 15.000 peda\u00e7os de ferro, 40 toneladas de pintura, 300 trabalhadores e 1665 degraus de escada para os visitantes esportivos.<\/p>\n<p>Elevadores transparentes sobem at\u00e9 o segundo andar onde se encontram v\u00e1rias\u00a0 lojas de lembran\u00e7as.<\/p>\n","protected":false},"excerpt":{"rendered":"<p>Durante meia hora, todos os olhares de Paris estiveram voltados para o c\u00e9u da cidade, onde o brasileiro Santos Dumont conseguiu provar ser poss\u00edvel pilotar &#8230;<\/p>\n","protected":false},"author":1,"featured_media":13306,"comment_status":"open","ping_status":"open","sticky":false,"template":"","format":"standard","meta":{"footnotes":""},"categories":[31,33],"tags":[],"class_list":["post-13186","post","type-post","status-publish","format-standard","has-post-thumbnail","hentry","category-colunas","category-licao-de-mestre"],"_links":{"self":[{"href":"https:\/\/www.jornalcontato.com.br\/home\/index.php\/wp-json\/wp\/v2\/posts\/13186","targetHints":{"allow":["GET"]}}],"collection":[{"href":"https:\/\/www.jornalcontato.com.br\/home\/index.php\/wp-json\/wp\/v2\/posts"}],"about":[{"href":"https:\/\/www.jornalcontato.com.br\/home\/index.php\/wp-json\/wp\/v2\/types\/post"}],"author":[{"embeddable":true,"href":"https:\/\/www.jornalcontato.com.br\/home\/index.php\/wp-json\/wp\/v2\/users\/1"}],"replies":[{"embeddable":true,"href":"https:\/\/www.jornalcontato.com.br\/home\/index.php\/wp-json\/wp\/v2\/comments?post=13186"}],"version-history":[{"count":3,"href":"https:\/\/www.jornalcontato.com.br\/home\/index.php\/wp-json\/wp\/v2\/posts\/13186\/revisions"}],"predecessor-version":[{"id":13214,"href":"https:\/\/www.jornalcontato.com.br\/home\/index.php\/wp-json\/wp\/v2\/posts\/13186\/revisions\/13214"}],"wp:featuredmedia":[{"embeddable":true,"href":"https:\/\/www.jornalcontato.com.br\/home\/index.php\/wp-json\/wp\/v2\/media\/13306"}],"wp:attachment":[{"href":"https:\/\/www.jornalcontato.com.br\/home\/index.php\/wp-json\/wp\/v2\/media?parent=13186"}],"wp:term":[{"taxonomy":"category","embeddable":true,"href":"https:\/\/www.jornalcontato.com.br\/home\/index.php\/wp-json\/wp\/v2\/categories?post=13186"},{"taxonomy":"post_tag","embeddable":true,"href":"https:\/\/www.jornalcontato.com.br\/home\/index.php\/wp-json\/wp\/v2\/tags?post=13186"}],"curies":[{"name":"wp","href":"https:\/\/api.w.org\/{rel}","templated":true}]}}