{"id":12922,"date":"2016-08-12T00:01:40","date_gmt":"2016-08-12T03:01:40","guid":{"rendered":"http:\/\/jornalcontato.com.br\/home\/?p=12922"},"modified":"2016-08-24T15:26:30","modified_gmt":"2016-08-24T18:26:30","slug":"primeira-entrevista-com-o-novo-prefeito","status":"publish","type":"post","link":"https:\/\/www.jornalcontato.com.br\/home\/index.php\/primeira-entrevista-com-o-novo-prefeito\/","title":{"rendered":"Primeira entrevista com o novo prefeito"},"content":{"rendered":"<p style=\"text-align: left;\" align=\"center\"><em>Paulo Miranda desiste de disputar a reelei\u00e7\u00e3o como vereador, assume o cargo e declara que o primeiro passo ser\u00e1 avaliar a situa\u00e7\u00e3o da cidade<\/em><strong><em><!--more--><\/em><\/strong><\/p>\n<p>No in\u00edcio da tarde de quinta-feira, 11, Taubat\u00e9 passou a ser comandada por um novo prefeito, Paulo Miranda (PP), 55 anos, at\u00e9 ent\u00e3o presidente da C\u00e2mara Municipal, que assinou o termo de posse para ocupar o cargo deixado por Ortiz J\u00fanior condenado em 3\u00aa inst\u00e2ncia, o STF. Miranda cumpria seu primeiro mandato de vereador eleito em 2012 com 2.433 votos. Ap\u00f3s a formaliza\u00e7\u00e3o da transfer\u00eancia, o novo prefeito concedeu entrevista \u00e0 imprensa.<\/p>\n<p>Paulo Miranda afirmou ter desistido da reelei\u00e7\u00e3o a vereador ao assumir a prefeitura. &#8220;N\u00e3o pela vaidade, mas pela responsabilidade e obriga\u00e7\u00e3o, porque \u00e9 isso o que diz a lei. Na aus\u00eancia do prefeito, assume o presidente da C\u00e2mara. Eu cumpri a minha obriga\u00e7\u00e3o como ser humano, como taubateano e como homem&#8221;.<\/p>\n<p><a href=\"http:\/\/jornalcontato.com.br\/home\/wp-content\/uploads\/2016\/08\/IMG_0034.jpg\"><img loading=\"lazy\" decoding=\"async\" class=\"aligncenter size-large wp-image-12925\" title=\"IMG_0034\" src=\"http:\/\/jornalcontato.com.br\/home\/wp-content\/uploads\/2016\/08\/IMG_0034-337x450.jpg\" alt=\"\" width=\"337\" height=\"450\" srcset=\"https:\/\/jornalcontato.com.br\/home\/wp-content\/uploads\/2016\/08\/IMG_0034-337x450.jpg 337w, https:\/\/jornalcontato.com.br\/home\/wp-content\/uploads\/2016\/08\/IMG_0034-225x300.jpg 225w\" sizes=\"auto, (max-width: 337px) 100vw, 337px\" \/><\/a><\/p>\n<p>Para o novo prefeito, n\u00e3o houve press\u00e3o para que ele aceitasse a fun\u00e7\u00e3o. &#8220;Acho que at\u00e9 um pouco injusto [n\u00e3o poder concorrer a vereador] porque eu acho que poderia perfeitamente concorrer \u00e0s elei\u00e7\u00f5es&#8221;.<\/p>\n<p>Na tarde de quarta-feira, 12, Paulo Miranda se reuniu com os vereadores Dig\u00e3o e Bilili (PSDB), Jo\u00e3o Vidal (PSB) e Salvador Soares e o Pastor Nunes (PRB), que fazem parte de um grupo que hoje controla o Legislativo. N\u00e3o foi revelado o que foi debatido.<\/p>\n<p>Em seguida, antes de o Oficial da Justi\u00e7a chegar \u00e0 C\u00e2mara com a notifica\u00e7\u00e3o do afastamento do prefeito Ortiz J\u00fanior (PSDB), Miranda deu sequ\u00eancia \u00e0 reuni\u00e3o com nova composi\u00e7\u00e3o, desta vez com a presen\u00e7a da vereadora Pollyana. Perguntado, o novo prefeito respondeu que a candidata ao Pal\u00e1cio do Bom Conselho foi ao gabinete apenas para cumpriment\u00e1-lo pela nova fun\u00e7\u00e3o. Afirmou tamb\u00e9m que nenhum acordo foi firmado com a candidata. Nossa reportagem aproveitou para complementar que tamb\u00e9m acredita em Papai Noel.<\/p>\n<p><a href=\"http:\/\/jornalcontato.com.br\/home\/wp-content\/uploads\/2016\/08\/IMG_0042.jpg\"><img loading=\"lazy\" decoding=\"async\" class=\"aligncenter size-large wp-image-12926\" title=\"IMG_0042\" src=\"http:\/\/jornalcontato.com.br\/home\/wp-content\/uploads\/2016\/08\/IMG_0042-450x337.jpg\" alt=\"\" width=\"450\" height=\"337\" srcset=\"https:\/\/jornalcontato.com.br\/home\/wp-content\/uploads\/2016\/08\/IMG_0042-450x337.jpg 450w, https:\/\/jornalcontato.com.br\/home\/wp-content\/uploads\/2016\/08\/IMG_0042-300x225.jpg 300w, https:\/\/jornalcontato.com.br\/home\/wp-content\/uploads\/2016\/08\/IMG_0042-560x420.jpg 560w\" sizes=\"auto, (max-width: 450px) 100vw, 450px\" \/><\/a><\/p>\n<p><strong>Mudan\u00e7a no secretariado<\/strong><\/p>\n<p>Paulo Miranda, que era da base aliada de Ortiz J\u00fanior, n\u00e3o fez nenhuma cr\u00edtica direta \u00e0 gest\u00e3o do tucano e, inclusive, soltou alguns elogios ao prefeito cassado. Quando questionado sobre poss\u00edveis mudan\u00e7as no primeiro escal\u00e3o da prefeitura, Miranda n\u00e3o quis se comprometer. &#8220;Iremos realizar uma reuni\u00e3o com minha assessoria e todos os secret\u00e1rios. O que estiver bom vai continuar&#8221;, afirmou.<\/p>\n<p><strong>Seguran\u00e7a<\/strong><\/p>\n<p><strong><\/strong>Paulo Miranda afirmou sua prioridade \u00e9 a seguran\u00e7a. O novo prefeito, que \u00e9 policial militar aposentado, se empenhou na C\u00e2mara para a regulamentar da Guarda Municipal. O projeto de lei foi aprovado e sancionado por Ortiz J\u00fanior. Miranda afirmou que agora dar\u00e1 aten\u00e7\u00e3o especial a categoria e inclusive a possibilidade dos guardas terem posse de arma.<\/p>\n<p><a href=\"http:\/\/jornalcontato.com.br\/home\/wp-content\/uploads\/2016\/08\/IMG_0058.jpg\"><img loading=\"lazy\" decoding=\"async\" class=\"aligncenter size-large wp-image-12927\" title=\"IMG_0058\" src=\"http:\/\/jornalcontato.com.br\/home\/wp-content\/uploads\/2016\/08\/IMG_0058-450x337.jpg\" alt=\"\" width=\"450\" height=\"337\" srcset=\"https:\/\/jornalcontato.com.br\/home\/wp-content\/uploads\/2016\/08\/IMG_0058-450x337.jpg 450w, https:\/\/jornalcontato.com.br\/home\/wp-content\/uploads\/2016\/08\/IMG_0058-300x225.jpg 300w, https:\/\/jornalcontato.com.br\/home\/wp-content\/uploads\/2016\/08\/IMG_0058-560x420.jpg 560w\" sizes=\"auto, (max-width: 450px) 100vw, 450px\" \/><\/a><\/p>\n<p><strong>Tr\u00e2nsito<\/strong><\/p>\n<p>O novo prefeito tamb\u00e9m se esquivou das perguntas sobre as altera\u00e7\u00f5es realizadas por Ortiz J\u00fanior no tr\u00e2nsito da cidade. Miranda limitou-se a afirmar que se reunir\u00e1 com a sua assessoria e com os funcion\u00e1rios da Secretaria de Mobilidade Urbana para avaliarem o que j\u00e1 foi feito e o que pode ser realizado durante os quatro meses de mandato.<\/p>\n<p>Confira a entrevista concedida pelo novo prefeito de Taubat\u00e9:<\/p>\n<p><iframe loading=\"lazy\" src=\"https:\/\/www.youtube.com\/embed\/A_lmJJETnuQ\" frameborder=\"0\" width=\"420\" height=\"315\"><\/iframe><\/p>\n","protected":false},"excerpt":{"rendered":"<p>Paulo Miranda desiste de disputar a reelei\u00e7\u00e3o como vereador, assume o cargo e declara que o primeiro passo ser\u00e1 avaliar a situa\u00e7\u00e3o da cidade<\/p>\n","protected":false},"author":1,"featured_media":12924,"comment_status":"open","ping_status":"open","sticky":false,"template":"","format":"standard","meta":{"footnotes":""},"categories":[29,7],"tags":[],"class_list":["post-12922","post","type-post","status-publish","format-standard","has-post-thumbnail","hentry","category-regional","category-reportagem"],"_links":{"self":[{"href":"https:\/\/www.jornalcontato.com.br\/home\/index.php\/wp-json\/wp\/v2\/posts\/12922","targetHints":{"allow":["GET"]}}],"collection":[{"href":"https:\/\/www.jornalcontato.com.br\/home\/index.php\/wp-json\/wp\/v2\/posts"}],"about":[{"href":"https:\/\/www.jornalcontato.com.br\/home\/index.php\/wp-json\/wp\/v2\/types\/post"}],"author":[{"embeddable":true,"href":"https:\/\/www.jornalcontato.com.br\/home\/index.php\/wp-json\/wp\/v2\/users\/1"}],"replies":[{"embeddable":true,"href":"https:\/\/www.jornalcontato.com.br\/home\/index.php\/wp-json\/wp\/v2\/comments?post=12922"}],"version-history":[{"count":4,"href":"https:\/\/www.jornalcontato.com.br\/home\/index.php\/wp-json\/wp\/v2\/posts\/12922\/revisions"}],"predecessor-version":[{"id":13074,"href":"https:\/\/www.jornalcontato.com.br\/home\/index.php\/wp-json\/wp\/v2\/posts\/12922\/revisions\/13074"}],"wp:featuredmedia":[{"embeddable":true,"href":"https:\/\/www.jornalcontato.com.br\/home\/index.php\/wp-json\/wp\/v2\/media\/12924"}],"wp:attachment":[{"href":"https:\/\/www.jornalcontato.com.br\/home\/index.php\/wp-json\/wp\/v2\/media?parent=12922"}],"wp:term":[{"taxonomy":"category","embeddable":true,"href":"https:\/\/www.jornalcontato.com.br\/home\/index.php\/wp-json\/wp\/v2\/categories?post=12922"},{"taxonomy":"post_tag","embeddable":true,"href":"https:\/\/www.jornalcontato.com.br\/home\/index.php\/wp-json\/wp\/v2\/tags?post=12922"}],"curies":[{"name":"wp","href":"https:\/\/api.w.org\/{rel}","templated":true}]}}