{"id":12674,"date":"2016-07-24T12:47:08","date_gmt":"2016-07-24T15:47:08","guid":{"rendered":"http:\/\/jornalcontato.com.br\/home\/?p=12674"},"modified":"2016-07-24T12:47:08","modified_gmt":"2016-07-24T15:47:08","slug":"mary-bergamota-de-taubate-a-sampa","status":"publish","type":"post","link":"https:\/\/www.jornalcontato.com.br\/home\/index.php\/mary-bergamota-de-taubate-a-sampa\/","title":{"rendered":"Mary Bergamota de Taubat\u00e9 a Sampa"},"content":{"rendered":"<div>Vai ter batom vermelho sim, e se reclamar, a gente muda para o preto! N\u00e3o \u00e9 mesmo, <strong>Carolina Cunha<\/strong>?<!--more--><\/div>\n<div><\/div>\n<div>\n<div id=\"attachment_12676\" style=\"width: 337px\" class=\"wp-caption aligncenter\"><a href=\"http:\/\/jornalcontato.com.br\/home\/wp-content\/uploads\/2016\/07\/IMG_2239.jpeg\"><img loading=\"lazy\" decoding=\"async\" aria-describedby=\"caption-attachment-12676\" class=\"size-large wp-image-12676\" title=\"No espet\u00e1culo Mozart S\u00f3 - nada s\u00f3 -, e sim rodeado de amigos, tietes e novos f\u00e3s, Mozart Prado Jr. solta a voz no Quintal do Peperone para alegria da na\u00e7\u00e3o buarqueana e afins.\" src=\"http:\/\/jornalcontato.com.br\/home\/wp-content\/uploads\/2016\/07\/IMG_2239-337x450.jpeg\" alt=\"No espet\u00e1culo Mozart S\u00f3 - nada s\u00f3 -, e sim rodeado de amigos, tietes e novos f\u00e3s, Mozart Prado Jr. solta a voz no Quintal do Peperone para alegria da na\u00e7\u00e3o buarqueana e afins.\" width=\"337\" height=\"450\" srcset=\"https:\/\/jornalcontato.com.br\/home\/wp-content\/uploads\/2016\/07\/IMG_2239-337x450.jpeg 337w, https:\/\/jornalcontato.com.br\/home\/wp-content\/uploads\/2016\/07\/IMG_2239-225x300.jpeg 225w, https:\/\/jornalcontato.com.br\/home\/wp-content\/uploads\/2016\/07\/IMG_2239.jpeg 480w\" sizes=\"auto, (max-width: 337px) 100vw, 337px\" \/><\/a><p id=\"caption-attachment-12676\" class=\"wp-caption-text\">No espet\u00e1culo Mozart S\u00f3 &#8211; nada s\u00f3 -, e sim rodeado de amigos, tietes e novos f\u00e3s, <strong>Mozart Prado Jr.<\/strong> solta a voz no Quintal do Peperone para alegria da na\u00e7\u00e3o buarqueana e afins.<\/p><\/div>\n<p>&nbsp;<\/p>\n<div id=\"attachment_12677\" style=\"width: 333px\" class=\"wp-caption aligncenter\"><a href=\"http:\/\/jornalcontato.com.br\/home\/wp-content\/uploads\/2016\/07\/IMG_2310.jpeg\"><img loading=\"lazy\" decoding=\"async\" aria-describedby=\"caption-attachment-12677\" class=\"size-large wp-image-12677\" title=\"Ap\u00f3s emprestar seu brilho \u00e0 banca da Universidade de Taubat\u00e9, o Prof. Dr. Geraldo Rocha celebra a sempre calorosa recep\u00e7\u00e3o dos taubateanos com muito torresmo e samba pra lembrar da sua Cidade Maravilhosa.\" src=\"http:\/\/jornalcontato.com.br\/home\/wp-content\/uploads\/2016\/07\/IMG_2310-333x450.jpeg\" alt=\"Ap\u00f3s emprestar seu brilho \u00e0 banca da Universidade de Taubat\u00e9, o Prof. Dr. Geraldo Rocha celebra a sempre calorosa recep\u00e7\u00e3o dos taubateanos com muito torresmo e samba pra lembrar da sua Cidade Maravilhosa.\" width=\"333\" height=\"450\" srcset=\"https:\/\/jornalcontato.com.br\/home\/wp-content\/uploads\/2016\/07\/IMG_2310-333x450.jpeg 333w, https:\/\/jornalcontato.com.br\/home\/wp-content\/uploads\/2016\/07\/IMG_2310-222x300.jpeg 222w, https:\/\/jornalcontato.com.br\/home\/wp-content\/uploads\/2016\/07\/IMG_2310.jpeg 474w\" sizes=\"auto, (max-width: 333px) 100vw, 333px\" \/><\/a><p id=\"caption-attachment-12677\" class=\"wp-caption-text\">Ap\u00f3s emprestar seu brilho \u00e0 banca da Universidade de Taubat\u00e9, o <strong>Prof. Dr. Geraldo Rocha<\/strong> celebra a sempre calorosa recep\u00e7\u00e3o dos taubateanos com muito torresmo e samba pra lembrar da sua Cidade Maravilhosa.<\/p><\/div>\n<p>&nbsp;<\/p>\n<div id=\"attachment_12678\" style=\"width: 369px\" class=\"wp-caption aligncenter\"><a href=\"http:\/\/jornalcontato.com.br\/home\/wp-content\/uploads\/2016\/07\/IMG_2316.jpeg\"><img loading=\"lazy\" decoding=\"async\" aria-describedby=\"caption-attachment-12678\" class=\"size-large wp-image-12678\" title=\"Com o seu sorriso mais bonito, a Prof\u00aa Dr\u00aa Suzana Ribeiro relaxa no Quintal do Peperone, depois de mais um dia de muita pesquisa e trabalho acad\u00eamico.\" src=\"http:\/\/jornalcontato.com.br\/home\/wp-content\/uploads\/2016\/07\/IMG_2316-369x450.jpeg\" alt=\"Com o seu sorriso mais bonito, a Prof\u00aa Dr\u00aa Suzana Ribeiro relaxa no Quintal do Peperone, depois de mais um dia de muita pesquisa e trabalho acad\u00eamico.\" width=\"369\" height=\"450\" srcset=\"https:\/\/jornalcontato.com.br\/home\/wp-content\/uploads\/2016\/07\/IMG_2316-369x450.jpeg 369w, https:\/\/jornalcontato.com.br\/home\/wp-content\/uploads\/2016\/07\/IMG_2316-246x300.jpeg 246w, https:\/\/jornalcontato.com.br\/home\/wp-content\/uploads\/2016\/07\/IMG_2316.jpeg 480w\" sizes=\"auto, (max-width: 369px) 100vw, 369px\" \/><\/a><p id=\"caption-attachment-12678\" class=\"wp-caption-text\">Com o seu sorriso mais bonito, a <strong>Prof\u00aa Dr\u00aa Suzana Ribeiro<\/strong> relaxa no Quintal do Peperone, depois de mais um dia de muita pesquisa e trabalho acad\u00eamico.<\/p><\/div>\n<p>&nbsp;<\/p>\n<div id=\"attachment_12679\" style=\"width: 337px\" class=\"wp-caption aligncenter\"><a href=\"http:\/\/jornalcontato.com.br\/home\/wp-content\/uploads\/2016\/07\/IMG_1260.jpeg\"><img loading=\"lazy\" decoding=\"async\" aria-describedby=\"caption-attachment-12679\" class=\"size-large wp-image-12679\" title=\"Retornando de f\u00e9rias, Fernando Ramalho j\u00e1 sente saudade do sandu\u00edche de mortadela do Mercado Municipal de S\u00e3o Paulo, dentre outras del\u00edcias a que se permitiu.\" src=\"http:\/\/jornalcontato.com.br\/home\/wp-content\/uploads\/2016\/07\/IMG_1260-337x450.jpeg\" alt=\"Retornando de f\u00e9rias, Fernando Ramalho j\u00e1 sente saudade do sandu\u00edche de mortadela do Mercado Municipal de S\u00e3o Paulo, dentre outras del\u00edcias a que se permitiu.\" width=\"337\" height=\"450\" srcset=\"https:\/\/jornalcontato.com.br\/home\/wp-content\/uploads\/2016\/07\/IMG_1260-337x450.jpeg 337w, https:\/\/jornalcontato.com.br\/home\/wp-content\/uploads\/2016\/07\/IMG_1260-225x300.jpeg 225w, https:\/\/jornalcontato.com.br\/home\/wp-content\/uploads\/2016\/07\/IMG_1260.jpeg 480w\" sizes=\"auto, (max-width: 337px) 100vw, 337px\" \/><\/a><p id=\"caption-attachment-12679\" class=\"wp-caption-text\">Retornando de f\u00e9rias, <strong>Fernando Ramalho<\/strong> j\u00e1 sente saudade do sandu\u00edche de mortadela do Mercado Municipal de S\u00e3o Paulo, dentre outras del\u00edcias a que se permitiu.<\/p><\/div>\n<\/div>\n","protected":false},"excerpt":{"rendered":"<p>Vai ter batom vermelho sim, e se reclamar, a gente muda para o preto! N\u00e3o \u00e9 mesmo, Carolina Cunha?<\/p>\n","protected":false},"author":1,"featured_media":12675,"comment_status":"open","ping_status":"open","sticky":false,"template":"","format":"standard","meta":{"footnotes":""},"categories":[31,39],"tags":[],"class_list":["post-12674","post","type-post","status-publish","format-standard","has-post-thumbnail","hentry","category-colunas","category-mary-bergamota"],"_links":{"self":[{"href":"https:\/\/www.jornalcontato.com.br\/home\/index.php\/wp-json\/wp\/v2\/posts\/12674","targetHints":{"allow":["GET"]}}],"collection":[{"href":"https:\/\/www.jornalcontato.com.br\/home\/index.php\/wp-json\/wp\/v2\/posts"}],"about":[{"href":"https:\/\/www.jornalcontato.com.br\/home\/index.php\/wp-json\/wp\/v2\/types\/post"}],"author":[{"embeddable":true,"href":"https:\/\/www.jornalcontato.com.br\/home\/index.php\/wp-json\/wp\/v2\/users\/1"}],"replies":[{"embeddable":true,"href":"https:\/\/www.jornalcontato.com.br\/home\/index.php\/wp-json\/wp\/v2\/comments?post=12674"}],"version-history":[{"count":2,"href":"https:\/\/www.jornalcontato.com.br\/home\/index.php\/wp-json\/wp\/v2\/posts\/12674\/revisions"}],"predecessor-version":[{"id":13428,"href":"https:\/\/www.jornalcontato.com.br\/home\/index.php\/wp-json\/wp\/v2\/posts\/12674\/revisions\/13428"}],"wp:featuredmedia":[{"embeddable":true,"href":"https:\/\/www.jornalcontato.com.br\/home\/index.php\/wp-json\/wp\/v2\/media\/12675"}],"wp:attachment":[{"href":"https:\/\/www.jornalcontato.com.br\/home\/index.php\/wp-json\/wp\/v2\/media?parent=12674"}],"wp:term":[{"taxonomy":"category","embeddable":true,"href":"https:\/\/www.jornalcontato.com.br\/home\/index.php\/wp-json\/wp\/v2\/categories?post=12674"},{"taxonomy":"post_tag","embeddable":true,"href":"https:\/\/www.jornalcontato.com.br\/home\/index.php\/wp-json\/wp\/v2\/tags?post=12674"}],"curies":[{"name":"wp","href":"https:\/\/api.w.org\/{rel}","templated":true}]}}