{"id":1255,"date":"2012-08-22T17:04:07","date_gmt":"2012-08-22T20:04:07","guid":{"rendered":"http:\/\/jornalcontato.com.br\/home\/?p=1255"},"modified":"2012-08-22T17:10:15","modified_gmt":"2012-08-22T20:10:15","slug":"tv-contato-debate-sobre-saude","status":"publish","type":"post","link":"https:\/\/www.jornalcontato.com.br\/home\/index.php\/tv-contato-debate-sobre-saude\/","title":{"rendered":"TV CONTATO &#8211; Debate sobre Sa\u00fade"},"content":{"rendered":"<p>Bastidores do debate sobre Sa\u00fade P\u00fablica municipal promovido pela TV CONTATO na noite de segunda feira, dia 20, com a presen\u00e7a dos jornalistas Paulo de Tarso Venceslau, Suely Rezende e Marcos Lim\u00e3o. Para discorrer sobre o assunto, TV CONTATO convidou Val\u00e9ria Holmo Batista (Chefe do Departamento da Faculdade de Medicina &#8211; UNITAU) e Ana Emilia Gaspar (Secret\u00e1ria de Sa\u00fade da Prefeitura de Pinda).<!--more--><\/p>\n<div id='gallery-1' class='custom-gallery galleryid-1255 clearfix' data-gallery-layout='213'><figure class='gallery-item'><a title=\"Paulo de Tarso, Suely Rezende, Ana Emilia, Val\u00e9ria Batista e Marcos Lim\u00e3o\"  href='https:\/\/jornalcontato.com.br\/home\/wp-content\/uploads\/2012\/08\/MG_9478.jpg'><img loading=\"lazy\" decoding=\"async\" width=\"630\" height=\"420\" src=\"https:\/\/jornalcontato.com.br\/home\/wp-content\/uploads\/2012\/08\/MG_9478.jpg\" class=\"attachment-vw_medium size-vw_medium\" alt=\"\" srcset=\"https:\/\/jornalcontato.com.br\/home\/wp-content\/uploads\/2012\/08\/MG_9478.jpg 1920w, https:\/\/jornalcontato.com.br\/home\/wp-content\/uploads\/2012\/08\/MG_9478-300x200.jpg 300w, https:\/\/jornalcontato.com.br\/home\/wp-content\/uploads\/2012\/08\/MG_9478-1024x682.jpg 1024w\" sizes=\"auto, (max-width: 630px) 100vw, 630px\" \/><\/a>\r\n\t\t\t\t\t<figcaption class='gallery-caption'>\r\n\t\t\t\t\tPaulo de Tarso, Suely Rezende, Ana Emilia, Val\u00e9ria Batista e Marcos Lim\u00e3o\r\n\t\t\t\t\t<\/figcaption><\/figure><figure class='gallery-item'><a title=\"\"  href='https:\/\/jornalcontato.com.br\/home\/wp-content\/uploads\/2012\/08\/MG_9459.jpg'><img loading=\"lazy\" decoding=\"async\" width=\"630\" height=\"420\" src=\"https:\/\/jornalcontato.com.br\/home\/wp-content\/uploads\/2012\/08\/MG_9459.jpg\" class=\"attachment-vw_medium size-vw_medium\" alt=\"\" srcset=\"https:\/\/jornalcontato.com.br\/home\/wp-content\/uploads\/2012\/08\/MG_9459.jpg 1920w, https:\/\/jornalcontato.com.br\/home\/wp-content\/uploads\/2012\/08\/MG_9459-300x200.jpg 300w, https:\/\/jornalcontato.com.br\/home\/wp-content\/uploads\/2012\/08\/MG_9459-1024x682.jpg 1024w\" sizes=\"auto, (max-width: 630px) 100vw, 630px\" \/><\/a><\/figure><figure class='gallery-item'><a title=\"\"  href='https:\/\/jornalcontato.com.br\/home\/wp-content\/uploads\/2012\/08\/MG_9451.jpg'><img loading=\"lazy\" decoding=\"async\" width=\"630\" height=\"420\" src=\"https:\/\/jornalcontato.com.br\/home\/wp-content\/uploads\/2012\/08\/MG_9451.jpg\" class=\"attachment-vw_medium size-vw_medium\" alt=\"\" srcset=\"https:\/\/jornalcontato.com.br\/home\/wp-content\/uploads\/2012\/08\/MG_9451.jpg 1920w, https:\/\/jornalcontato.com.br\/home\/wp-content\/uploads\/2012\/08\/MG_9451-300x200.jpg 300w, https:\/\/jornalcontato.com.br\/home\/wp-content\/uploads\/2012\/08\/MG_9451-1024x682.jpg 1024w\" sizes=\"auto, (max-width: 630px) 100vw, 630px\" \/><\/a><\/figure><figure class='gallery-item'><a title=\"\"  href='https:\/\/jornalcontato.com.br\/home\/wp-content\/uploads\/2012\/08\/MG_9454.jpg'><img loading=\"lazy\" decoding=\"async\" width=\"630\" height=\"420\" src=\"https:\/\/jornalcontato.com.br\/home\/wp-content\/uploads\/2012\/08\/MG_9454.jpg\" class=\"attachment-vw_medium size-vw_medium\" alt=\"\" srcset=\"https:\/\/jornalcontato.com.br\/home\/wp-content\/uploads\/2012\/08\/MG_9454.jpg 1920w, https:\/\/jornalcontato.com.br\/home\/wp-content\/uploads\/2012\/08\/MG_9454-300x200.jpg 300w, https:\/\/jornalcontato.com.br\/home\/wp-content\/uploads\/2012\/08\/MG_9454-1024x682.jpg 1024w\" sizes=\"auto, (max-width: 630px) 100vw, 630px\" \/><\/a><\/figure><figure class='gallery-item'><a title=\"\"  href='https:\/\/jornalcontato.com.br\/home\/wp-content\/uploads\/2012\/08\/MG_9443.jpg'><img loading=\"lazy\" decoding=\"async\" width=\"630\" height=\"420\" src=\"https:\/\/jornalcontato.com.br\/home\/wp-content\/uploads\/2012\/08\/MG_9443.jpg\" class=\"attachment-vw_medium size-vw_medium\" alt=\"\" srcset=\"https:\/\/jornalcontato.com.br\/home\/wp-content\/uploads\/2012\/08\/MG_9443.jpg 1920w, https:\/\/jornalcontato.com.br\/home\/wp-content\/uploads\/2012\/08\/MG_9443-300x200.jpg 300w, https:\/\/jornalcontato.com.br\/home\/wp-content\/uploads\/2012\/08\/MG_9443-1024x682.jpg 1024w\" sizes=\"auto, (max-width: 630px) 100vw, 630px\" \/><\/a><\/figure><\/div>\n\n","protected":false},"excerpt":{"rendered":"<p>Bastidores do debate sobre Sa\u00fade P\u00fablica municipal promovido pela TV CONTATO na noite de segunda feira, dia 20, com a presen\u00e7a dos jornalistas Paulo de &#8230;<\/p>\n","protected":false},"author":1,"featured_media":1256,"comment_status":"open","ping_status":"open","sticky":false,"template":"","format":"standard","meta":{"footnotes":""},"categories":[23],"tags":[],"class_list":["post-1255","post","type-post","status-publish","format-standard","has-post-thumbnail","hentry","category-galeria"],"_links":{"self":[{"href":"https:\/\/www.jornalcontato.com.br\/home\/index.php\/wp-json\/wp\/v2\/posts\/1255","targetHints":{"allow":["GET"]}}],"collection":[{"href":"https:\/\/www.jornalcontato.com.br\/home\/index.php\/wp-json\/wp\/v2\/posts"}],"about":[{"href":"https:\/\/www.jornalcontato.com.br\/home\/index.php\/wp-json\/wp\/v2\/types\/post"}],"author":[{"embeddable":true,"href":"https:\/\/www.jornalcontato.com.br\/home\/index.php\/wp-json\/wp\/v2\/users\/1"}],"replies":[{"embeddable":true,"href":"https:\/\/www.jornalcontato.com.br\/home\/index.php\/wp-json\/wp\/v2\/comments?post=1255"}],"version-history":[{"count":5,"href":"https:\/\/www.jornalcontato.com.br\/home\/index.php\/wp-json\/wp\/v2\/posts\/1255\/revisions"}],"predecessor-version":[{"id":1265,"href":"https:\/\/www.jornalcontato.com.br\/home\/index.php\/wp-json\/wp\/v2\/posts\/1255\/revisions\/1265"}],"wp:featuredmedia":[{"embeddable":true,"href":"https:\/\/www.jornalcontato.com.br\/home\/index.php\/wp-json\/wp\/v2\/media\/1256"}],"wp:attachment":[{"href":"https:\/\/www.jornalcontato.com.br\/home\/index.php\/wp-json\/wp\/v2\/media?parent=1255"}],"wp:term":[{"taxonomy":"category","embeddable":true,"href":"https:\/\/www.jornalcontato.com.br\/home\/index.php\/wp-json\/wp\/v2\/categories?post=1255"},{"taxonomy":"post_tag","embeddable":true,"href":"https:\/\/www.jornalcontato.com.br\/home\/index.php\/wp-json\/wp\/v2\/tags?post=1255"}],"curies":[{"name":"wp","href":"https:\/\/api.w.org\/{rel}","templated":true}]}}