{"id":12490,"date":"2016-07-10T10:34:47","date_gmt":"2016-07-10T13:34:47","guid":{"rendered":"http:\/\/jornalcontato.com.br\/home\/?p=12490"},"modified":"2016-07-14T17:18:11","modified_gmt":"2016-07-14T20:18:11","slug":"leitura-de-fim-de-semana-a-cara-da-velhice-moderna-como-ter-mais-de-70-anos-jose-carlos-sebe-bom-meihy","status":"publish","type":"post","link":"https:\/\/www.jornalcontato.com.br\/home\/index.php\/leitura-de-fim-de-semana-a-cara-da-velhice-moderna-como-ter-mais-de-70-anos-jose-carlos-sebe-bom-meihy\/","title":{"rendered":"Leitura de fim de semana: A cara da velhice moderna: como ter mais de 70 anos&#8230; (Jos\u00e9 Carlos Sebe Bom Meihy)"},"content":{"rendered":"<p>Fico admirado quando vejo que nos livros de Dostoievski aos 40 anos os personagens eram considerados velhos, e aos 50 decr\u00e9pitos, dignos de pena. Como tudo mudou&#8230; Nossa! E n\u00e3o era s\u00f3 na long\u00ednqua R\u00fassia dos czares. Mesmo entre n\u00f3s, lembremos, as antigas marchinhas carnavalescas satirizavam as mulheres de 30 anos chamando-as de balzaquianas.<!--more--> Evocando os romances franceses que implicavam mo\u00e7as que n\u00e3o se casavam, entre n\u00f3s circulava a no\u00e7\u00e3o de \u201ctitia\u201d ou \u201csolteirona\u201d para aquelas que \u2013 n\u00e3o importando a raz\u00e3o \u2013 \u201cpassavam da idade\u201d e n\u00e3o constitu\u00edam nova fam\u00edlia. Por certo, a alimenta\u00e7\u00e3o, as vitaminas e demais condicionadores f\u00edsicos, a maquiagem e as cirurgias pl\u00e1sticas, a ind\u00fastria da moda veiculada por revistas, cinema, televis\u00e3o, se juntaram para impor o padr\u00e3o jovem como modelo ideal, principalmente para as mulheres.<\/p>\n<p>Em contraste perfeito, a no\u00e7\u00e3o de velhice passou a ser refer\u00eancia para \u201cvelhos bem velhos\u201d, gente que passa dos 85, 90 e at\u00e9 100 anos. Ali\u00e1s, vale lembrar que um dos dilemas do equil\u00edbrio fiscal do or\u00e7amento do pa\u00eds exige a imediata reforma da idade de aposentadoria. Mas para que a mudan\u00e7a da cara da velhice se alterasse, foi preciso uma combina\u00e7\u00e3o completa de elementos que se articularam ao longo do tempo. E haja academia, caminhadas, tintas para cabelos, t\u00f4nicos, rem\u00e9dios, regimes. Por l\u00f3gico, esta mudan\u00e7a na apar\u00eancia que faz enxergar a idade com lentes da juventude remete a tamb\u00e9m a uma cirurgia cultural que nos afeta a todos. Sim tudo se justifica pelo cultivo do corpo mo\u00e7o que, por sua vez, se apoia em justificativas que remetem \u00e0 sa\u00fade, ao bem-estar psicol\u00f3gico e ao sucesso.<\/p>\n<p><a href=\"http:\/\/jornalcontato.com.br\/home\/wp-content\/uploads\/2016\/07\/Aparencia.jpg\"><img loading=\"lazy\" decoding=\"async\" class=\"aligncenter size-large wp-image-12493\" title=\"Aparencia\" src=\"http:\/\/jornalcontato.com.br\/home\/wp-content\/uploads\/2016\/07\/Aparencia-450x272.jpg\" alt=\"\" width=\"450\" height=\"272\" srcset=\"https:\/\/jornalcontato.com.br\/home\/wp-content\/uploads\/2016\/07\/Aparencia-450x272.jpg 450w, https:\/\/jornalcontato.com.br\/home\/wp-content\/uploads\/2016\/07\/Aparencia-300x181.jpg 300w, https:\/\/jornalcontato.com.br\/home\/wp-content\/uploads\/2016\/07\/Aparencia.jpg 560w\" sizes=\"auto, (max-width: 450px) 100vw, 450px\" \/><\/a><\/p>\n<p>Para o bem ou para o mal, a minha gera\u00e7\u00e3o \u00e9 a grande protagonista dessas mudan\u00e7as, e, eu que j\u00e1 passei dos 70, como uma boa legi\u00e3o de companheiros coet\u00e2neos, tenho que me provar as virtudes de permanecer jovem. O desmerecimento de uma alcunha que se pretendia simp\u00e1tica \u201cterceira idade\u201d foi desafiada a ser chamada de \u201cmelhor idade\u201d, como se as dores, rugas, aumento de peso, queda (de tudo) n\u00e3o nos afetasse. Admitir tais condi\u00e7\u00f5es passou a ser atestado de lastim\u00e1vel fim. E quantos fogem da velhice como se fosse a passagem tr\u00e1gica para a morte.<\/p>\n<p><a href=\"http:\/\/jornalcontato.com.br\/home\/wp-content\/uploads\/2016\/07\/images.jpg\"><img loading=\"lazy\" decoding=\"async\" class=\"aligncenter size-full wp-image-12495\" title=\"images\" src=\"http:\/\/jornalcontato.com.br\/home\/wp-content\/uploads\/2016\/07\/images.jpg\" alt=\"\" width=\"273\" height=\"185\" \/><\/a><\/p>\n<p>Os homens, saudosos de virilidades, muitos deles, tentam se esquecer de enfraquecimentos e apelam para as p\u00edlulas azuis, reavivando antigas pot\u00eancias. Coisa de louco. E as mulheres, muitas delas deslumbradas com a moda se fantasiam de meninas e n\u00e3o medem o rid\u00edculo no tamanho das saias, por exemplo. Mas, de modo geral, vivemos um vale tudo para a jovialidade. E ponha-se vale tudo nisso. Felizmente, existem os comedidos.<\/p>\n<p>Devo me espelhar naqueles que mesmo sem desprezar as apar\u00eancias, n\u00e3o envelhecem por outros motivos. Admiro muito os que aprendem com a vida, com os sofrimentos. \u00c9 exatamente este o ponto que quero ferir: a arte de envelhecer. Confesso que aos poucos fui deixando algumas bobagens, manias esquisitas, coisas que entravavam meu solit\u00e1rio cotidiano. J\u00e1 disse que a \u201cmaioridade\u201d se d\u00e1 quando fazemos\u00a0 \u00a060 anos. Ent\u00e3o, passado um tempo de vida, temos experi\u00eancias acumuladas e podemos fazer op\u00e7\u00f5es para o futuro. \u00c9 aos 60 anos, exatamente, ao 60, que escolhemos se pretendemos ser um \u201canci\u00e3o\u201d af\u00e1vel, um \u201cvelhinho gostoso\u201d ou se pretendemos ser um ranzinza empedernido, desses que se arrastam e s\u00f3 falam mal dos outros, do governo, dos parentes. \u00c9 claro que a escolha demanda circunst\u00e2ncias, mas \u00e9 bom pensar que podemos dar descontos nos atropelos alheios, ser mais flex\u00edveis conosco, perdoar com mais facilidade e olhar o passado com a ternura de quantos querem um futuro de paz e harmonia. N\u00e3o diria que atingi tal plenitude, n\u00e3o. Mas quando me olho na perspectiva do remoto, percebo que as escolhas feitas l\u00e1 atr\u00e1s me permitem me respeitar. Sinto-me jovem, ent\u00e3o&#8230; Mais jovem do que nunca e com tal vitalidade dou meu beijo na trajet\u00f3ria que fiz e ainda tenho que desempenhar.<\/p>\n","protected":false},"excerpt":{"rendered":"<p>Fico admirado quando vejo que nos livros de Dostoievski aos 40 anos os personagens eram considerados velhos, e aos 50 decr\u00e9pitos, dignos de pena. Como &#8230;<\/p>\n","protected":false},"author":1,"featured_media":12491,"comment_status":"open","ping_status":"open","sticky":false,"template":"","format":"standard","meta":{"footnotes":""},"categories":[31,36],"tags":[],"class_list":["post-12490","post","type-post","status-publish","format-standard","has-post-thumbnail","hentry","category-colunas","category-lazer-e-cultura"],"_links":{"self":[{"href":"https:\/\/www.jornalcontato.com.br\/home\/index.php\/wp-json\/wp\/v2\/posts\/12490","targetHints":{"allow":["GET"]}}],"collection":[{"href":"https:\/\/www.jornalcontato.com.br\/home\/index.php\/wp-json\/wp\/v2\/posts"}],"about":[{"href":"https:\/\/www.jornalcontato.com.br\/home\/index.php\/wp-json\/wp\/v2\/types\/post"}],"author":[{"embeddable":true,"href":"https:\/\/www.jornalcontato.com.br\/home\/index.php\/wp-json\/wp\/v2\/users\/1"}],"replies":[{"embeddable":true,"href":"https:\/\/www.jornalcontato.com.br\/home\/index.php\/wp-json\/wp\/v2\/comments?post=12490"}],"version-history":[{"count":4,"href":"https:\/\/www.jornalcontato.com.br\/home\/index.php\/wp-json\/wp\/v2\/posts\/12490\/revisions"}],"predecessor-version":[{"id":12552,"href":"https:\/\/www.jornalcontato.com.br\/home\/index.php\/wp-json\/wp\/v2\/posts\/12490\/revisions\/12552"}],"wp:featuredmedia":[{"embeddable":true,"href":"https:\/\/www.jornalcontato.com.br\/home\/index.php\/wp-json\/wp\/v2\/media\/12491"}],"wp:attachment":[{"href":"https:\/\/www.jornalcontato.com.br\/home\/index.php\/wp-json\/wp\/v2\/media?parent=12490"}],"wp:term":[{"taxonomy":"category","embeddable":true,"href":"https:\/\/www.jornalcontato.com.br\/home\/index.php\/wp-json\/wp\/v2\/categories?post=12490"},{"taxonomy":"post_tag","embeddable":true,"href":"https:\/\/www.jornalcontato.com.br\/home\/index.php\/wp-json\/wp\/v2\/tags?post=12490"}],"curies":[{"name":"wp","href":"https:\/\/api.w.org\/{rel}","templated":true}]}}