{"id":12337,"date":"2016-06-29T10:29:40","date_gmt":"2016-06-29T13:29:40","guid":{"rendered":"http:\/\/jornalcontato.com.br\/home\/?p=12337"},"modified":"2016-06-29T10:29:40","modified_gmt":"2016-06-29T13:29:40","slug":"de-passagem-por-daniel-aarao-reis-a-loba-de-roma","status":"publish","type":"post","link":"https:\/\/www.jornalcontato.com.br\/home\/index.php\/de-passagem-por-daniel-aarao-reis-a-loba-de-roma\/","title":{"rendered":"De Passagem por Daniel Aar\u00e3o Reis: A Loba de Roma"},"content":{"rendered":"<p><strong>CoRAGGIo!<\/strong> Em italiano, coragem! Foi com este lema, misturando-o com o pr\u00f3prio sobrenome, que Virginia Raggi elegeu-se prefeita de Roma em 19 de junho passado, com cerca de 67% dos sufr\u00e1gios, uma not\u00edcia que merecera mais destaque e an\u00e1lise.<!--more--><\/p>\n<p>Com efeito, embora fundada h\u00e1 mais de dois mil e setecentos anos, a cidade nunca foi governada \u00a0por algu\u00e9m do sexo feminino. Narra a lenda, por\u00e9m, que, nas origens, uma loba salvou a vida de Remo e do\u00a0 irm\u00e3o, \u00a0R\u00f4mulo,\u00a0 fundador e primeiro rei da chamada Cidade Eterna. A escultura da loba dando de mamar a dois meninos imortalizou a narrativa m\u00edtica e suscitou outras vers\u00f5es que associaram o uso do nome \u2013 lupa, em latim \u2013 \u00e0 forma como eram chamadas as prostitutas. Assim, gra\u00e7as aos bons of\u00edcios de uma mulher, salvou-se o primeiro governante da cidade.\u00a0 Os romanos, por\u00e9m, como bons seres\u00a0 humanos, \u00a0foram ingratos e s\u00f3 agora, \u00a0muitos s\u00e9culos \u00a0depois, \u00e9 que resolveram entregar o leme da cidade a uma \u00a0representante da segunda metade do c\u00e9u.<\/p>\n<p>&nbsp;<\/p>\n<div id=\"attachment_12343\" style=\"width: 450px\" class=\"wp-caption aligncenter\"><a href=\"http:\/\/jornalcontato.com.br\/home\/wp-content\/uploads\/2016\/06\/Virginia-Raggi-2.jpg\"><img loading=\"lazy\" decoding=\"async\" aria-describedby=\"caption-attachment-12343\" class=\"size-large wp-image-12343\" title=\"Virginia Raggi\" src=\"http:\/\/jornalcontato.com.br\/home\/wp-content\/uploads\/2016\/06\/Virginia-Raggi-2-450x299.jpg\" alt=\"Virginia Raggi\" width=\"450\" height=\"299\" srcset=\"https:\/\/jornalcontato.com.br\/home\/wp-content\/uploads\/2016\/06\/Virginia-Raggi-2-450x299.jpg 450w, https:\/\/jornalcontato.com.br\/home\/wp-content\/uploads\/2016\/06\/Virginia-Raggi-2-300x199.jpg 300w, https:\/\/jornalcontato.com.br\/home\/wp-content\/uploads\/2016\/06\/Virginia-Raggi-2.jpg 650w\" sizes=\"auto, (max-width: 450px) 100vw, 450px\" \/><\/a><p id=\"caption-attachment-12343\" class=\"wp-caption-text\">Virginia Raggi<\/p><\/div>\n<p>&nbsp;<\/p>\n<p>Virginia Raggi, \u00a0jovem advogada, 37 anos, solteira, m\u00e3e de um filho de 7 anos,\u00a0 iniciada h\u00e1 pouco nas lides pol\u00edticas, vai precisar mesmo de coragem para vencer os desafios que ter\u00e1 pela frente.<\/p>\n<p>O primeiro deles foi enfrentar a tradi\u00e7\u00e3o machista, entranhada nos costumes. Silvio Berlusconi, conhecido l\u00edder das direitas, n\u00e3o se permitiu afirmar que a maternidade era incompat\u00edvel com a atividade pol\u00edtica? Ao votar na nova prefeita, os romanos rejeitaram o preconceito, mas est\u00e3o longe de t\u00ea-lo superado, pois, no que diz respeito \u00e0 presen\u00e7a das mulheres na Pol\u00edtica, a It\u00e1lia, entre 193 pa\u00edses, ocupa uma modesta 42<sup>a<\/sup> posi\u00e7\u00e3o.<\/p>\n<p>A nova prefeita quer conferir transpar\u00eancia ao governo e garantir honestidade na administra\u00e7\u00e3o dos dinheiros p\u00fablicos. N\u00e3o ser\u00e1 pouco: em fins de 2015, o esc\u00e2ndalo da M\u00e1fia Capital, envolvendo \u00a0pol\u00edticos de diferentes partidos \u2013 de direita e de esquerda \u2013 refor\u00e7ou o descr\u00e9dito que os romanos votam h\u00e1 anos \u00e0 pol\u00edtica e aos pol\u00edticos. N\u00e3o por acaso, nas \u00faltimas elei\u00e7\u00f5es municipais, a absten\u00e7\u00e3o chegou perto de metade do eleitorado. Na capital, apesar dos debates aquecidos, e da polariza\u00e7\u00e3o do segundo turno, s\u00f3 pouco mais de 60% dos eleitores foram \u00e0s urnas.<\/p>\n<p>Outro desafio \u00e9 contrariar os poderosos interesses econ\u00f4micos. Renegociar a d\u00edvida da Administra\u00e7\u00e3o Municipal com os bancos, de quase 13 bilh\u00f5es de euros, e abolir as abusivas isen\u00e7\u00f5es de impostos de que desfrutam os estabelecimentos comerciais do Vaticano. Com estas e outras medidas, entre as quais o combate \u00e0 corrup\u00e7\u00e3o, seria poss\u00edvel recuperar as finan\u00e7as e dar conta de problemas locais que se tornaram estruturais e exasperantes ao longo do tempo.<\/p>\n<p>Como o ca\u00f3tico tr\u00e2nsito. Com 3 milh\u00f5es de habitantes, 70 carros para cada 100 habitantes, e perto de 700 mil \u201cduas rodas\u201d motorizadas (motocicletas, lambretas e assemelhados), haver\u00e1 que formular novas concep\u00e7\u00f5es de cidade e de mobilidade urbana, \u00a0que privilegiem as ciclovias e o transporte coletivo \u2013 uma terceira linha do metr\u00f4 local, cujo t\u00e9rmino fora previsto para o come\u00e7o deste novo s\u00e9culo,\u00a0 ainda est\u00e1 em constru\u00e7\u00e3o&#8230; Al\u00e9m disso, ser\u00e1 necess\u00e1rio negociar com a corpora\u00e7\u00e3o de funcion\u00e1rios da prefeitura, respons\u00e1veis pelo prec\u00e1rio \u00a0transporte p\u00fablico e afeitos a greves peri\u00f3dicas e remuneradas.<\/p>\n<p>Um outro aspecto diz respeito \u00e0 organiza\u00e7\u00e3o eficaz da coleta do lixo, eliminando uma sujeira que compromete as condi\u00e7\u00f5es de sa\u00fade, o bom gosto\u00a0 e o senso est\u00e9tico dos romanos e dos milh\u00f5es de visitantes que a cidade acolhe.<\/p>\n<p>&nbsp;<\/p>\n<div id=\"attachment_12340\" style=\"width: 450px\" class=\"wp-caption aligncenter\"><a href=\"http:\/\/jornalcontato.com.br\/home\/wp-content\/uploads\/2016\/06\/Cinco-estrelas.jpg\"><img loading=\"lazy\" decoding=\"async\" aria-describedby=\"caption-attachment-12340\" class=\"size-large wp-image-12340\" title=\"Cinco estrelas\" src=\"http:\/\/jornalcontato.com.br\/home\/wp-content\/uploads\/2016\/06\/Cinco-estrelas-450x253.jpg\" alt=\"Cinco estrelas\" width=\"450\" height=\"253\" srcset=\"https:\/\/jornalcontato.com.br\/home\/wp-content\/uploads\/2016\/06\/Cinco-estrelas-450x253.jpg 450w, https:\/\/jornalcontato.com.br\/home\/wp-content\/uploads\/2016\/06\/Cinco-estrelas-300x169.jpg 300w, https:\/\/jornalcontato.com.br\/home\/wp-content\/uploads\/2016\/06\/Cinco-estrelas-440x247.jpg 440w, https:\/\/jornalcontato.com.br\/home\/wp-content\/uploads\/2016\/06\/Cinco-estrelas.jpg 600w\" sizes=\"auto, (max-width: 450px) 100vw, 450px\" \/><\/a><p id=\"caption-attachment-12340\" class=\"wp-caption-text\">Cinco Estrelas<\/p><\/div>\n<p>&nbsp;<\/p>\n<p>A nova loba de Roma pertence aos quadros do Movimento Cinco Estrelas, partido alternativo que, desde 2009, quando apareceu, subverte a atmosfera pol\u00edtica italiana e questiona as hegemonias consagradas. As direitas e os fascistas n\u00e3o confiam nele.\u00a0 As esquerdas tradicionais o acusam de \u201cfazer o jogo das direitas\u201d. Grandes interesses econ\u00f4micos o caracterizam como \u201cpopulista\u201d.\u00a0 Mas muitos partid\u00e1rios das esquerdas alternativas, n\u00e3o apenas ingressaram no Cinco Estrelas, como votam preferencialmente em seus candidatos.<\/p>\n<p>&nbsp;<\/p>\n<div id=\"attachment_12338\" style=\"width: 450px\" class=\"wp-caption aligncenter\"><a href=\"http:\/\/jornalcontato.com.br\/home\/wp-content\/uploads\/2016\/06\/Ada-Colau.jpg\"><img loading=\"lazy\" decoding=\"async\" aria-describedby=\"caption-attachment-12338\" class=\"size-large wp-image-12338\" title=\"Ada Colau\" src=\"http:\/\/jornalcontato.com.br\/home\/wp-content\/uploads\/2016\/06\/Ada-Colau-450x299.jpg\" alt=\"Ada Colau\" width=\"450\" height=\"299\" srcset=\"https:\/\/jornalcontato.com.br\/home\/wp-content\/uploads\/2016\/06\/Ada-Colau-450x299.jpg 450w, https:\/\/jornalcontato.com.br\/home\/wp-content\/uploads\/2016\/06\/Ada-Colau-300x199.jpg 300w, https:\/\/jornalcontato.com.br\/home\/wp-content\/uploads\/2016\/06\/Ada-Colau.jpg 650w\" sizes=\"auto, (max-width: 450px) 100vw, 450px\" \/><\/a><p id=\"caption-attachment-12338\" class=\"wp-caption-text\">Ada Colau<\/p><\/div>\n<p>&nbsp;<\/p>\n<p>Na Europa atual a d\u00edade direita-esquerda, embora ainda v\u00e1lida, \u00a0j\u00e1 n\u00e3o \u00e9 mais uma chave que abre todas as portas do conhecimento pol\u00edtico.\u00a0 Mesmo agora, no plebiscito que agitou a Inglaterra, pessoas de direita e de esquerda votaram a favor e contra o \u201cBrexit\u201d. O mesmo acontece na It\u00e1lia, onde subsistem ambival\u00eancias e ambiguidades. Virginia Raggi ter\u00e1 de lidar com elas. Em certa medida, \u00e9 express\u00e3o delas e sobre elas dever\u00e1 definir-se. Mas n\u00e3o deixa de ser estimulante que \u201ccandidatas alternativas\u201d, como Ada Colau, em Barcelona; Manuela Carmena, em Madrid e, na pr\u00f3pria It\u00e1lia, Chiara Appendino, em Turim, tamb\u00e9m do 5 Estrelas, estejam ganhando elei\u00e7\u00f5es com prop\u00f3sitos cr\u00edticos ao \u201csistema\u201d.<\/p>\n<p>&nbsp;<\/p>\n<div id=\"attachment_12342\" style=\"width: 450px\" class=\"wp-caption aligncenter\"><a href=\"http:\/\/jornalcontato.com.br\/home\/wp-content\/uploads\/2016\/06\/Manuela-Carmena1.jpg\"><img loading=\"lazy\" decoding=\"async\" aria-describedby=\"caption-attachment-12342\" class=\"size-large wp-image-12342\" title=\"Manuela Carmena\" src=\"http:\/\/jornalcontato.com.br\/home\/wp-content\/uploads\/2016\/06\/Manuela-Carmena1-450x318.jpg\" alt=\"Manuela Carmena\" width=\"450\" height=\"318\" srcset=\"https:\/\/jornalcontato.com.br\/home\/wp-content\/uploads\/2016\/06\/Manuela-Carmena1-450x318.jpg 450w, https:\/\/jornalcontato.com.br\/home\/wp-content\/uploads\/2016\/06\/Manuela-Carmena1-300x212.jpg 300w, https:\/\/jornalcontato.com.br\/home\/wp-content\/uploads\/2016\/06\/Manuela-Carmena1.jpg 650w\" sizes=\"auto, (max-width: 450px) 100vw, 450px\" \/><\/a><p id=\"caption-attachment-12342\" class=\"wp-caption-text\">Manuela Carmena<\/p><\/div>\n<p>&nbsp;<\/p>\n<p>Como avisavam os antigos: <em>caveant consules!<\/em> Ou, traduzindo-se livremente a advert\u00eancia : que se cuidem as elites tradicionais, de direita e de esquerda!<\/p>\n<p>&nbsp;<\/p>\n<div id=\"attachment_12339\" style=\"width: 450px\" class=\"wp-caption aligncenter\"><a href=\"http:\/\/jornalcontato.com.br\/home\/wp-content\/uploads\/2016\/06\/Chiara-Appendino.jpg\"><img loading=\"lazy\" decoding=\"async\" aria-describedby=\"caption-attachment-12339\" class=\"size-large wp-image-12339\" title=\"Chiara Appendino\" src=\"http:\/\/jornalcontato.com.br\/home\/wp-content\/uploads\/2016\/06\/Chiara-Appendino-450x450.jpg\" alt=\"Chiara Appendino\" width=\"450\" height=\"450\" srcset=\"https:\/\/jornalcontato.com.br\/home\/wp-content\/uploads\/2016\/06\/Chiara-Appendino-450x450.jpg 450w, https:\/\/jornalcontato.com.br\/home\/wp-content\/uploads\/2016\/06\/Chiara-Appendino-150x150.jpg 150w, https:\/\/jornalcontato.com.br\/home\/wp-content\/uploads\/2016\/06\/Chiara-Appendino-300x300.jpg 300w, https:\/\/jornalcontato.com.br\/home\/wp-content\/uploads\/2016\/06\/Chiara-Appendino.jpg 650w\" sizes=\"auto, (max-width: 450px) 100vw, 450px\" \/><\/a><p id=\"caption-attachment-12339\" class=\"wp-caption-text\">Chiara Appendino<\/p><\/div>\n<p>&nbsp;<\/p>\n<p><em><strong>por Daniel Aar\u00e3o Reis | Professor de Hist\u00f3ria Contempor\u00e2nea da UFF | \u00a0daniel.aaraoreis@gmail.com<\/strong><\/em><\/p>\n","protected":false},"excerpt":{"rendered":"<p>CoRAGGIo! Em italiano, coragem! Foi com este lema, misturando-o com o pr\u00f3prio sobrenome, que Virginia Raggi elegeu-se prefeita de Roma em 19 de junho passado, &#8230;<\/p>\n","protected":false},"author":1,"featured_media":12344,"comment_status":"open","ping_status":"open","sticky":false,"template":"","format":"standard","meta":{"footnotes":""},"categories":[31,35],"tags":[],"class_list":["post-12337","post","type-post","status-publish","format-standard","has-post-thumbnail","hentry","category-colunas","category-de-passagem"],"_links":{"self":[{"href":"https:\/\/www.jornalcontato.com.br\/home\/index.php\/wp-json\/wp\/v2\/posts\/12337","targetHints":{"allow":["GET"]}}],"collection":[{"href":"https:\/\/www.jornalcontato.com.br\/home\/index.php\/wp-json\/wp\/v2\/posts"}],"about":[{"href":"https:\/\/www.jornalcontato.com.br\/home\/index.php\/wp-json\/wp\/v2\/types\/post"}],"author":[{"embeddable":true,"href":"https:\/\/www.jornalcontato.com.br\/home\/index.php\/wp-json\/wp\/v2\/users\/1"}],"replies":[{"embeddable":true,"href":"https:\/\/www.jornalcontato.com.br\/home\/index.php\/wp-json\/wp\/v2\/comments?post=12337"}],"version-history":[{"count":2,"href":"https:\/\/www.jornalcontato.com.br\/home\/index.php\/wp-json\/wp\/v2\/posts\/12337\/revisions"}],"predecessor-version":[{"id":12346,"href":"https:\/\/www.jornalcontato.com.br\/home\/index.php\/wp-json\/wp\/v2\/posts\/12337\/revisions\/12346"}],"wp:featuredmedia":[{"embeddable":true,"href":"https:\/\/www.jornalcontato.com.br\/home\/index.php\/wp-json\/wp\/v2\/media\/12344"}],"wp:attachment":[{"href":"https:\/\/www.jornalcontato.com.br\/home\/index.php\/wp-json\/wp\/v2\/media?parent=12337"}],"wp:term":[{"taxonomy":"category","embeddable":true,"href":"https:\/\/www.jornalcontato.com.br\/home\/index.php\/wp-json\/wp\/v2\/categories?post=12337"},{"taxonomy":"post_tag","embeddable":true,"href":"https:\/\/www.jornalcontato.com.br\/home\/index.php\/wp-json\/wp\/v2\/tags?post=12337"}],"curies":[{"name":"wp","href":"https:\/\/api.w.org\/{rel}","templated":true}]}}