{"id":12170,"date":"2016-06-19T10:07:12","date_gmt":"2016-06-19T13:07:12","guid":{"rendered":"http:\/\/jornalcontato.com.br\/home\/?p=12170"},"modified":"2016-06-19T10:12:22","modified_gmt":"2016-06-19T13:12:22","slug":"arquitetura-celebrada","status":"publish","type":"post","link":"https:\/\/www.jornalcontato.com.br\/home\/index.php\/arquitetura-celebrada\/","title":{"rendered":"Arquitetura celebrada"},"content":{"rendered":"<p><em><strong>por Mary Bergamota e fotos de Luciano Dinamarco (<a href=\"http:\/\/jornalcontato.com.br\/home\/index.php\/2016\/05\/04\/mary-bergamota\/www.twitter.com\/dinamarco\" target=\"_blank\">www.twitter.com\/dinamarco<\/a>)<\/strong><\/em><\/p>\n<p>&nbsp;<\/p>\n<p>Sob a inspira\u00e7\u00e3o* e as ben\u00e7\u00e3os de fil\u00f3sofos e arquitetos c\u00e9lebres, um grupo de arquitetos que cultiva at\u00e9 hoje afinidades raras e la\u00e7os que a cada ano se estreitam mais, celebrou \u201cquase\u201d trinta anos de formados (VI e VII Turmas de Arquitetura da UNITAU) em Reden\u00e7\u00e3o da Serra, numa festa preparada caprichosamente, mais uma vez, por eles mesmos. Com direito ao requinte da vida singela do campo, ao abra\u00e7o fraterno de velhos e grandes amigos, sem dissociar-se daquele desejo latente de mudar esse mundo injusto, que sempre e tanto os uniu.<!--more--><\/p>\n<p>&nbsp;<\/p>\n<div id=\"attachment_12172\" style=\"width: 200px\" class=\"wp-caption aligncenter\"><a href=\"http:\/\/jornalcontato.com.br\/home\/wp-content\/uploads\/2016\/06\/IMG_8599.jpeg\"><img loading=\"lazy\" decoding=\"async\" aria-describedby=\"caption-attachment-12172\" class=\"size-medium wp-image-12172\" title=\"O arquiteto Wanderley Brunherotto, de Mogi-Gua\u00e7u.\" src=\"http:\/\/jornalcontato.com.br\/home\/wp-content\/uploads\/2016\/06\/IMG_8599-200x300.jpeg\" alt=\"O arquiteto Wanderley Brunherotto, de Mogi-Gua\u00e7u.\" width=\"200\" height=\"300\" srcset=\"https:\/\/jornalcontato.com.br\/home\/wp-content\/uploads\/2016\/06\/IMG_8599-200x300.jpeg 200w, https:\/\/jornalcontato.com.br\/home\/wp-content\/uploads\/2016\/06\/IMG_8599-300x450.jpeg 300w, https:\/\/jornalcontato.com.br\/home\/wp-content\/uploads\/2016\/06\/IMG_8599.jpeg 434w\" sizes=\"auto, (max-width: 200px) 100vw, 200px\" \/><\/a><p id=\"caption-attachment-12172\" class=\"wp-caption-text\">O arquiteto Wanderley Brunherotto, de Mogi-Gua\u00e7u.<\/p><\/div>\n<p>&nbsp;<\/p>\n<div id=\"attachment_12173\" style=\"width: 225px\" class=\"wp-caption aligncenter\"><a href=\"http:\/\/jornalcontato.com.br\/home\/wp-content\/uploads\/2016\/06\/IMG_20281.jpeg\"><img loading=\"lazy\" decoding=\"async\" aria-describedby=\"caption-attachment-12173\" class=\"size-medium wp-image-12173\" title=\"Marco Antonio Bonaf\u00e9 (Taubat\u00e9)\" src=\"http:\/\/jornalcontato.com.br\/home\/wp-content\/uploads\/2016\/06\/IMG_20281-225x300.jpeg\" alt=\"Marco Antonio Bonaf\u00e9 (Taubat\u00e9)\" width=\"225\" height=\"300\" srcset=\"https:\/\/jornalcontato.com.br\/home\/wp-content\/uploads\/2016\/06\/IMG_20281-225x300.jpeg 225w, https:\/\/jornalcontato.com.br\/home\/wp-content\/uploads\/2016\/06\/IMG_20281-337x450.jpeg 337w, https:\/\/jornalcontato.com.br\/home\/wp-content\/uploads\/2016\/06\/IMG_20281.jpeg 488w\" sizes=\"auto, (max-width: 225px) 100vw, 225px\" \/><\/a><p id=\"caption-attachment-12173\" class=\"wp-caption-text\">Marco Antonio Bonaf\u00e9 , de Taubat\u00e9<\/p><\/div>\n<p>&nbsp;<\/p>\n<div id=\"attachment_12174\" style=\"width: 300px\" class=\"wp-caption aligncenter\"><a href=\"http:\/\/jornalcontato.com.br\/home\/wp-content\/uploads\/2016\/06\/IMG_8700.jpeg\"><img loading=\"lazy\" decoding=\"async\" aria-describedby=\"caption-attachment-12174\" class=\"size-medium wp-image-12174\" title=\"Alfredo Kobbaz, de Pindamonhangaba, e N\u00edlvia Frossard - cidad\u00e3 do mundo, hoje em S\u00e3o Jos\u00e9 dos Campos, a adorada professora de Hist\u00f3ria da Arte!\" src=\"http:\/\/jornalcontato.com.br\/home\/wp-content\/uploads\/2016\/06\/IMG_8700-300x200.jpeg\" alt=\"Alfredo Kobbaz, de Pindamonhangaba, e N\u00edlvia Frossard - cidad\u00e3 do mundo, hoje em S\u00e3o Jos\u00e9 dos Campos, a adorada professora de Hist\u00f3ria da Arte!\" width=\"300\" height=\"200\" srcset=\"https:\/\/jornalcontato.com.br\/home\/wp-content\/uploads\/2016\/06\/IMG_8700-300x200.jpeg 300w, https:\/\/jornalcontato.com.br\/home\/wp-content\/uploads\/2016\/06\/IMG_8700-450x300.jpeg 450w, https:\/\/jornalcontato.com.br\/home\/wp-content\/uploads\/2016\/06\/IMG_8700.jpeg 650w\" sizes=\"auto, (max-width: 300px) 100vw, 300px\" \/><\/a><p id=\"caption-attachment-12174\" class=\"wp-caption-text\">Alfredo Kobbaz, de Pindamonhangaba, e N\u00edlvia Frossard &#8211; cidad\u00e3 do mundo, hoje em S\u00e3o Jos\u00e9 dos Campos, a adorada professora de Hist\u00f3ria da Arte!<\/p><\/div>\n<p>&nbsp;<\/p>\n<div id=\"attachment_12175\" style=\"width: 200px\" class=\"wp-caption aligncenter\"><a href=\"http:\/\/jornalcontato.com.br\/home\/wp-content\/uploads\/2016\/06\/IMG_8644.jpeg\"><img loading=\"lazy\" decoding=\"async\" aria-describedby=\"caption-attachment-12175\" class=\"size-medium wp-image-12175\" title=\"Rosaura Oliveira, de Ca\u00e7apava\" src=\"http:\/\/jornalcontato.com.br\/home\/wp-content\/uploads\/2016\/06\/IMG_8644-200x300.jpeg\" alt=\"Rosaura Oliveira, de Ca\u00e7apava\" width=\"200\" height=\"300\" srcset=\"https:\/\/jornalcontato.com.br\/home\/wp-content\/uploads\/2016\/06\/IMG_8644-200x300.jpeg 200w, https:\/\/jornalcontato.com.br\/home\/wp-content\/uploads\/2016\/06\/IMG_8644-300x450.jpeg 300w, https:\/\/jornalcontato.com.br\/home\/wp-content\/uploads\/2016\/06\/IMG_8644.jpeg 434w\" sizes=\"auto, (max-width: 200px) 100vw, 200px\" \/><\/a><p id=\"caption-attachment-12175\" class=\"wp-caption-text\">Rosaura Oliveira, de Ca\u00e7apava<\/p><\/div>\n<p>&nbsp;<\/p>\n<div id=\"attachment_12176\" style=\"width: 300px\" class=\"wp-caption aligncenter\"><a href=\"http:\/\/jornalcontato.com.br\/home\/wp-content\/uploads\/2016\/06\/IMG_8671.jpeg\"><img loading=\"lazy\" decoding=\"async\" aria-describedby=\"caption-attachment-12176\" class=\"size-medium wp-image-12176\" title=\"V\u00e2nia F\u00e1bio, de Pindamonhangaba, Luciano Monteiro Pereira, de Pindamonhangaba, Egydio Nogueira, de Guaratinguet\u00e1, e Lygia Bertti, de S\u00e3o Jos\u00e9 dos Campos\" src=\"http:\/\/jornalcontato.com.br\/home\/wp-content\/uploads\/2016\/06\/IMG_8671-300x200.jpeg\" alt=\"V\u00e2nia F\u00e1bio, de Pindamonhangaba, Luciano Monteiro Pereira, de Pindamonhangaba, Egydio Nogueira, de Guaratinguet\u00e1, e Lygia Bertti, de S\u00e3o Jos\u00e9 dos Campos\" width=\"300\" height=\"200\" srcset=\"https:\/\/jornalcontato.com.br\/home\/wp-content\/uploads\/2016\/06\/IMG_8671-300x200.jpeg 300w, https:\/\/jornalcontato.com.br\/home\/wp-content\/uploads\/2016\/06\/IMG_8671-450x300.jpeg 450w, https:\/\/jornalcontato.com.br\/home\/wp-content\/uploads\/2016\/06\/IMG_8671.jpeg 650w\" sizes=\"auto, (max-width: 300px) 100vw, 300px\" \/><\/a><p id=\"caption-attachment-12176\" class=\"wp-caption-text\">V\u00e2nia F\u00e1bio, de Pindamonhangaba, Luciano Monteiro Pereira, de Pindamonhangaba, Egydio Nogueira, de Guaratinguet\u00e1, e Lygia Bertti, de S\u00e3o Jos\u00e9 dos Campos<\/p><\/div>\n<p>&nbsp;<\/p>\n<div id=\"attachment_12177\" style=\"width: 300px\" class=\"wp-caption aligncenter\"><a href=\"http:\/\/jornalcontato.com.br\/home\/wp-content\/uploads\/2016\/06\/IMG_8727.jpeg\"><img loading=\"lazy\" decoding=\"async\" aria-describedby=\"caption-attachment-12177\" class=\"size-medium wp-image-12177\" title=\"S\u00edlvia Borges, de S\u00e3o Jos\u00e9 dos Campos\" src=\"http:\/\/jornalcontato.com.br\/home\/wp-content\/uploads\/2016\/06\/IMG_8727-300x200.jpeg\" alt=\"S\u00edlvia Borges, de S\u00e3o Jos\u00e9 dos Campos\" width=\"300\" height=\"200\" srcset=\"https:\/\/jornalcontato.com.br\/home\/wp-content\/uploads\/2016\/06\/IMG_8727-300x200.jpeg 300w, https:\/\/jornalcontato.com.br\/home\/wp-content\/uploads\/2016\/06\/IMG_8727-450x300.jpeg 450w, https:\/\/jornalcontato.com.br\/home\/wp-content\/uploads\/2016\/06\/IMG_8727.jpeg 650w\" sizes=\"auto, (max-width: 300px) 100vw, 300px\" \/><\/a><p id=\"caption-attachment-12177\" class=\"wp-caption-text\">S\u00edlvia Borges, de S\u00e3o Jos\u00e9 dos Campos<\/p><\/div>\n<p>&nbsp;<\/p>\n<div id=\"attachment_12178\" style=\"width: 200px\" class=\"wp-caption aligncenter\"><a href=\"http:\/\/jornalcontato.com.br\/home\/wp-content\/uploads\/2016\/06\/IMG_8631.jpeg\"><img loading=\"lazy\" decoding=\"async\" aria-describedby=\"caption-attachment-12178\" class=\"size-medium wp-image-12178\" title=\"O taubatean\u00edssimo e internacional Oleg\u00e1rio de S\u00e1, anfitri\u00e3o do grupo. \" src=\"http:\/\/jornalcontato.com.br\/home\/wp-content\/uploads\/2016\/06\/IMG_8631-200x300.jpeg\" alt=\"O taubatean\u00edssimo e internacional Oleg\u00e1rio de S\u00e1, anfitri\u00e3o do grupo. \" width=\"200\" height=\"300\" srcset=\"https:\/\/jornalcontato.com.br\/home\/wp-content\/uploads\/2016\/06\/IMG_8631-200x300.jpeg 200w, https:\/\/jornalcontato.com.br\/home\/wp-content\/uploads\/2016\/06\/IMG_8631-300x450.jpeg 300w, https:\/\/jornalcontato.com.br\/home\/wp-content\/uploads\/2016\/06\/IMG_8631.jpeg 434w\" sizes=\"auto, (max-width: 200px) 100vw, 200px\" \/><\/a><p id=\"caption-attachment-12178\" class=\"wp-caption-text\">O taubatean\u00edssimo e internacional Oleg\u00e1rio de S\u00e1, anfitri\u00e3o do grupo.<\/p><\/div>\n<p>&nbsp;<\/p>\n<div id=\"attachment_12179\" style=\"width: 181px\" class=\"wp-caption aligncenter\"><a href=\"http:\/\/jornalcontato.com.br\/home\/wp-content\/uploads\/2016\/06\/IMG_2116.jpeg\"><img loading=\"lazy\" decoding=\"async\" aria-describedby=\"caption-attachment-12179\" class=\"size-medium wp-image-12179\" title=\"Selma Werneck Penna, de Taubat\u00e9\" src=\"http:\/\/jornalcontato.com.br\/home\/wp-content\/uploads\/2016\/06\/IMG_2116-181x300.jpeg\" alt=\"Selma Werneck Penna, de Taubat\u00e9\" width=\"181\" height=\"300\" srcset=\"https:\/\/jornalcontato.com.br\/home\/wp-content\/uploads\/2016\/06\/IMG_2116-181x300.jpeg 181w, https:\/\/jornalcontato.com.br\/home\/wp-content\/uploads\/2016\/06\/IMG_2116-272x450.jpeg 272w, https:\/\/jornalcontato.com.br\/home\/wp-content\/uploads\/2016\/06\/IMG_2116.jpeg 394w\" sizes=\"auto, (max-width: 181px) 100vw, 181px\" \/><\/a><p id=\"caption-attachment-12179\" class=\"wp-caption-text\">Selma Werneck Penna, de Taubat\u00e9<\/p><\/div>\n<p>&nbsp;<\/p>\n<div id=\"attachment_12180\" style=\"width: 200px\" class=\"wp-caption aligncenter\"><a href=\"http:\/\/jornalcontato.com.br\/home\/wp-content\/uploads\/2016\/06\/IMG_8596.jpeg\"><img loading=\"lazy\" decoding=\"async\" aria-describedby=\"caption-attachment-12180\" class=\"size-medium wp-image-12180\" title=\"Fernando Pherpa Toledo Moreira, de Taubat\u00e9\" src=\"http:\/\/jornalcontato.com.br\/home\/wp-content\/uploads\/2016\/06\/IMG_8596-200x300.jpeg\" alt=\"Fernando Pherpa Toledo Moreira, de Taubat\u00e9\" width=\"200\" height=\"300\" srcset=\"https:\/\/jornalcontato.com.br\/home\/wp-content\/uploads\/2016\/06\/IMG_8596-200x300.jpeg 200w, https:\/\/jornalcontato.com.br\/home\/wp-content\/uploads\/2016\/06\/IMG_8596-300x450.jpeg 300w, https:\/\/jornalcontato.com.br\/home\/wp-content\/uploads\/2016\/06\/IMG_8596.jpeg 434w\" sizes=\"auto, (max-width: 200px) 100vw, 200px\" \/><\/a><p id=\"caption-attachment-12180\" class=\"wp-caption-text\">Fernando Pherpa Toledo Moreira, de Taubat\u00e9<\/p><\/div>\n<p>&nbsp;<\/p>\n<p style=\"text-align: left;\">Algumas das m\u00e1ximas inspiradoras que deram o tom (e a decora\u00e7\u00e3o) do evento, escritas a m\u00e3o em papeis coloridos de origami pelo grupo:<\/p>\n<blockquote>\n<div style=\"text-align: left;\"><em>Arquitetura \u00e9 m\u00fasica congelada\u201d.\u00a0Arthur Schopenhauer<\/em><\/div>\n<\/blockquote>\n<div style=\"text-align: left;\"><em>\u00a0<\/em><\/div>\n<blockquote>\n<div style=\"text-align: left;\"><em>Meu trabalho n\u00e3o tem import\u00e2ncia, nem a arquitetura tem import\u00e2ncia pra mim. Para mim o importante \u00e9 a vida, a gente se abra\u00e7ar, conhecer as pessoas, haver solidariedade, pensar num mundo melhor, o resto \u00e9 conversa fiada\u201d.\u00a0Oscar Niemeyer<\/em><\/div>\n<\/blockquote>\n<div style=\"text-align: left;\"><em>\u00a0<\/em><\/div>\n<blockquote>\n<div style=\"text-align: left;\"><em>Para mim, a primeira e primordial arquitetura \u00e9 a geografia\u201d. Paulo Mendes da Rocha<\/em><\/div>\n<\/blockquote>\n<div style=\"text-align: left;\"><em>\u00a0<\/em><\/div>\n<blockquote>\n<div style=\"text-align: left;\"><em>Acredito que as coisas podem ser feitas de outra maneira e que vale a pena tentar\u201d. Zaha Hadid<\/em><\/div>\n<\/blockquote>\n<div style=\"text-align: left;\"><em>\u00a0<\/em><\/div>\n<blockquote>\n<div style=\"text-align: left;\"><em>Arquitetura deve falar de seu tempo e lugar, por\u00e9m anseia por intemporalidade\u201d. Frank Gehry.<\/em><\/div>\n<\/blockquote>\n<div style=\"text-align: left;\"><em><\/em><em>\u00a0 \u00a0 \u00a0 \u00a0 \u00a0 \u00a0 \u00a0 \u00a0 \u00a0 \u00a0 \u00a0 \u00a0 \u00a0 \u00a0 \u00a0 \u00a0 \u00a0 \u00a0 \u00a0 \u00a0 \u00a0 \u00a0 \u00a0 \u00a0 \u00a0 \u00a0 \u00a0 \u00a0 \u00a0 \u00a0 \u00a0 \u00a0 \u00a0 \u00a0 \u00a0 \u00a0<\/em><\/div>\n<blockquote>\n<div style=\"text-align: left;\"><em>Forma segue fun\u00e7\u00e3o: isso tem sido mal interpretado. Deveriam ser um s\u00f3, junto numa uni\u00e3o espiritual.\u201d Frank Lloyd Wright<\/em><\/div>\n<\/blockquote>\n<div style=\"text-align: left;\"><em>\u00a0<\/em><\/div>\n<blockquote>\n<div style=\"text-align: left;\"><em>Sempre procuro inserir o elemento surpresa, o inusitado, a descoberta (&#8230;) Arquitetura tem de causar infartos.\u201d Isay Weinfeld<\/em><\/div>\n<\/blockquote>\n<div style=\"text-align: left;\"><em>\u00a0<\/em><\/div>\n<blockquote>\n<div style=\"text-align: left;\"><em>Menos \u00e9 mais.\u201d Mies Van der Rohe<\/em><\/div>\n<\/blockquote>\n<div style=\"text-align: left;\"><em>\u00a0<\/em><\/div>\n<blockquote>\n<div style=\"text-align: left;\"><em>Minha cor preferida \u00e9 o colorido!\u201d\u00a0Walter Gropius<\/em><\/div>\n<\/blockquote>\n<div style=\"text-align: left;\"><em>\u00a0<\/em><\/div>\n<div style=\"text-align: left;\"><em>\u00a0<\/em><\/div>\n<div style=\"text-align: left;\">A sele\u00e7\u00e3o de Lina Bo Bardi:<\/div>\n<div style=\"text-align: left;\"><\/div>\n<blockquote>\n<div style=\"text-align: left;\"><em>No fundo veja a arquitetura como servi\u00e7o coletivo e como poesia\u201d.<\/em><\/div>\n<\/blockquote>\n<div style=\"text-align: left;\"><\/div>\n<blockquote>\n<div style=\"text-align: left;\"><em>H\u00e1 um gosto de vit\u00f3ria e encanto na condi\u00e7\u00e3o de ser simples. N\u00e3o \u00e9 preciso muito para ser muito\u201d.<\/em><\/div>\n<\/blockquote>\n<div style=\"text-align: left;\"><\/div>\n<blockquote>\n<div style=\"text-align: left;\"><em>O passado n\u00e3o volta. Importantes s\u00e3o a continuidade\u00a0e o perfeito conhecimento de sua hist\u00f3ria\u201d.<\/em><\/div>\n<\/blockquote>\n<div style=\"text-align: left;\"><\/div>\n<blockquote>\n<div style=\"text-align: left;\"><em>A emo\u00e7\u00e3o da ci\u00eancia traduzida em t\u00e9cnica pelo homem \u00e9 a mesma comunicada pela obra de arte. Equil\u00edbrio, estrutura, rigor, aquele mundo outro que o homem n\u00e3o conhece, que a arte sugere, do qual o homem tem nostalgia\u201d.<\/em><\/div>\n<\/blockquote>\n<div style=\"text-align: left;\"><\/div>\n<blockquote>\n<div style=\"text-align: left;\"><em>A produ\u00e7\u00e3o em massa, que hoje deve ser tida em considera\u00e7\u00e3o como a base para a arquitetura moderna, existe na pr\u00f3pria Natureza e, intuitivamente, no trabalho popular\u201d.<\/em><\/div>\n<\/blockquote>\n<div style=\"text-align: left;\"><\/div>\n<blockquote>\n<div style=\"text-align: left;\"><em>O tempo linear \u00e9 uma inven\u00e7\u00e3o do Ocidente, o tempo n\u00e3o \u00e9 linear, \u00e9 um maravilhoso emaranhado onde, a qualquer instante, podem ser escolhidos pontos e inventadas solu\u00e7\u00f5es, sem come\u00e7o nem fim\u201d.<\/em><\/div>\n<\/blockquote>\n<div style=\"text-align: left;\"><\/div>\n<blockquote>\n<div style=\"text-align: left;\"><em>Eu acredito numa solidariedade internacional, num concerto de todas as vozes particulares. Agora \u00e9 um contrassenso se pensar numa linguagem comum aos povos se cada um n\u00e3o aprofunda suas ra\u00edzes, que s\u00e3o diferentes\u201d.<\/em><\/div>\n<\/blockquote>\n<div style=\"text-align: left;\"><\/div>\n<blockquote>\n<div style=\"text-align: left;\"><em>Desenvolvimento hist\u00f3rico n\u00e3o significa concilia\u00e7\u00e3o, e sim exame cr\u00edtico profundo\u201d.<\/em><\/div>\n<\/blockquote>\n","protected":false},"excerpt":{"rendered":"<p>por Mary Bergamota e fotos de Luciano Dinamarco (www.twitter.com\/dinamarco) &nbsp; Sob a inspira\u00e7\u00e3o* e as ben\u00e7\u00e3os de fil\u00f3sofos e arquitetos c\u00e9lebres, um grupo de arquitetos &#8230;<\/p>\n","protected":false},"author":1,"featured_media":12181,"comment_status":"open","ping_status":"open","sticky":false,"template":"","format":"standard","meta":{"footnotes":""},"categories":[31,39],"tags":[],"class_list":["post-12170","post","type-post","status-publish","format-standard","has-post-thumbnail","hentry","category-colunas","category-mary-bergamota"],"_links":{"self":[{"href":"https:\/\/www.jornalcontato.com.br\/home\/index.php\/wp-json\/wp\/v2\/posts\/12170","targetHints":{"allow":["GET"]}}],"collection":[{"href":"https:\/\/www.jornalcontato.com.br\/home\/index.php\/wp-json\/wp\/v2\/posts"}],"about":[{"href":"https:\/\/www.jornalcontato.com.br\/home\/index.php\/wp-json\/wp\/v2\/types\/post"}],"author":[{"embeddable":true,"href":"https:\/\/www.jornalcontato.com.br\/home\/index.php\/wp-json\/wp\/v2\/users\/1"}],"replies":[{"embeddable":true,"href":"https:\/\/www.jornalcontato.com.br\/home\/index.php\/wp-json\/wp\/v2\/comments?post=12170"}],"version-history":[{"count":7,"href":"https:\/\/www.jornalcontato.com.br\/home\/index.php\/wp-json\/wp\/v2\/posts\/12170\/revisions"}],"predecessor-version":[{"id":12185,"href":"https:\/\/www.jornalcontato.com.br\/home\/index.php\/wp-json\/wp\/v2\/posts\/12170\/revisions\/12185"}],"wp:featuredmedia":[{"embeddable":true,"href":"https:\/\/www.jornalcontato.com.br\/home\/index.php\/wp-json\/wp\/v2\/media\/12181"}],"wp:attachment":[{"href":"https:\/\/www.jornalcontato.com.br\/home\/index.php\/wp-json\/wp\/v2\/media?parent=12170"}],"wp:term":[{"taxonomy":"category","embeddable":true,"href":"https:\/\/www.jornalcontato.com.br\/home\/index.php\/wp-json\/wp\/v2\/categories?post=12170"},{"taxonomy":"post_tag","embeddable":true,"href":"https:\/\/www.jornalcontato.com.br\/home\/index.php\/wp-json\/wp\/v2\/tags?post=12170"}],"curies":[{"name":"wp","href":"https:\/\/api.w.org\/{rel}","templated":true}]}}