{"id":12160,"date":"2016-06-16T17:49:50","date_gmt":"2016-06-16T20:49:50","guid":{"rendered":"http:\/\/jornalcontato.com.br\/home\/?p=12160"},"modified":"2016-06-16T17:49:50","modified_gmt":"2016-06-16T20:49:50","slug":"liberdade-de-imprensa-ameacada","status":"publish","type":"post","link":"https:\/\/www.jornalcontato.com.br\/home\/index.php\/liberdade-de-imprensa-ameacada\/","title":{"rendered":"Liberdade de imprensa amea\u00e7ada"},"content":{"rendered":"<p style=\"text-align: left;\" align=\"center\"><em>Jornalistas da Gazeta do Povo de Curitiba, Paran\u00e1, divulgam sal\u00e1rios de magistrados s\u00e3o alvos de a\u00e7\u00f5es e processados 37 vezes por magistrados e promotores que receberam acima do teto constitucional em 2015.<!--more--><\/em><\/p>\n<p>Mesmo comprovando tratar-se de reportagem baseada em dados p\u00fablicos oficiais, magistrados e promotores retaliaram, por conta das reportagens, tr\u00eas rep\u00f3rteres, um analista de sistemas e o respons\u00e1vel pelo visual gr\u00e1fico das mat\u00e9rias que viraram r\u00e9us em 36 a\u00e7\u00f5es em juizados especiais, e tamb\u00e9m uma a\u00e7\u00e3o na Justi\u00e7a comum \u2013 todas elas movidas por ju\u00edzes e promotores que se dizem ofendidos com o que foi publicado.<\/p>\n<p>Associa\u00e7\u00f5es e o Sindicato dos Jornalistas do Paran\u00e1 criticaram a rea\u00e7\u00e3o de magistrados e promotores que entraram com dezenas de a\u00e7\u00f5es contra profissionais do jornal Gazeta do Povo.<\/p>\n<p>&nbsp;<\/p>\n<div id=\"attachment_12163\" style=\"width: 450px\" class=\"wp-caption aligncenter\"><a href=\"http:\/\/jornalcontato.com.br\/home\/wp-content\/uploads\/2016\/06\/leonardo-mendes-jr.jpg\"><img loading=\"lazy\" decoding=\"async\" aria-describedby=\"caption-attachment-12163\" class=\"size-large wp-image-12163\" title=\"Leonardo Mendes J\u00fanior, diretor de reda\u00e7\u00e3o do jornal Gazeta do Povo de Curitiba. Cr\u00e9dito: Gazeta do Povo de Curitiba\" src=\"http:\/\/jornalcontato.com.br\/home\/wp-content\/uploads\/2016\/06\/leonardo-mendes-jr-450x299.jpg\" alt=\"Leonardo Mendes J\u00fanior, diretor de reda\u00e7\u00e3o do jornal Gazeta do Povo de Curitiba. Cr\u00e9dito: Gazeta do Povo de Curitiba\" width=\"450\" height=\"299\" srcset=\"https:\/\/jornalcontato.com.br\/home\/wp-content\/uploads\/2016\/06\/leonardo-mendes-jr-450x299.jpg 450w, https:\/\/jornalcontato.com.br\/home\/wp-content\/uploads\/2016\/06\/leonardo-mendes-jr-300x199.jpg 300w, https:\/\/jornalcontato.com.br\/home\/wp-content\/uploads\/2016\/06\/leonardo-mendes-jr.jpg 650w\" sizes=\"auto, (max-width: 450px) 100vw, 450px\" \/><\/a><p id=\"caption-attachment-12163\" class=\"wp-caption-text\">Leonardo Mendes J\u00fanior, diretor de reda\u00e7\u00e3o do jornal Gazeta do Povo de Curitiba. Cr\u00e9dito: Gazeta do Povo de Curitiba<\/p><\/div>\n<p>&nbsp;<\/p>\n<p><strong>Objeto<\/strong><\/p>\n<p>O jornal publicou, em fevereiro, uma s\u00e9rie de reportagens que mostravam os sal\u00e1rios acima do teto constitucional, pagos pelo Tribunal de Justi\u00e7a (TJ) e pelo Minist\u00e9rio P\u00fablico do Paran\u00e1 (MP). As reportagens se basearam em an\u00e1lises de dados encontrados nos portais da transpar\u00eancia do MP e do TJ.<\/p>\n<p>Nas a\u00e7\u00f5es que correm nos juizados especiais, os profissionais do jornal s\u00e3o obrigados por lei a comparecer \u00e0s audi\u00eancias. Eles j\u00e1 estiveram em 19 delas nos \u00faltimos dois meses, percorrendo para tanto 6,3 mil quil\u00f4metros.<\/p>\n<p>A dire\u00e7\u00e3o da Gazeta do Povo disse ao Portal G1 que reafirma respeito pelo Poder Judici\u00e1rio e pelo Minist\u00e9rio P\u00fablico, e que lamenta que dois promotores e um grupo e magistrados tenham optado por uma a\u00e7\u00e3o orquestrada que representa um grav\u00edssimo atentado \u00e0 liberdade de imprensa.<\/p>\n<p>&#8220;Esse grupo de magistrados, na pr\u00e1tica, o que eles est\u00e3o cometendo \u00e9 um atentado grave \u00e0 liberdade de express\u00e3o, \u00e0 liberdade de imprensa, \u00e0 liberdade de informar ao p\u00fablico aquilo que \u00e9 de interesse p\u00fablico&#8221;, afirmou o diretor de reda\u00e7\u00e3o do jornal, Leonardo Mendes J\u00fanior.<\/p>\n<p>A Associa\u00e7\u00e3o Brasileira de Jornalismo Investigativo (Abraji) afirmou que repudia a retalia\u00e7\u00e3o de magistrados e promotores do Paran\u00e1 ao jornal Gazeta do Povo e seus profissionais.<\/p>\n<p>A Associa\u00e7\u00e3o Nacional de Jornais (ANJ) disse que a iniciativa conjunta, em diferentes locais do Paran\u00e1, tem o claro objetivo de intimidar, retaliar e constranger o livre exerc\u00edcio do jornalismo.<\/p>\n<p>O Sindicato dos Jornalistas do Paran\u00e1 tamb\u00e9m condenou as dezenas de a\u00e7\u00f5es em juizados especiais. &#8220;A gente n\u00e3o pode deixar que uma afronta ao direito constitucional da sociedade de ter livre informa\u00e7\u00e3o seja atacado dessa maneira&#8221;, disse o presidente do Sindijor, Gustavo Vidal.<\/p>\n<p>&nbsp;<\/p>\n<div id=\"attachment_12164\" style=\"width: 450px\" class=\"wp-caption aligncenter\"><a href=\"http:\/\/jornalcontato.com.br\/home\/wp-content\/uploads\/2016\/06\/cafe.jpg\"><img loading=\"lazy\" decoding=\"async\" aria-describedby=\"caption-attachment-12164\" class=\"size-large wp-image-12164\" title=\"Carlos Lindenberg, presidente da ANJ. Cr\u00e9dito: ANJ\" src=\"http:\/\/jornalcontato.com.br\/home\/wp-content\/uploads\/2016\/06\/cafe-450x299.jpg\" alt=\"Carlos Lindenberg, presidente da ANJ. Cr\u00e9dito: ANJ\" width=\"450\" height=\"299\" srcset=\"https:\/\/jornalcontato.com.br\/home\/wp-content\/uploads\/2016\/06\/cafe-450x299.jpg 450w, https:\/\/jornalcontato.com.br\/home\/wp-content\/uploads\/2016\/06\/cafe-300x199.jpg 300w, https:\/\/jornalcontato.com.br\/home\/wp-content\/uploads\/2016\/06\/cafe.jpg 650w\" sizes=\"auto, (max-width: 450px) 100vw, 450px\" \/><\/a><p id=\"caption-attachment-12164\" class=\"wp-caption-text\">Carlos Lindenberg, presidente da ANJ. Cr\u00e9dito: ANJ<\/p><\/div>\n<p>&nbsp;<\/p>\n<p><strong>Outro lado<\/strong><\/p>\n<p>As associa\u00e7\u00f5es que representam magistrados e promotores defenderam as a\u00e7\u00f5es nos juizados especiais.<\/p>\n<p>A Associa\u00e7\u00e3o dos Magistrados do Paran\u00e1 (Amapar) afirma que a inten\u00e7\u00e3o das a\u00e7\u00f5es individuais n\u00e3o \u00e9 de modo algum inviabilizar o trabalho dos jornalistas, e que, de acordo com as regras processuais vigentes, a parte que entende ter sido lesada em seu direito pode ajuizar a a\u00e7\u00e3o no local em que reside. A Amapar informou ainda que apenas 2% dos associados entraram com a\u00e7\u00f5es.<\/p>\n<p>A Associa\u00e7\u00e3o Paranaense do Minist\u00e9rio P\u00fablico disse que o exerc\u00edcio do direito de a\u00e7\u00e3o \u00e9 assegurado a todos os cidad\u00e3os de nosso pa\u00eds, e que as a\u00e7\u00f5es desse caso n\u00e3o representam, em hip\u00f3tese alguma, tentativa de ferir o direito de informa\u00e7\u00e3o, nem buscam atacar a liberdade de imprensa.<\/p>\n<p>&nbsp;<\/p>\n<div id=\"attachment_12165\" style=\"width: 450px\" class=\"wp-caption aligncenter\"><a href=\"http:\/\/jornalcontato.com.br\/home\/wp-content\/uploads\/2016\/06\/joao-ricardo-costa-amb1.jpg\"><img loading=\"lazy\" decoding=\"async\" aria-describedby=\"caption-attachment-12165\" class=\"size-large wp-image-12165\" title=\"Jo\u00e3o Ricardo Costa, presidente da Associa\u00e7\u00e3o dos Magistrados Brasileiros. Cr\u00e9dito: Estad\u00e3o\" src=\"http:\/\/jornalcontato.com.br\/home\/wp-content\/uploads\/2016\/06\/joao-ricardo-costa-amb1-450x299.jpg\" alt=\"Jo\u00e3o Ricardo Costa, presidente da Associa\u00e7\u00e3o dos Magistrados Brasileiros. Cr\u00e9dito: Estad\u00e3o\" width=\"450\" height=\"299\" srcset=\"https:\/\/jornalcontato.com.br\/home\/wp-content\/uploads\/2016\/06\/joao-ricardo-costa-amb1-450x299.jpg 450w, https:\/\/jornalcontato.com.br\/home\/wp-content\/uploads\/2016\/06\/joao-ricardo-costa-amb1-300x199.jpg 300w, https:\/\/jornalcontato.com.br\/home\/wp-content\/uploads\/2016\/06\/joao-ricardo-costa-amb1.jpg 650w\" sizes=\"auto, (max-width: 450px) 100vw, 450px\" \/><\/a><p id=\"caption-attachment-12165\" class=\"wp-caption-text\">Jo\u00e3o Ricardo Costa, presidente da Associa\u00e7\u00e3o dos Magistrados Brasileiros. Cr\u00e9dito: Estad\u00e3o<\/p><\/div>\n<p>&nbsp;<\/p>\n<p><strong>Pr\u00eamio e rea\u00e7\u00f5es<\/strong><\/p>\n<p>As persegui\u00e7\u00f5es sofridas por esse ve\u00edculo e seus profissionais motivaram o j\u00fari respons\u00e1vel pelo Pr\u00eamio ANJ de Liberdade de Imprensa 2016, concedido pela Associa\u00e7\u00e3o Nacional de Jornais.<\/p>\n<p>O pr\u00eamio ser\u00e1 entregue no dia 18 de agosto pr\u00f3ximo. A rea\u00e7\u00e3o foi imediata. \u201cA postura da ANJ de premiar jornalistas por mat\u00e9ria tendenciosa sobre os vencimentos da magistratura \u00e9 um atentado ao direito \u00e0 informa\u00e7\u00e3o\u201d, divulgou em nota a AMB (Associa\u00e7\u00e3o dos Magistrados Brasileiros), assinado pelo seu presidente Jo\u00e3o Ricardo Costa.<\/p>\n<p>A entidade afirma na mesma nota que a reportagem \u201cn\u00e3o explica que verbas indenizat\u00f3rias n\u00e3o s\u00e3o submetidas ao teto constitucional\u201d e que essa postura \u201crevela uma lament\u00e1vel pol\u00edtica de desinforma\u00e7\u00e3o \u00e0 cidadania\u201d.<\/p>\n<p>Imediatamente o presidente da ANJ, Carlos Lindenberg respondeu \u00e0 AMB que a associa\u00e7\u00e3o n\u00e3o questiona o direito constitucional de todo cidad\u00e3o recorrer \u00e0 Justi\u00e7a, mas rejeita o expediente utilizado no Paran\u00e1, que \u00e9 similar ao j\u00e1 utilizado contra os jornais Folha de S.Paulo (SP) e A Gazeta (ES).<\/p>\n<p>Para Lindenberg, \u201cEm ambos os casos, todas as a\u00e7\u00f5es foram ganhas pelos jornais e jornalistas. A inadequa\u00e7\u00e3o desse tipo de a\u00e7\u00e3o, ali\u00e1s, \u00e9 reconhecida pela pr\u00f3pria AMB ao afirmar que discorda \u2018da estrat\u00e9gia definida\u2019 e entende que \u2018a melhor a\u00e7\u00e3o seja de natureza coletiva, pois se trata de um direito constitucional\u2019\u201d.<\/p>\n<p>&nbsp;<\/p>\n<p><strong><em>Reportagem original do jornal Gazeta do Povo pode ser lida <a href=\"http:\/\/www.gazetadopovo.com.br\/vida-publica\/tj-e-mp-pagam-supersalarios-que-superam-em-20-o-teto-previsto-em-lei-8p4mx7sxjog1r9rivs1hlrig7\" target=\"_blank\">AQUI<\/a>.<\/em><\/strong><\/p>\n","protected":false},"excerpt":{"rendered":"<p>Jornalistas da Gazeta do Povo de Curitiba, Paran\u00e1, divulgam sal\u00e1rios de magistrados s\u00e3o alvos de a\u00e7\u00f5es e processados 37 vezes por magistrados e promotores que &#8230;<\/p>\n","protected":false},"author":1,"featured_media":12161,"comment_status":"open","ping_status":"open","sticky":false,"template":"","format":"standard","meta":{"footnotes":""},"categories":[1,7],"tags":[],"class_list":["post-12160","post","type-post","status-publish","format-standard","has-post-thumbnail","hentry","category-nacional","category-reportagem"],"_links":{"self":[{"href":"https:\/\/www.jornalcontato.com.br\/home\/index.php\/wp-json\/wp\/v2\/posts\/12160","targetHints":{"allow":["GET"]}}],"collection":[{"href":"https:\/\/www.jornalcontato.com.br\/home\/index.php\/wp-json\/wp\/v2\/posts"}],"about":[{"href":"https:\/\/www.jornalcontato.com.br\/home\/index.php\/wp-json\/wp\/v2\/types\/post"}],"author":[{"embeddable":true,"href":"https:\/\/www.jornalcontato.com.br\/home\/index.php\/wp-json\/wp\/v2\/users\/1"}],"replies":[{"embeddable":true,"href":"https:\/\/www.jornalcontato.com.br\/home\/index.php\/wp-json\/wp\/v2\/comments?post=12160"}],"version-history":[{"count":2,"href":"https:\/\/www.jornalcontato.com.br\/home\/index.php\/wp-json\/wp\/v2\/posts\/12160\/revisions"}],"predecessor-version":[{"id":12167,"href":"https:\/\/www.jornalcontato.com.br\/home\/index.php\/wp-json\/wp\/v2\/posts\/12160\/revisions\/12167"}],"wp:featuredmedia":[{"embeddable":true,"href":"https:\/\/www.jornalcontato.com.br\/home\/index.php\/wp-json\/wp\/v2\/media\/12161"}],"wp:attachment":[{"href":"https:\/\/www.jornalcontato.com.br\/home\/index.php\/wp-json\/wp\/v2\/media?parent=12160"}],"wp:term":[{"taxonomy":"category","embeddable":true,"href":"https:\/\/www.jornalcontato.com.br\/home\/index.php\/wp-json\/wp\/v2\/categories?post=12160"},{"taxonomy":"post_tag","embeddable":true,"href":"https:\/\/www.jornalcontato.com.br\/home\/index.php\/wp-json\/wp\/v2\/tags?post=12160"}],"curies":[{"name":"wp","href":"https:\/\/api.w.org\/{rel}","templated":true}]}}