{"id":12143,"date":"2016-06-16T17:25:32","date_gmt":"2016-06-16T20:25:32","guid":{"rendered":"http:\/\/jornalcontato.com.br\/home\/?p=12143"},"modified":"2016-06-17T15:08:55","modified_gmt":"2016-06-17T18:08:55","slug":"metropole-apresentou-raizes-sertanejas","status":"publish","type":"post","link":"https:\/\/www.jornalcontato.com.br\/home\/index.php\/metropole-apresentou-raizes-sertanejas\/","title":{"rendered":"Metr\u00f3pole apresentou Ra\u00edzes Sertanejas"},"content":{"rendered":"<p>Chico Teixeira, filho do nosso querido Renato \u2018Romaria\u2019 Teixeira, se apresentou ao lado de Sergio Reis no Teatro Metr\u00f3pole, na noite de quarta-feira, 15.<\/p>\n<p>O espet\u00e1culo faz parte do projeto Ra\u00edzes Sertanejas e conta com o apoio da Secretaria de Estado da Cultura, dentro do Programa de A\u00e7\u00e3o Cultural (ProAC). A produ\u00e7\u00e3o \u00e9 assinada pela Destaque Cultural, com o apoio da Ricardo Maia Produ\u00e7\u00f5es Art\u00edsticas. \u201cA inten\u00e7\u00e3o \u00e9 homenagear este g\u00eanero musical t\u00e3o popular, com a participa\u00e7\u00e3o de todas as gera\u00e7\u00f5es\u201d, finaliza Daniela Ribeiro, diretora de comunica\u00e7\u00e3o da Destaque Cultural.<!--more--><\/p>\n<p>Os shows deste projeto v\u00e3o circular pelo Estado com o objetivo de mostrar ao p\u00fablico os grandes cl\u00e1ssicos dessa leitura sertaneja. E tamb\u00e9m promover um interc\u00e2mbio in\u00e9dito entre a nova e a consagrada gera\u00e7\u00e3o de m\u00fasicos.<\/p>\n<p>&nbsp;<\/p>\n<p style=\"text-align: center;\"><iframe loading=\"lazy\" style=\"border: none; overflow: hidden;\" src=\"https:\/\/www.facebook.com\/plugins\/video.php?href=https%3A%2F%2Fwww.facebook.com%2Fandreguisard%2Fvideos%2Fvb.100000137194215%2F1314177968596764%2F%3Ftype%3D3&amp;width=320&amp;show_text=true&amp;appId=402270896597556&amp;height=265\" frameborder=\"0\" scrolling=\"no\" width=\"320\" height=\"265\"><\/iframe><\/p>\n<p>&nbsp;<\/p>\n<p>\u00c9 o caso do encontro entre o jovem e talentoso Chico Teixeira com o conceituado e consagrado S\u00e9rgio Reis. Chico assumiu a dire\u00e7\u00e3o art\u00edstica do projeto. No show ele apresenta can\u00e7\u00f5es autorais e releituras de grandes cl\u00e1ssicos da m\u00fasica popular brasileira, como Ca\u00e7ada (Chico Buarque), Can\u00e7\u00e3o da Meia Noite (Kleiton e Kledir), Intui\u00e7\u00e3o (Chico Teixeira), entre outras.<\/p>\n<p>Sergio Reis j\u00e1 reservou cl\u00e1ssicos como \u2018Pai e Filho\u2019 (Cat Stevens\u00a0 \/ Vers\u00e3o Chico Teixeira e Renato Teixeira), Trem do Pantanal (Geraldo Roca\/Paulo Sim\u00f5es), Menino da Porteira (Teddy Vieira), bem como algumas surpresas.<\/p>\n<p>Nossa reportagem n\u00e3o conseguiu adquirir ingresso a tempo, nem uma entrevista exclusiva com os artistas e o pai de Chico que a tudo assistiu com o olhar de uma orgulhosa do filhote querido.<\/p>\n<p>&nbsp;<\/p>\n<div id=\"attachment_12145\" style=\"width: 450px\" class=\"wp-caption aligncenter\"><a href=\"http:\/\/jornalcontato.com.br\/home\/wp-content\/uploads\/2016\/06\/13422377_1313961441951750_3904626791472270583_o.jpg\"><img loading=\"lazy\" decoding=\"async\" aria-describedby=\"caption-attachment-12145\" class=\"size-large wp-image-12145\" title=\"Cr\u00e9dito: Andr\u00e9 Guisard\" src=\"http:\/\/jornalcontato.com.br\/home\/wp-content\/uploads\/2016\/06\/13422377_1313961441951750_3904626791472270583_o-450x329.jpg\" alt=\"Cr\u00e9dito: Andr\u00e9 Guisard\" width=\"450\" height=\"329\" srcset=\"https:\/\/jornalcontato.com.br\/home\/wp-content\/uploads\/2016\/06\/13422377_1313961441951750_3904626791472270583_o-450x329.jpg 450w, https:\/\/jornalcontato.com.br\/home\/wp-content\/uploads\/2016\/06\/13422377_1313961441951750_3904626791472270583_o-300x219.jpg 300w, https:\/\/jornalcontato.com.br\/home\/wp-content\/uploads\/2016\/06\/13422377_1313961441951750_3904626791472270583_o.jpg 650w\" sizes=\"auto, (max-width: 450px) 100vw, 450px\" \/><\/a><p id=\"caption-attachment-12145\" class=\"wp-caption-text\">Chico Teixeira comandando o espet\u00e1culo. Cr\u00e9dito: <a href=\"https:\/\/www.facebook.com\/andreguisard\" target=\"_blank\">Andr\u00e9 Guisard<\/a><\/p><\/div>\n<p>&nbsp;<\/p>\n<div id=\"attachment_12146\" style=\"width: 450px\" class=\"wp-caption aligncenter\"><a href=\"http:\/\/jornalcontato.com.br\/home\/wp-content\/uploads\/2016\/06\/13433121_1313958121952082_1118260992232981246_o.jpg\"><img loading=\"lazy\" decoding=\"async\" aria-describedby=\"caption-attachment-12146\" class=\"size-large wp-image-12146\" title=\"Cr\u00e9dito: Andr\u00e9 Guisard\" src=\"http:\/\/jornalcontato.com.br\/home\/wp-content\/uploads\/2016\/06\/13433121_1313958121952082_1118260992232981246_o-450x329.jpg\" alt=\"Cr\u00e9dito: Andr\u00e9 Guisard\" width=\"450\" height=\"329\" srcset=\"https:\/\/jornalcontato.com.br\/home\/wp-content\/uploads\/2016\/06\/13433121_1313958121952082_1118260992232981246_o-450x329.jpg 450w, https:\/\/jornalcontato.com.br\/home\/wp-content\/uploads\/2016\/06\/13433121_1313958121952082_1118260992232981246_o-300x219.jpg 300w, https:\/\/jornalcontato.com.br\/home\/wp-content\/uploads\/2016\/06\/13433121_1313958121952082_1118260992232981246_o.jpg 650w\" sizes=\"auto, (max-width: 450px) 100vw, 450px\" \/><\/a><p id=\"caption-attachment-12146\" class=\"wp-caption-text\">Convidados especiais como Renato Teixeira e Neg\u00e3o da banda Paranga. Cr\u00e9dito: <a href=\"https:\/\/www.facebook.com\/andreguisard\" target=\"_blank\">Andr\u00e9 Guisard<\/a><\/p><\/div>\n<p>&nbsp;<\/p>\n<div id=\"attachment_12147\" style=\"width: 450px\" class=\"wp-caption aligncenter\"><a href=\"http:\/\/jornalcontato.com.br\/home\/wp-content\/uploads\/2016\/06\/13475193_1314004431947451_5034505996166751439_o.jpg\"><img loading=\"lazy\" decoding=\"async\" aria-describedby=\"caption-attachment-12147\" class=\"size-large wp-image-12147\" title=\"Cr\u00e9dito: Andr\u00e9 Guisard\" src=\"http:\/\/jornalcontato.com.br\/home\/wp-content\/uploads\/2016\/06\/13475193_1314004431947451_5034505996166751439_o-450x329.jpg\" alt=\"Cr\u00e9dito: Andr\u00e9 Guisard\" width=\"450\" height=\"329\" srcset=\"https:\/\/jornalcontato.com.br\/home\/wp-content\/uploads\/2016\/06\/13475193_1314004431947451_5034505996166751439_o-450x329.jpg 450w, https:\/\/jornalcontato.com.br\/home\/wp-content\/uploads\/2016\/06\/13475193_1314004431947451_5034505996166751439_o-300x219.jpg 300w, https:\/\/jornalcontato.com.br\/home\/wp-content\/uploads\/2016\/06\/13475193_1314004431947451_5034505996166751439_o.jpg 650w\" sizes=\"auto, (max-width: 450px) 100vw, 450px\" \/><\/a><p id=\"caption-attachment-12147\" class=\"wp-caption-text\">S\u00e9rgio Reis foi um dos destaques da noite. Cr\u00e9dito: <a href=\"https:\/\/www.facebook.com\/andreguisard\" target=\"_blank\">Andr\u00e9 Guisard<\/a><\/p><\/div>\n<p>&nbsp;<\/p>\n<div id=\"attachment_12149\" style=\"width: 450px\" class=\"wp-caption aligncenter\"><a href=\"http:\/\/jornalcontato.com.br\/home\/wp-content\/uploads\/2016\/06\/13475118_1313984738616087_3778852297989773962_o.jpg\"><img loading=\"lazy\" decoding=\"async\" aria-describedby=\"caption-attachment-12149\" class=\"size-large wp-image-12149\" title=\"Cr\u00e9dito: \" src=\"http:\/\/jornalcontato.com.br\/home\/wp-content\/uploads\/2016\/06\/13475118_1313984738616087_3778852297989773962_o-450x329.jpg\" alt=\"Cr\u00e9dito: \" width=\"450\" height=\"329\" srcset=\"https:\/\/jornalcontato.com.br\/home\/wp-content\/uploads\/2016\/06\/13475118_1313984738616087_3778852297989773962_o-450x329.jpg 450w, https:\/\/jornalcontato.com.br\/home\/wp-content\/uploads\/2016\/06\/13475118_1313984738616087_3778852297989773962_o-300x219.jpg 300w, https:\/\/jornalcontato.com.br\/home\/wp-content\/uploads\/2016\/06\/13475118_1313984738616087_3778852297989773962_o.jpg 650w\" sizes=\"auto, (max-width: 450px) 100vw, 450px\" \/><\/a><p id=\"caption-attachment-12149\" class=\"wp-caption-text\">Chico Teixeira encantou os espectadores que foram ao Metr\u00f3pole. Cr\u00e9dito:\u00a0<a href=\"https:\/\/www.facebook.com\/andreguisard\" target=\"_blank\">Andr\u00e9 Guisard<\/a><\/p><\/div>\n","protected":false},"excerpt":{"rendered":"<p>Chico Teixeira, filho do nosso querido Renato \u2018Romaria\u2019 Teixeira, se apresentou ao lado de Sergio Reis no Teatro Metr\u00f3pole, na noite de quarta-feira, 15. O &#8230;<\/p>\n","protected":false},"author":1,"featured_media":12144,"comment_status":"open","ping_status":"open","sticky":false,"template":"","format":"standard","meta":{"footnotes":""},"categories":[29,7],"tags":[],"class_list":["post-12143","post","type-post","status-publish","format-standard","has-post-thumbnail","hentry","category-regional","category-reportagem"],"_links":{"self":[{"href":"https:\/\/www.jornalcontato.com.br\/home\/index.php\/wp-json\/wp\/v2\/posts\/12143","targetHints":{"allow":["GET"]}}],"collection":[{"href":"https:\/\/www.jornalcontato.com.br\/home\/index.php\/wp-json\/wp\/v2\/posts"}],"about":[{"href":"https:\/\/www.jornalcontato.com.br\/home\/index.php\/wp-json\/wp\/v2\/types\/post"}],"author":[{"embeddable":true,"href":"https:\/\/www.jornalcontato.com.br\/home\/index.php\/wp-json\/wp\/v2\/users\/1"}],"replies":[{"embeddable":true,"href":"https:\/\/www.jornalcontato.com.br\/home\/index.php\/wp-json\/wp\/v2\/comments?post=12143"}],"version-history":[{"count":9,"href":"https:\/\/www.jornalcontato.com.br\/home\/index.php\/wp-json\/wp\/v2\/posts\/12143\/revisions"}],"predecessor-version":[{"id":12158,"href":"https:\/\/www.jornalcontato.com.br\/home\/index.php\/wp-json\/wp\/v2\/posts\/12143\/revisions\/12158"}],"wp:featuredmedia":[{"embeddable":true,"href":"https:\/\/www.jornalcontato.com.br\/home\/index.php\/wp-json\/wp\/v2\/media\/12144"}],"wp:attachment":[{"href":"https:\/\/www.jornalcontato.com.br\/home\/index.php\/wp-json\/wp\/v2\/media?parent=12143"}],"wp:term":[{"taxonomy":"category","embeddable":true,"href":"https:\/\/www.jornalcontato.com.br\/home\/index.php\/wp-json\/wp\/v2\/categories?post=12143"},{"taxonomy":"post_tag","embeddable":true,"href":"https:\/\/www.jornalcontato.com.br\/home\/index.php\/wp-json\/wp\/v2\/tags?post=12143"}],"curies":[{"name":"wp","href":"https:\/\/api.w.org\/{rel}","templated":true}]}}