{"id":12086,"date":"2016-06-13T16:38:36","date_gmt":"2016-06-13T19:38:36","guid":{"rendered":"http:\/\/jornalcontato.com.br\/home\/?p=12086"},"modified":"2016-06-14T15:07:26","modified_gmt":"2016-06-14T18:07:26","slug":"leitura-de-fim-de-semana-nivaldo-ornelas-redescoberto-por-david-ganc-aquiles-do-mpb4","status":"publish","type":"post","link":"https:\/\/www.jornalcontato.com.br\/home\/index.php\/leitura-de-fim-de-semana-nivaldo-ornelas-redescoberto-por-david-ganc-aquiles-do-mpb4\/","title":{"rendered":"Leitura de fim de semana: Nivaldo Ornelas redescoberto por David Ganc (Aquiles do MPB4)"},"content":{"rendered":"<p style=\"text-align: left;\"><strong>BELEZAS REDESCOBERTAS<\/strong><\/p>\n<p style=\"text-align: left;\"><em>Capitaneada pelo flautista, saxofonista e arranjador David Ganc, s\u00f3 agora vem a p\u00fablico uma parte incomum (pelo inesperado de revelar pe\u00e7as pouco conhecidas) do repert\u00f3rio de c\u00e2mara composto por um instrumentista popular, Nivaldo Ornelas \u2013 ele tamb\u00e9m um saxofonista, flautista e arranjador.<\/em><!--more--><\/p>\n<p>Gra\u00e7as a David Ganc, a face erudita da m\u00fasica de Nivaldo Ornelas volta \u00e0 baila para quem quiser conferir. O \u00e1lbum <em>Noturno \u2013<\/em> <em>David Ganc interpreta a m\u00fasica de c\u00e2mara de Nivaldo Ornelas<\/em> (Mills Records) \u00e9 uma pedra preciosa lapidada por pedreiros de of\u00edcio, a quem foi dada a miss\u00e3o de revelar suas min\u00facias e disponibiliz\u00e1-la aos ouvidos \u00e1vidos por perceber belezas incomuns.<\/p>\n<p>Participante do Clube da Esquina, Ornelas gravou e tocou com meio mundo da MPB. A todos emprestou seu sopro diferenciado, sua improvisa\u00e7\u00e3o magn\u00e9tica, seu suingue brasileiro. Suingue nascido aqui e que o Brasil escuta&#8230; bem, \u00e9 verdade que nem sempre aqui se ouve, mas que aqui brota e aqui sempre brotar\u00e1.<\/p>\n<p>O CD tem 20 faixas divididas em cinco movimentos e uma faixa b\u00f4nus. Al\u00e9m das flautas e dos saxofones de Ganc e do piano de Maria Teresa Madeira, presentes em todo o trabalho, o disco conta ainda com o violoncelo de Iura Ranevsky, o contrabaixo ac\u00fastico de Zeca Assump\u00e7\u00e3o e a percuss\u00e3o de Mingo Ara\u00fajo, cada qual participando de uma faixa.<\/p>\n<p>O piano de Maria Teresa costurou a teia e evoluiu na trama das composi\u00e7\u00f5es de Nivaldo Ornelas. Por suas m\u00e3os, o universo camer\u00edstico do autor flui enriquecido. Os sopros de Ganc aceitaram o desafio de ser popular e erudito no mesmo compasso, sem distin\u00e7\u00e3o de g\u00eanero, pois m\u00fasica \u00e9 como o amor: seja l\u00e1 do jeito que for, tocar e amar sempre valer\u00e1.<\/p>\n<p>Abrindo a tampa, sax e piano interpretam \u201cVaria\u00e7\u00f5es para Flauta e Piano\u201d, composi\u00e7\u00e3o com introdu\u00e7\u00e3o e tr\u00eas movimentos: \u00e9 como se os dois instrumentos descortinassem a paisagem buc\u00f3lica vista de uma janela. Com arpejos, os dois sa\u00fadam o deslumbramento do amanhecer. E o que era romantismo se torna contempor\u00e2neo. O primeiro movimento come\u00e7a com os instrumentos num belo un\u00edssono. Logo se separam. Cada um segue seu caminho: uma estrada de inusual beleza, quando o tema mel\u00f3dico volta a ser ouvido. Tudo muito delicado. Muito rico. A melodia vem agora saltitante. A seguir, abrindo o segundo movimento, cabe ao piano, arr\u00edtmico, solar a melodia. Logo o duo com o sax \u00e9 retomado \u2013 momento de sublime beleza. Com a emo\u00e7\u00e3o na ponta dos dedos, cabe ao piano abrir o terceiro movimento. E a flauta chega, trazendo em seu sopro uma atmosfera campesina. Juntos, com o piano tocando uma nota como pedal, iniciam um crescendo que des\u00e1gua em desenhos r\u00edtmicos e mel\u00f3dicos. A harmonia pega a melodia pela m\u00e3o e, alegres, brincam, a flauta com trinados, o piano com acordes&#8230; Fim.<\/p>\n<p>Desnudando as atitudes mel\u00f3dicas, harm\u00f4nicas e r\u00edtmicas da obra camer\u00edstica de Nivaldo Ornelas, David Ganc traz \u00e0 tona a m\u00fasica liberta, corajosa\u00a0 e audaciosa de um m\u00fasico e compositor t\u00e3o popular quanto erudito.<\/p>\n<p><strong><em>Aquiles Rique Reis<\/em><\/strong><em>, m\u00fasico e vocalista do MPB4 (e-mail: aquilesmpb4@gmail.com)<\/em><\/p>\n","protected":false},"excerpt":{"rendered":"<p>BELEZAS REDESCOBERTAS Capitaneada pelo flautista, saxofonista e arranjador David Ganc, s\u00f3 agora vem a p\u00fablico uma parte incomum (pelo inesperado de revelar pe\u00e7as pouco conhecidas) &#8230;<\/p>\n","protected":false},"author":1,"featured_media":12087,"comment_status":"open","ping_status":"open","sticky":false,"template":"","format":"standard","meta":{"footnotes":""},"categories":[32,31],"tags":[],"class_list":["post-12086","post","type-post","status-publish","format-standard","has-post-thumbnail","hentry","category-coluna-do-aquiles","category-colunas"],"_links":{"self":[{"href":"https:\/\/www.jornalcontato.com.br\/home\/index.php\/wp-json\/wp\/v2\/posts\/12086","targetHints":{"allow":["GET"]}}],"collection":[{"href":"https:\/\/www.jornalcontato.com.br\/home\/index.php\/wp-json\/wp\/v2\/posts"}],"about":[{"href":"https:\/\/www.jornalcontato.com.br\/home\/index.php\/wp-json\/wp\/v2\/types\/post"}],"author":[{"embeddable":true,"href":"https:\/\/www.jornalcontato.com.br\/home\/index.php\/wp-json\/wp\/v2\/users\/1"}],"replies":[{"embeddable":true,"href":"https:\/\/www.jornalcontato.com.br\/home\/index.php\/wp-json\/wp\/v2\/comments?post=12086"}],"version-history":[{"count":4,"href":"https:\/\/www.jornalcontato.com.br\/home\/index.php\/wp-json\/wp\/v2\/posts\/12086\/revisions"}],"predecessor-version":[{"id":12111,"href":"https:\/\/www.jornalcontato.com.br\/home\/index.php\/wp-json\/wp\/v2\/posts\/12086\/revisions\/12111"}],"wp:featuredmedia":[{"embeddable":true,"href":"https:\/\/www.jornalcontato.com.br\/home\/index.php\/wp-json\/wp\/v2\/media\/12087"}],"wp:attachment":[{"href":"https:\/\/www.jornalcontato.com.br\/home\/index.php\/wp-json\/wp\/v2\/media?parent=12086"}],"wp:term":[{"taxonomy":"category","embeddable":true,"href":"https:\/\/www.jornalcontato.com.br\/home\/index.php\/wp-json\/wp\/v2\/categories?post=12086"},{"taxonomy":"post_tag","embeddable":true,"href":"https:\/\/www.jornalcontato.com.br\/home\/index.php\/wp-json\/wp\/v2\/tags?post=12086"}],"curies":[{"name":"wp","href":"https:\/\/api.w.org\/{rel}","templated":true}]}}