{"id":11959,"date":"2016-06-05T13:19:01","date_gmt":"2016-06-05T16:19:01","guid":{"rendered":"http:\/\/jornalcontato.com.br\/home\/?p=11959"},"modified":"2016-06-05T13:19:55","modified_gmt":"2016-06-05T16:19:55","slug":"mary-bergamota-da-escocia-a-trancoso","status":"publish","type":"post","link":"https:\/\/www.jornalcontato.com.br\/home\/index.php\/mary-bergamota-da-escocia-a-trancoso\/","title":{"rendered":"Mary Bergamota da Esc\u00f3cia a Trancoso"},"content":{"rendered":"<p><em><strong>por Mary Bergamota e fotos de Luciano Dinamarco (<a href=\"http:\/\/jornalcontato.com.br\/home\/index.php\/2016\/05\/04\/mary-bergamota\/www.twitter.com\/dinamarco\" target=\"_blank\">www.twitter.com\/dinamarco<\/a>)<\/strong><\/em><\/p>\n<p><!--more--><\/p>\n<div id=\"attachment_11960\" style=\"width: 337px\" class=\"wp-caption aligncenter\"><a href=\"http:\/\/jornalcontato.com.br\/home\/wp-content\/uploads\/2016\/06\/unnamed-1.jpg\"><img loading=\"lazy\" decoding=\"async\" aria-describedby=\"caption-attachment-11960\" class=\"size-large wp-image-11960\" title=\"Rec\u00e9m chegado da Expedi\u00e7\u00e3o Highlands da Esc\u00f3cia, depois de 18 dias numa tandem (bike dupla) com a esposa, Guilherme Cavallari mais uma vez foi presen\u00e7a marcante no XV Encontro Nacional de Cicloturismo que reuniu amantes da liberdade sobre rodas em Campos do Jord\u00e3o neste feriad\u00e3o. Saiba mais: http:\/\/www.kalapalo.com.br\" src=\"http:\/\/jornalcontato.com.br\/home\/wp-content\/uploads\/2016\/06\/unnamed-1-337x450.jpg\" alt=\"Rec\u00e9m chegado da Expedi\u00e7\u00e3o Highlands da Esc\u00f3cia, depois de 18 dias numa tandem (bike dupla) com a esposa, Guilherme Cavallari mais uma vez foi presen\u00e7a marcante no XV Encontro Nacional de Cicloturismo que reuniu amantes da liberdade sobre rodas em Campos do Jord\u00e3o neste feriad\u00e3o. Saiba mais: http:\/\/www.kalapalo.com.br\" width=\"337\" height=\"450\" srcset=\"https:\/\/jornalcontato.com.br\/home\/wp-content\/uploads\/2016\/06\/unnamed-1-337x450.jpg 337w, https:\/\/jornalcontato.com.br\/home\/wp-content\/uploads\/2016\/06\/unnamed-1-224x300.jpg 224w, https:\/\/jornalcontato.com.br\/home\/wp-content\/uploads\/2016\/06\/unnamed-1.jpg 650w\" sizes=\"auto, (max-width: 337px) 100vw, 337px\" \/><\/a><p id=\"caption-attachment-11960\" class=\"wp-caption-text\">Rec\u00e9m chegado da Expedi\u00e7\u00e3o Highlands da Esc\u00f3cia, depois de 18 dias numa tandem (bike dupla) com a esposa, <strong>Guilherme Cavallari<\/strong> mais uma vez foi presen\u00e7a marcante no XV Encontro Nacional de Cicloturismo que reuniu amantes da liberdade sobre rodas em Campos do Jord\u00e3o neste feriad\u00e3o. Saiba mais: <a href=\"http:\/\/www.kalapalo.com.br\" target=\"_blank\">http:\/\/www.kalapalo.com.br<\/a><\/p><\/div>\n<p>&nbsp;<\/p>\n<div id=\"attachment_11961\" style=\"width: 450px\" class=\"wp-caption aligncenter\"><a href=\"http:\/\/jornalcontato.com.br\/home\/wp-content\/uploads\/2016\/06\/unnamed-2.jpg\"><img loading=\"lazy\" decoding=\"async\" aria-describedby=\"caption-attachment-11961\" class=\"size-large wp-image-11961\" title=\"Em prosa das mais animadas e prestando aux\u00edlio luxuoso \u00e0 organiza\u00e7\u00e3o do XV Encontro Nacional de Cicloturismo, Walter Magalh\u00e3es e F\u00e1bio Fes sobem a serra com outros tantos companheiros de bike que escolheram passar o feriado trocando viv\u00eancias e paix\u00f5es sobre rodas.\" src=\"http:\/\/jornalcontato.com.br\/home\/wp-content\/uploads\/2016\/06\/unnamed-2-450x337.jpg\" alt=\"Em prosa das mais animadas e prestando aux\u00edlio luxuoso \u00e0 organiza\u00e7\u00e3o do XV Encontro Nacional de Cicloturismo, Walter Magalh\u00e3es e F\u00e1bio Fes sobem a serra com outros tantos companheiros de bike que escolheram passar o feriado trocando viv\u00eancias e paix\u00f5es sobre rodas.\" width=\"450\" height=\"337\" srcset=\"https:\/\/jornalcontato.com.br\/home\/wp-content\/uploads\/2016\/06\/unnamed-2-450x337.jpg 450w, https:\/\/jornalcontato.com.br\/home\/wp-content\/uploads\/2016\/06\/unnamed-2-300x225.jpg 300w, https:\/\/jornalcontato.com.br\/home\/wp-content\/uploads\/2016\/06\/unnamed-2-560x420.jpg 560w, https:\/\/jornalcontato.com.br\/home\/wp-content\/uploads\/2016\/06\/unnamed-2.jpg 650w\" sizes=\"auto, (max-width: 450px) 100vw, 450px\" \/><\/a><p id=\"caption-attachment-11961\" class=\"wp-caption-text\">Em prosa das mais animadas e prestando aux\u00edlio luxuoso \u00e0 organiza\u00e7\u00e3o do XV Encontro Nacional de Cicloturismo,<strong> Walter Magalh\u00e3es<\/strong> e <strong>F\u00e1bio Fes<\/strong> sobem a serra com outros tantos companheiros de bike que escolheram passar o feriado trocando viv\u00eancias e paix\u00f5es sobre rodas.<\/p><\/div>\n<p>&nbsp;<\/p>\n<div id=\"attachment_11962\" style=\"width: 450px\" class=\"wp-caption aligncenter\"><a href=\"http:\/\/jornalcontato.com.br\/home\/wp-content\/uploads\/2016\/06\/unnamed-3.jpg\"><img loading=\"lazy\" decoding=\"async\" aria-describedby=\"caption-attachment-11962\" class=\"size-large wp-image-11962\" title=\"Incentivando e reacendendo o desejo de dez em cada dez aventureiros, Rodrigo Telles compartilha sua experi\u00eancia pessoal pedalando pelos Pirineus no encontro que reuniu sonhadores no Espa\u00e7o Arauc\u00e1ria, pr\u00f3ximo a Campos do Jord\u00e3o.\" src=\"http:\/\/jornalcontato.com.br\/home\/wp-content\/uploads\/2016\/06\/unnamed-3-450x337.jpg\" alt=\"Incentivando e reacendendo o desejo de dez em cada dez aventureiros, Rodrigo Telles compartilha sua experi\u00eancia pessoal pedalando pelos Pirineus no encontro que reuniu sonhadores no Espa\u00e7o Arauc\u00e1ria, pr\u00f3ximo a Campos do Jord\u00e3o.\" width=\"450\" height=\"337\" srcset=\"https:\/\/jornalcontato.com.br\/home\/wp-content\/uploads\/2016\/06\/unnamed-3-450x337.jpg 450w, https:\/\/jornalcontato.com.br\/home\/wp-content\/uploads\/2016\/06\/unnamed-3-300x225.jpg 300w, https:\/\/jornalcontato.com.br\/home\/wp-content\/uploads\/2016\/06\/unnamed-3-560x420.jpg 560w, https:\/\/jornalcontato.com.br\/home\/wp-content\/uploads\/2016\/06\/unnamed-3.jpg 650w\" sizes=\"auto, (max-width: 450px) 100vw, 450px\" \/><\/a><p id=\"caption-attachment-11962\" class=\"wp-caption-text\">Incentivando e reacendendo o desejo de dez em cada dez aventureiros, <strong>Rodrigo Telles<\/strong> compartilha sua experi\u00eancia pessoal pedalando pelos Pirineus no encontro que reuniu sonhadores no Espa\u00e7o Arauc\u00e1ria, pr\u00f3ximo a Campos do Jord\u00e3o.<\/p><\/div>\n<p>&nbsp;<\/p>\n<div id=\"attachment_11963\" style=\"width: 241px\" class=\"wp-caption aligncenter\"><a href=\"http:\/\/jornalcontato.com.br\/home\/wp-content\/uploads\/2016\/06\/unnamed-4.jpg\"><img loading=\"lazy\" decoding=\"async\" aria-describedby=\"caption-attachment-11963\" class=\"size-large wp-image-11963\" title=\"Diferen\u00e7as \u00e0 parte, estreitando a dist\u00e2ncia entre Tokyo e Shangai, Hideko Arima foi enfim apresentada a Zhiwen Teh, que experimentou caipirinha e cacha\u00e7a Claudionor sem fazer careta!\" src=\"http:\/\/jornalcontato.com.br\/home\/wp-content\/uploads\/2016\/06\/unnamed-4-241x450.jpg\" alt=\"Diferen\u00e7as \u00e0 parte, estreitando a dist\u00e2ncia entre Tokyo e Shangai, Hideko Arima foi enfim apresentada a Zhiwen Teh, que experimentou caipirinha e cacha\u00e7a Claudionor sem fazer careta!\" width=\"241\" height=\"450\" srcset=\"https:\/\/jornalcontato.com.br\/home\/wp-content\/uploads\/2016\/06\/unnamed-4-241x450.jpg 241w, https:\/\/jornalcontato.com.br\/home\/wp-content\/uploads\/2016\/06\/unnamed-4-161x300.jpg 161w, https:\/\/jornalcontato.com.br\/home\/wp-content\/uploads\/2016\/06\/unnamed-4.jpg 650w\" sizes=\"auto, (max-width: 241px) 100vw, 241px\" \/><\/a><p id=\"caption-attachment-11963\" class=\"wp-caption-text\">Diferen\u00e7as \u00e0 parte, estreitando a dist\u00e2ncia entre Tokyo e Shangai, <strong>Hideko Arima<\/strong> foi enfim apresentada a <strong>Zhiwen Teh<\/strong>, que experimentou caipirinha e cacha\u00e7a Claudionor sem fazer careta!<\/p><\/div>\n<p>&nbsp;<\/p>\n<div id=\"attachment_11964\" style=\"width: 450px\" class=\"wp-caption aligncenter\"><a href=\"http:\/\/jornalcontato.com.br\/home\/wp-content\/uploads\/2016\/06\/unnamed-5.jpg\"><img loading=\"lazy\" decoding=\"async\" aria-describedby=\"caption-attachment-11964\" class=\"size-large wp-image-11964\" title=\"A cidad\u00e3 do mundo F\u00e1tima Toledo ressurge em terras de Lobato para celebrar seu anivers\u00e1rio junto \u00e0 fam\u00edlia e aos amigos queridos, trazendo a reboque desde o Vale do Sil\u00edcio o namorado sino-americano Zhiwen Teh , que depois de Taubat\u00e9 ainda vai conhecer Trancoso.\" src=\"http:\/\/jornalcontato.com.br\/home\/wp-content\/uploads\/2016\/06\/unnamed-5-450x273.jpg\" alt=\"A cidad\u00e3 do mundo F\u00e1tima Toledo ressurge em terras de Lobato para celebrar seu anivers\u00e1rio junto \u00e0 fam\u00edlia e aos amigos queridos, trazendo a reboque desde o Vale do Sil\u00edcio o namorado sino-americano Zhiwen Teh , que depois de Taubat\u00e9 ainda vai conhecer Trancoso.\" width=\"450\" height=\"273\" srcset=\"https:\/\/jornalcontato.com.br\/home\/wp-content\/uploads\/2016\/06\/unnamed-5-450x273.jpg 450w, https:\/\/jornalcontato.com.br\/home\/wp-content\/uploads\/2016\/06\/unnamed-5-300x182.jpg 300w, https:\/\/jornalcontato.com.br\/home\/wp-content\/uploads\/2016\/06\/unnamed-5.jpg 650w\" sizes=\"auto, (max-width: 450px) 100vw, 450px\" \/><\/a><p id=\"caption-attachment-11964\" class=\"wp-caption-text\">A cidad\u00e3 do mundo <strong>F\u00e1tima Toledo<\/strong> ressurge em terras de Lobato para celebrar seu anivers\u00e1rio junto \u00e0 fam\u00edlia e aos amigos queridos, trazendo a reboque desde o Vale do Sil\u00edcio o namorado sino-americano Zhiwen Teh , que depois de Taubat\u00e9 ainda vai conhecer Trancoso.<\/p><\/div>\n","protected":false},"excerpt":{"rendered":"<p>por Mary Bergamota e fotos de Luciano Dinamarco (www.twitter.com\/dinamarco)<\/p>\n","protected":false},"author":1,"featured_media":11966,"comment_status":"open","ping_status":"open","sticky":false,"template":"","format":"standard","meta":{"footnotes":""},"categories":[31,39],"tags":[],"class_list":["post-11959","post","type-post","status-publish","format-standard","has-post-thumbnail","hentry","category-colunas","category-mary-bergamota"],"_links":{"self":[{"href":"https:\/\/www.jornalcontato.com.br\/home\/index.php\/wp-json\/wp\/v2\/posts\/11959","targetHints":{"allow":["GET"]}}],"collection":[{"href":"https:\/\/www.jornalcontato.com.br\/home\/index.php\/wp-json\/wp\/v2\/posts"}],"about":[{"href":"https:\/\/www.jornalcontato.com.br\/home\/index.php\/wp-json\/wp\/v2\/types\/post"}],"author":[{"embeddable":true,"href":"https:\/\/www.jornalcontato.com.br\/home\/index.php\/wp-json\/wp\/v2\/users\/1"}],"replies":[{"embeddable":true,"href":"https:\/\/www.jornalcontato.com.br\/home\/index.php\/wp-json\/wp\/v2\/comments?post=11959"}],"version-history":[{"count":2,"href":"https:\/\/www.jornalcontato.com.br\/home\/index.php\/wp-json\/wp\/v2\/posts\/11959\/revisions"}],"predecessor-version":[{"id":11967,"href":"https:\/\/www.jornalcontato.com.br\/home\/index.php\/wp-json\/wp\/v2\/posts\/11959\/revisions\/11967"}],"wp:featuredmedia":[{"embeddable":true,"href":"https:\/\/www.jornalcontato.com.br\/home\/index.php\/wp-json\/wp\/v2\/media\/11966"}],"wp:attachment":[{"href":"https:\/\/www.jornalcontato.com.br\/home\/index.php\/wp-json\/wp\/v2\/media?parent=11959"}],"wp:term":[{"taxonomy":"category","embeddable":true,"href":"https:\/\/www.jornalcontato.com.br\/home\/index.php\/wp-json\/wp\/v2\/categories?post=11959"},{"taxonomy":"post_tag","embeddable":true,"href":"https:\/\/www.jornalcontato.com.br\/home\/index.php\/wp-json\/wp\/v2\/tags?post=11959"}],"curies":[{"name":"wp","href":"https:\/\/api.w.org\/{rel}","templated":true}]}}