{"id":11816,"date":"2016-05-22T11:59:50","date_gmt":"2016-05-22T14:59:50","guid":{"rendered":"http:\/\/jornalcontato.com.br\/home\/?p=11816"},"modified":"2016-05-22T11:59:50","modified_gmt":"2016-05-22T14:59:50","slug":"sebe-nos-e-o-planeta-que-fazemos-por-ele","status":"publish","type":"post","link":"https:\/\/www.jornalcontato.com.br\/home\/index.php\/sebe-nos-e-o-planeta-que-fazemos-por-ele\/","title":{"rendered":"Sebe: N\u00f3s e o Planeta &#8211; que fazemos por ele?"},"content":{"rendered":"<p align=\"right\"><em>Jos\u00e9 Carlos Sebe Bom Meihy<\/em><\/p>\n<p>&nbsp;<\/p>\n<p><em>Recentemente, muito se tem falado sobre temas afeitos ao meio ambiente, problemas ecol\u00f3gicos, rela\u00e7\u00e3o desenvolvimento x sustentabilidade. Frente a este elenco que carrega sempre a den\u00fancia, resta aplausos, pois nada mais justo e oportuno que pensar o futuro, elaborar planos de progresso harmonioso, combinando bem-estar social e resultados econ\u00f4micos, evitando-se trag\u00e9dias.<\/em><!--more--><\/p>\n<p>Em escala mundial, prova eloquente desta prem\u00eancia, sem d\u00favida fica transparecido no fato do \u00faltimo Pr\u00eamio Nobel de Literatura ter sido delegado a uma ativista que mostrou o padecimento de segmentos que pagaram com a pr\u00f3pria sa\u00fade os efeitos de vazamentos de gazes da Usina Nucelar de Chernobyl, na R\u00fassia. Svetlana Alexievich foi escolhida por ter produzido uma obra em que retrata o sofrimento de quantos padeceram os desastres da radioatividade nuclear ocorrida em 1997. Com o nome de &#8220;Vozes de Tchern\u00f3bil\u201d trabalho que tardou 10 anos de prepara\u00e7\u00e3o, entrevistando durante anos pessoas com experi\u00eancias dram\u00e1ticas, gente vinda de guerras, de pris\u00f5es, infectados por armas qu\u00edmicas, ela galgou a condi\u00e7\u00e3o de autora de obra fundamental, valendo-se de hist\u00f3rias de vidas como forma de alarmar contra amea\u00e7as. De modo geral, sua obra \u00e9 etiquetada como \u201chist\u00f3ria oral\u201d.<\/p>\n<p>A justificar diferentes problemas ambientais no Brasil, vale lembrar que ao longo dos \u00faltimos anos temos sido v\u00edtimas de desastres s\u00e9rios que n\u00e3o s\u00e3o, de regra, considerados em linhagem hist\u00f3rica e nem concatenados. Assim, cabe lembrar alguns casos, como o \u201cInc\u00eandio na Vila Soc\u00f3\u201d, em 1984, quando dutos subterr\u00e2neos da Petrobras espalharam 700 mil litros de gasolina nos arredores em Cubat\u00e3o (SP). Ap\u00f3s o vazamento, um inc\u00eandio destruiu parte da favela. Foram contabilizados, oficialmente, 93 mortos.<\/p>\n<p>&nbsp;<\/p>\n<div id=\"attachment_11818\" style=\"width: 300px\" class=\"wp-caption aligncenter\"><a href=\"http:\/\/jornalcontato.com.br\/home\/wp-content\/uploads\/2016\/05\/2.jpg\"><img loading=\"lazy\" decoding=\"async\" aria-describedby=\"caption-attachment-11818\" class=\"size-large wp-image-11818\" title=\"Roberto Alves lembra da luz azulada do c\u00e9sio em sua m\u00e3o. O epis\u00f3dio custou-lhe o bra\u00e7o direito\" src=\"http:\/\/jornalcontato.com.br\/home\/wp-content\/uploads\/2016\/05\/2-300x450.jpg\" alt=\"Roberto Alves lembra da luz azulada do c\u00e9sio em sua m\u00e3o. O epis\u00f3dio custou-lhe o bra\u00e7o direito\" width=\"300\" height=\"450\" srcset=\"https:\/\/jornalcontato.com.br\/home\/wp-content\/uploads\/2016\/05\/2-300x450.jpg 300w, https:\/\/jornalcontato.com.br\/home\/wp-content\/uploads\/2016\/05\/2-200x300.jpg 200w, https:\/\/jornalcontato.com.br\/home\/wp-content\/uploads\/2016\/05\/2.jpg 650w\" sizes=\"auto, (max-width: 300px) 100vw, 300px\" \/><\/a><p id=\"caption-attachment-11818\" class=\"wp-caption-text\">Roberto Alves lembra da luz azulada do c\u00e9sio em sua m\u00e3o. O epis\u00f3dio custou-lhe o bra\u00e7o direito<\/p><\/div>\n<p>&nbsp;<\/p>\n<p>Em 1987, em setembro, um dos mais graves casos de exposi\u00e7\u00e3o \u00e0 radia\u00e7\u00e3o do mundo ocorreu em Goi\u00e2nia (GO), por meio da contamina\u00e7\u00e3o pelo material radioativo C\u00e9sio 137. Na ocasi\u00e3o, dois catadores de lixo arrobaram um aparelho radiol\u00f3gico nos escombros de um antigo hospital e encontraram um p\u00f3 branco que emitia luminosidade azul. Os catadores levaram o material radioativo a outros pontos da cidade, contaminando pessoas, \u00e1gua, solo e ar.<\/p>\n<p>No ano 2000, em janeiro, o Ibama aplicou duas multas \u00e0 Petrobras, ap\u00f3s o \u201cVazamento de 1,3 milh\u00e3o de litros de \u00f3leo in natura na Ba\u00eda de Guanabara\u201d, Rio de Janeiro. Um acidente com um navio petroleiro resultou no vazamento. O incidente causou morte da fauna local e poluiu tamb\u00e9m o solo em v\u00e1rios munic\u00edpios, como Mag\u00e9. No mesmo ano em julho, o Ibama aplicou tr\u00eas multas \u00e0 Petrobras, pelo vazamento de quatro milh\u00f5es de litros \u00f3leo na refinaria Presidente Get\u00falio Vargas, em Arauc\u00e1ria (PR).<\/p>\n<p>&nbsp;<\/p>\n<div id=\"attachment_11819\" style=\"width: 450px\" class=\"wp-caption aligncenter\"><a href=\"http:\/\/jornalcontato.com.br\/home\/wp-content\/uploads\/2016\/05\/3.jpg\"><img loading=\"lazy\" decoding=\"async\" aria-describedby=\"caption-attachment-11819\" class=\"size-large wp-image-11819\" title=\"\u00d3leo da Chevron na Bacia de Campos\" src=\"http:\/\/jornalcontato.com.br\/home\/wp-content\/uploads\/2016\/05\/3-450x299.jpg\" alt=\"\u00d3leo da Chevron na Bacia de Campos\" width=\"450\" height=\"299\" srcset=\"https:\/\/jornalcontato.com.br\/home\/wp-content\/uploads\/2016\/05\/3-450x299.jpg 450w, https:\/\/jornalcontato.com.br\/home\/wp-content\/uploads\/2016\/05\/3-300x199.jpg 300w, https:\/\/jornalcontato.com.br\/home\/wp-content\/uploads\/2016\/05\/3.jpg 650w\" sizes=\"auto, (max-width: 450px) 100vw, 450px\" \/><\/a><p id=\"caption-attachment-11819\" class=\"wp-caption-text\">\u00d3leo da Chevron na Bacia de Campos<\/p><\/div>\n<p>&nbsp;<\/p>\n<p>Em mar\u00e7o de 2003, ocorreu o rompimento de barragem de celulose na regi\u00e3o de Cataguases MG, com vazamento de 520 mil m\u00b3 de rejeitos compostos por res\u00edduos org\u00e2nicos e soda c\u00e1ustica. Os res\u00edduos atingiram os rios Pomba e Para\u00edba do Sul, originando preju\u00edzos ao ecossistema e \u00e0 popula\u00e7\u00e3o ribeirinha, que teve o abastecimento de \u00e1gua interrompido. O incidente tamb\u00e9m afetou \u00e1reas do Estado do Rio de Janeiro. J\u00e1 em 2007 deu-se o rompimento de barragem de minera\u00e7\u00e3o na regi\u00e3o de Mira\u00ed MG, com vazamento de 2.280.000 m\u00b3 de \u00e1gua e argila.<\/p>\n<p>Em novembro de 2011, houve o vazamento de uma grande quantidade de \u00f3leo da Chevron na Bacia de Campos, no Rio de Janeiro RJ, com vazamento de 3,7 mil barris de \u00f3leo no Campo de Frade. Estima-se que a mancha provocada pelo vazamento no mar tenha chegado a 162 km\u00b2, o equivalente a metade da Ba\u00eda de Guanabara. A empresa americana Chevron, respons\u00e1vel pela perfura\u00e7\u00e3o do po\u00e7o que vazou, foi condenada a pagar uma indeniza\u00e7\u00e3o de R$ 95 milh\u00f5es ao governo brasileiro para compensar os danos ambientais causados.<\/p>\n<p>As chuvas da regi\u00e3o serrana do Rio de Janeiro em janeiro de 2011, causaram cerca de mil mortes. O recente problema de Mariana em Minas nos alarma e causa indigna\u00e7\u00e3o.<\/p>\n<p>Frente a tudo isto, resta perguntar: e n\u00f3s, o que fazemos pelo meio ambiente?<\/p>\n","protected":false},"excerpt":{"rendered":"<p>Jos\u00e9 Carlos Sebe Bom Meihy &nbsp; Recentemente, muito se tem falado sobre temas afeitos ao meio ambiente, problemas ecol\u00f3gicos, rela\u00e7\u00e3o desenvolvimento x sustentabilidade. Frente a &#8230;<\/p>\n","protected":false},"author":1,"featured_media":11817,"comment_status":"open","ping_status":"open","sticky":false,"template":"","format":"standard","meta":{"footnotes":""},"categories":[31,36],"tags":[],"class_list":["post-11816","post","type-post","status-publish","format-standard","has-post-thumbnail","hentry","category-colunas","category-lazer-e-cultura"],"_links":{"self":[{"href":"https:\/\/www.jornalcontato.com.br\/home\/index.php\/wp-json\/wp\/v2\/posts\/11816","targetHints":{"allow":["GET"]}}],"collection":[{"href":"https:\/\/www.jornalcontato.com.br\/home\/index.php\/wp-json\/wp\/v2\/posts"}],"about":[{"href":"https:\/\/www.jornalcontato.com.br\/home\/index.php\/wp-json\/wp\/v2\/types\/post"}],"author":[{"embeddable":true,"href":"https:\/\/www.jornalcontato.com.br\/home\/index.php\/wp-json\/wp\/v2\/users\/1"}],"replies":[{"embeddable":true,"href":"https:\/\/www.jornalcontato.com.br\/home\/index.php\/wp-json\/wp\/v2\/comments?post=11816"}],"version-history":[{"count":1,"href":"https:\/\/www.jornalcontato.com.br\/home\/index.php\/wp-json\/wp\/v2\/posts\/11816\/revisions"}],"predecessor-version":[{"id":11820,"href":"https:\/\/www.jornalcontato.com.br\/home\/index.php\/wp-json\/wp\/v2\/posts\/11816\/revisions\/11820"}],"wp:featuredmedia":[{"embeddable":true,"href":"https:\/\/www.jornalcontato.com.br\/home\/index.php\/wp-json\/wp\/v2\/media\/11817"}],"wp:attachment":[{"href":"https:\/\/www.jornalcontato.com.br\/home\/index.php\/wp-json\/wp\/v2\/media?parent=11816"}],"wp:term":[{"taxonomy":"category","embeddable":true,"href":"https:\/\/www.jornalcontato.com.br\/home\/index.php\/wp-json\/wp\/v2\/categories?post=11816"},{"taxonomy":"post_tag","embeddable":true,"href":"https:\/\/www.jornalcontato.com.br\/home\/index.php\/wp-json\/wp\/v2\/tags?post=11816"}],"curies":[{"name":"wp","href":"https:\/\/api.w.org\/{rel}","templated":true}]}}