{"id":11809,"date":"2016-05-20T10:00:09","date_gmt":"2016-05-20T13:00:09","guid":{"rendered":"http:\/\/jornalcontato.com.br\/home\/?p=11809"},"modified":"2016-05-22T11:43:05","modified_gmt":"2016-05-22T14:43:05","slug":"aquiles-simplesmente-genial","status":"publish","type":"post","link":"https:\/\/www.jornalcontato.com.br\/home\/index.php\/aquiles-simplesmente-genial\/","title":{"rendered":"Aquiles: Simplesmente genial"},"content":{"rendered":"<p>Ouvindo <em>Donato El\u00e9trico<\/em> (Selo SESC SP), o novo CD de Jo\u00e3o Donato, vem \u00e0 cabe\u00e7a a quest\u00e3o: a m\u00fasica de Jo\u00e3o Donato \u00e9 simples porque \u00e9 genial? Ou \u00e9 genial porque \u00e9 simples? Ora, um sujeito que tem a generosa capacidade de, mesmo produzindo obras sofisticadas, fazer com que soem simples, \u00e9 simplesmente genial.<!--more--><\/p>\n<p>Donato \u00e9 feito o p\u00e1ssaro que voa para melhor enxergar seu ninho. O mundo sabe que Jo\u00e3o Donato <em>\u00e9<\/em> a m\u00fasica. Dentro dela, os dois vivem das harmonias. Uma rela\u00e7\u00e3o de confian\u00e7a que s\u00f3 faz crescer, porque um entende o ritmo do outro. Dias e mais dias em que n\u00e3o h\u00e1 por que discutirem a rela\u00e7\u00e3o, pois t\u00eam certeza de que s\u00e3o un\u00edssonos. E se, por acaso, acontece de pintar uma pulada de cerca, o outro pula tamb\u00e9m; e assim, pululando, seguem sincopando a vida.<\/p>\n<p>Donato \u00e9 um menino de 81 anos \u2013 um mo\u00e7o que faz o s\u00e9rio dar risada; um garoto que quebra a sisudez.<\/p>\n<p>Para gravar <em>Donato El\u00e9trico<\/em>, que teve Jo\u00e3o Evangelista como produtor, Donato trouxe para perto de si alguns jovens m\u00fasicos que o veem como um mestre. E todos entraram no est\u00fadio com a miss\u00e3o de criar m\u00fasicas. Partindo de levadas e <em>grooves <\/em>\u201cdonatianos\u201d, os temas instrumentais<em> <\/em>pululavam. Cercado de muitos teclados, Jo\u00e3o est\u00e1 mais feliz que macaco quando v\u00ea banana. Foi esta felicidade, alma g\u00eamea da criatividade, que embalou os ensaios e a posterior grava\u00e7\u00e3o dos dez temas criados ao sabor da irrever\u00eancia.<\/p>\n<p>&nbsp;<\/p>\n<div id=\"attachment_11811\" style=\"width: 450px\" class=\"wp-caption aligncenter\"><a href=\"http:\/\/jornalcontato.com.br\/home\/wp-content\/uploads\/2016\/05\/Donato-Eletrico-capa.jpg\"><img loading=\"lazy\" decoding=\"async\" aria-describedby=\"caption-attachment-11811\" class=\"size-large wp-image-11811\" title=\"Donato El\u00e9trico\" src=\"http:\/\/jornalcontato.com.br\/home\/wp-content\/uploads\/2016\/05\/Donato-Eletrico-capa-450x450.jpg\" alt=\"Donato El\u00e9trico\" width=\"450\" height=\"450\" srcset=\"https:\/\/jornalcontato.com.br\/home\/wp-content\/uploads\/2016\/05\/Donato-Eletrico-capa-450x450.jpg 450w, https:\/\/jornalcontato.com.br\/home\/wp-content\/uploads\/2016\/05\/Donato-Eletrico-capa-150x150.jpg 150w, https:\/\/jornalcontato.com.br\/home\/wp-content\/uploads\/2016\/05\/Donato-Eletrico-capa-300x300.jpg 300w, https:\/\/jornalcontato.com.br\/home\/wp-content\/uploads\/2016\/05\/Donato-Eletrico-capa.jpg 650w\" sizes=\"auto, (max-width: 450px) 100vw, 450px\" \/><\/a><p id=\"caption-attachment-11811\" class=\"wp-caption-text\">Donato El\u00e9trico<\/p><\/div>\n<p>&nbsp;<\/p>\n<p>Jo\u00e3o Donato n\u00e3o tem medo de m\u00fasica \u2013 tem medo, isso sim, de encar\u00e1-la como um aborrecido compromisso. Brincando com a m\u00fasica, divertindo-se com ela, um solo de bateria abre o CD com \u201cHere\u2019s JD\u201d (Jo\u00e3o Donato). De cara salta aos olhos que o que tocam n\u00e3o \u00e9 apenas m\u00fasica, mas sim m\u00fasica de Jo\u00e3o Donato, que faz mis\u00e9rias com seu Fender. Seguem-se os improvisos. A\u00ed desponta a guitarra e, entre os sopros (cujo arranjo \u00e9 de JD), o sax bar\u00edtono. \u00c9 quando sacamos que o mestre, reinando absoluto, seduziu seus pupilos. E todos pulsam na cad\u00eancia jovial do menino Jo\u00e3o.<\/p>\n<p>L\u00e1 v\u00e3o eles em l\u00fadicas sequ\u00eancias de cad\u00eancias e sonoridades, buscando alcan\u00e7ar o som \u201csimples\u201d j\u00e1 patenteado por Jo\u00e3o Donato \u2013 o rei do improviso e dos desenhos r\u00edtmicos e mel\u00f3dicos. Suas m\u00e3os saltitam pelas teclas, que lhes v\u00eam \u00e0s m\u00e3os&#8230; simplesmente m\u00fasica de Jo\u00e3o Donato.<\/p>\n<p>Com arranjo de sopros de Anderson Quevedo, \u201cCombust\u00e3o Espont\u00e2nea\u201d (JD) possui um t\u00edtulo que parece resumir o clima que rolou no est\u00fadio: era s\u00f3 JD apresentar um tema que o milagre da espontaneidade pintava. Quebrando o senso r\u00edtmico comum, Donato, municiado novamente pelo Fender, mais o Pro-One e o Fartisa, promove um arrast\u00e3o sonoro. A sonoridade dos teclados, dos saxes tenor e bar\u00edtono, das flautas e do trombone, embalados pela bateria e pelo baixo, cria uma concep\u00e7\u00e3o musical irresist\u00edvel.<\/p>\n<p>Da\u00ed deduz-se que Jo\u00e3o Donato brinca criando. \u00c9 como se primeiro ele inventasse as c\u00e9lulas mel\u00f3dicas e depois as cantarolasse sobre harmonias aparentemente simples. O resultado n\u00e3o \u00e9 uma m\u00fasica qualquer, mas, sim, m\u00fasica de Jo\u00e3o Donato.<\/p>\n<p><em><strong>Aquiles Rique Reis<\/strong>, m\u00fasico e vocalista do MPB4<\/em><\/p>\n<p><strong>PS<\/strong>. Embora tristes, saudamos sua eterna presen\u00e7a em nossos cora\u00e7\u00f5es, Cauby. O Brasil sentir\u00e1 sua falta. Descanse em paz.<\/p>\n<p>&nbsp;<\/p>\n<div id=\"attachment_11812\" style=\"width: 450px\" class=\"wp-caption aligncenter\"><a href=\"http:\/\/jornalcontato.com.br\/home\/wp-content\/uploads\/2016\/05\/CaubyPeixoto-OK.jpg\"><img loading=\"lazy\" decoding=\"async\" aria-describedby=\"caption-attachment-11812\" class=\"size-large wp-image-11812\" title=\"Cauby Peixoto (1931-2016)\" src=\"http:\/\/jornalcontato.com.br\/home\/wp-content\/uploads\/2016\/05\/CaubyPeixoto-OK-450x300.jpg\" alt=\"Cauby Peixoto (1931-2016)\" width=\"450\" height=\"300\" srcset=\"https:\/\/jornalcontato.com.br\/home\/wp-content\/uploads\/2016\/05\/CaubyPeixoto-OK-450x300.jpg 450w, https:\/\/jornalcontato.com.br\/home\/wp-content\/uploads\/2016\/05\/CaubyPeixoto-OK-300x200.jpg 300w, https:\/\/jornalcontato.com.br\/home\/wp-content\/uploads\/2016\/05\/CaubyPeixoto-OK.jpg 650w\" sizes=\"auto, (max-width: 450px) 100vw, 450px\" \/><\/a><p id=\"caption-attachment-11812\" class=\"wp-caption-text\">Cauby Peixoto (1931-2016)<\/p><\/div>\n","protected":false},"excerpt":{"rendered":"<p>Ouvindo Donato El\u00e9trico (Selo SESC SP), o novo CD de Jo\u00e3o Donato, vem \u00e0 cabe\u00e7a a quest\u00e3o: a m\u00fasica de Jo\u00e3o Donato \u00e9 simples porque &#8230;<\/p>\n","protected":false},"author":1,"featured_media":11810,"comment_status":"open","ping_status":"open","sticky":false,"template":"","format":"standard","meta":{"footnotes":""},"categories":[32,31],"tags":[],"class_list":["post-11809","post","type-post","status-publish","format-standard","has-post-thumbnail","hentry","category-coluna-do-aquiles","category-colunas"],"_links":{"self":[{"href":"https:\/\/www.jornalcontato.com.br\/home\/index.php\/wp-json\/wp\/v2\/posts\/11809","targetHints":{"allow":["GET"]}}],"collection":[{"href":"https:\/\/www.jornalcontato.com.br\/home\/index.php\/wp-json\/wp\/v2\/posts"}],"about":[{"href":"https:\/\/www.jornalcontato.com.br\/home\/index.php\/wp-json\/wp\/v2\/types\/post"}],"author":[{"embeddable":true,"href":"https:\/\/www.jornalcontato.com.br\/home\/index.php\/wp-json\/wp\/v2\/users\/1"}],"replies":[{"embeddable":true,"href":"https:\/\/www.jornalcontato.com.br\/home\/index.php\/wp-json\/wp\/v2\/comments?post=11809"}],"version-history":[{"count":3,"href":"https:\/\/www.jornalcontato.com.br\/home\/index.php\/wp-json\/wp\/v2\/posts\/11809\/revisions"}],"predecessor-version":[{"id":11814,"href":"https:\/\/www.jornalcontato.com.br\/home\/index.php\/wp-json\/wp\/v2\/posts\/11809\/revisions\/11814"}],"wp:featuredmedia":[{"embeddable":true,"href":"https:\/\/www.jornalcontato.com.br\/home\/index.php\/wp-json\/wp\/v2\/media\/11810"}],"wp:attachment":[{"href":"https:\/\/www.jornalcontato.com.br\/home\/index.php\/wp-json\/wp\/v2\/media?parent=11809"}],"wp:term":[{"taxonomy":"category","embeddable":true,"href":"https:\/\/www.jornalcontato.com.br\/home\/index.php\/wp-json\/wp\/v2\/categories?post=11809"},{"taxonomy":"post_tag","embeddable":true,"href":"https:\/\/www.jornalcontato.com.br\/home\/index.php\/wp-json\/wp\/v2\/tags?post=11809"}],"curies":[{"name":"wp","href":"https:\/\/api.w.org\/{rel}","templated":true}]}}