{"id":11803,"date":"2016-05-19T16:37:48","date_gmt":"2016-05-19T19:37:48","guid":{"rendered":"http:\/\/jornalcontato.com.br\/home\/?p=11803"},"modified":"2016-05-19T16:39:27","modified_gmt":"2016-05-19T19:39:27","slug":"paulo-pretorides-again","status":"publish","type":"post","link":"https:\/\/www.jornalcontato.com.br\/home\/index.php\/paulo-pretorides-again\/","title":{"rendered":"Paulo \u201cPreto\u201d rides again"},"content":{"rendered":"<p>O Minist\u00e9rio P\u00fablico denunciou o engenheiro taubateano e ex-diretor da Dersa Paulo Vieira de Souza, conhecido como Paulo Preto, que trabalhou na empresa DERSA durante o governo Jos\u00e9 Serra (PSDB). Segundo o promotor C\u00e1ssio Conserino, Paulo \u201cPreto\u201d teria montado um esquema de desvio de recursos no programa de desapropria\u00e7\u00e3o para as obras do trecho sul do Rodoanel.<!--more--><\/p>\n<p>O ex-diretor da Dersa, conhecido na terra de Lobato como Zezo, teria inclu\u00eddo ilegalmente seis pessoas no cadastro de fam\u00edlias atingidas pela obra, entre elas as ex-empregadas dom\u00e9sticas da filha e da mulher, al\u00e9m de babas dos netos e uma secret\u00e1ria do genro. Nenhuma delas morava no tra\u00e7ado das obras do Rodoanel, segundo M\u00e9rcia Ferreira Gomes, que era respons\u00e1vel pelo cadastro dos benefici\u00e1rios.<\/p>\n<p>O promotor pede ao juiz que seja homologado como dela\u00e7\u00e3o premiada o depoimento de M\u00e9rcia onde afirma que foi Paulo Souza quem indicou as pessoas que deveriam receber as casas e o dinheiro como indeniza\u00e7\u00e3o pela desapropria\u00e7\u00e3o. A Justi\u00e7a ainda n\u00e3o aceitou a den\u00fancia sobre os supostos desvios.<\/p>\n<p>Segundo o portal G1, o PSDB de S\u00e3o Paulo informou que apoia as investiga\u00e7\u00f5es e espera que, se for comprovada a culpa, os respons\u00e1veis sejam punidos. Os rep\u00f3rteres do portal afirmam que procuraram o Minist\u00e9rio das Rela\u00e7\u00f5es Exteriores para poss\u00edvel manifesta\u00e7\u00e3o de Jos\u00e9 Serra, atual titular da pasta, e que aguarda poss\u00edvel manifesta\u00e7\u00e3o.<\/p>\n<p>&nbsp;<\/p>\n<p><strong>Paulo \u201cPreto\u201d depois na CPI do Cachoeira em 2012<\/strong><\/p>\n<p>O jornalista Luiz Carlos Azenha registrou no site Vi o Mundo como o ex-diretor da Dersa Paulo Vieira de Souza, em depoimento \u00e0 CPMI do Cachoeira, se referiu \u00e0queles que supostamente o teriam tra\u00eddo:<\/p>\n<p>\u201cEu pedi a Deus para ser convocado para essa CPI. Porque os incompetentes devem continuar com medo de mim. Aqui estou. Essa frase \u00e9 para todos que foram ingratos. Eu fui demitido oito dias ap\u00f3s entregar uma das maiores obras desse pa\u00eds [o trecho sul do Rodoanel]\u201d.<\/p>\n<p>Mais tarde, nomeou o que diz terem sido seus detratores: revistas Isto\u00c9, Carta Capital e \u00c9poca, Celso Russomano, Paulo Henrique Amorim, a delegada de pol\u00edcia Nilze Scapulatiello e os tucanos ou ex-tucanos Evandro Losacco, Eduardo Jorge e Paulo Venceslau (agora no jornal Contato).<\/p>\n<p>O tucano de mais alto escal\u00e3o citado por ele:<\/p>\n<p>\u201cO (Jos\u00e9) An\u00edbal (ex-l\u00edder do PSDB na C\u00e2mara) disse que eu fugi\u2026 Nunca sai de S\u00e3o Paulo. Ele tamb\u00e9m se referiu \u00e0 \u201calta plumagem, que eu sei onde est\u00e1, mas n\u00e3o aparece aqui. Eu estou aqui\u201d.<\/p>\n<p>O ex-diretor da Dersa negou as acusa\u00e7\u00f5es de que tenha dado sumi\u00e7o em R$ 4 milh\u00f5es arrecadados para a campanha presidencial de Jos\u00e9 Serra em 2010: \u201cPessoas que nunca me viram, nunca me cumprimentaram, colocaram essa mat\u00e9ria\u201d.<\/p>\n<p>O ex-diretor da Dersa disse que move 16 processos:\u201cMinha luta s\u00f3 termina quando acaba, e n\u00e3o vai ser pouco n\u00e3o tem acordo comigo. J\u00e1 mandei eles assistirem ao (filme) Gladiador\u201d.<\/p>\n<p>Sobre os 4 milh\u00f5es, que nega ter arrecadado:\u00a0 \u201cPor que \u00e9 4? Por que n\u00e3o \u00e9 8? Por que n\u00e3o \u00e9 500?\u201d<\/p>\n<p>Nos anos 90, Paulo Vieira de Souza ajudou no processo de privatiza\u00e7\u00e3o das telef\u00f4nicas e trabalhou na Casa Civil do governo Fernando Henrique Cardoso. Ele foi demitido pelo ex-governador Alberto Goldman, que assumiu quando Jos\u00e9 Serra se afastou do governo estadual para concorrer ao Planalto.<\/p>\n<p>&nbsp;<\/p>\n<div id=\"attachment_11804\" style=\"width: 450px\" class=\"wp-caption aligncenter\"><a href=\"http:\/\/jornalcontato.com.br\/home\/wp-content\/uploads\/2016\/05\/201208291301_20120829_009AM_DA1.jpg\"><img loading=\"lazy\" decoding=\"async\" aria-describedby=\"caption-attachment-11804\" class=\"size-large wp-image-11804\" title=\"Paulo Preto depondo na CPI do Cachoeira\" src=\"http:\/\/jornalcontato.com.br\/home\/wp-content\/uploads\/2016\/05\/201208291301_20120829_009AM_DA1-450x295.jpg\" alt=\"Paulo Preto depondo na CPI do Cachoeira\" width=\"450\" height=\"295\" srcset=\"https:\/\/jornalcontato.com.br\/home\/wp-content\/uploads\/2016\/05\/201208291301_20120829_009AM_DA1-450x295.jpg 450w, https:\/\/jornalcontato.com.br\/home\/wp-content\/uploads\/2016\/05\/201208291301_20120829_009AM_DA1-300x197.jpg 300w, https:\/\/jornalcontato.com.br\/home\/wp-content\/uploads\/2016\/05\/201208291301_20120829_009AM_DA1.jpg 650w\" sizes=\"auto, (max-width: 450px) 100vw, 450px\" \/><\/a><p id=\"caption-attachment-11804\" class=\"wp-caption-text\">Paulo Preto depondo na CPI do Cachoeira. Fotos: Ag. Brasil<\/p><\/div>\n<p>&nbsp;<\/p>\n<p><strong>Velho conhecido de CONTATO<\/strong><\/p>\n<p>Ex-diretor de engenharia da Dersa, Paulo Vieira de Souza, \u00e9 conhecido no Brasil como Paulo Preto. Mas na terra de Lobato ele \u00e9 o Zezo. Em 29 agosto de 2012, ele prestou depoimento na Comiss\u00e3o Parlamentar Mista de Investiga\u00e7\u00e3o (CPMI) no caso do bicheiro Carlinhos Cachoeira. Na ocasi\u00e3o, Zezo listou seus \u201cdetratores\u201d. Entre os nomes citados, est\u00e1 o do diretor de reda\u00e7\u00e3o do Jornal CONTATO, Paulo de Tarso Venceslau, conforme CONTATO registrou na ocasi\u00e3o.<\/p>\n<p>Confira os \u201cdetratores\u201d de Paulo \u201cPreto\u201d, segundo o pr\u00f3prio:<\/p>\n<p>&#8211; As revistas \u00c9poca, Isto\u00c9 e Carta Capital, que publicaram diversas reportagens contra ele;<\/p>\n<p>&#8211; O ex-ministro do Governo FHC e vice-presidente do PSDB, Eduardo Jorge, que teria dito \u00e0 imprensa que Paulo Preto tinha arrecadado R$ 4 milh\u00f5es com empres\u00e1rios para a campanha de Jos\u00e9 Serra \u00e0 Presid\u00eancia em 2010 e teria desaparecido com o dinheiro;<\/p>\n<p>&#8211; O ex-secret\u00e1rio-geral do PSDB Evandro Losacco, pela mesma raz\u00e3o;<\/p>\n<p>&#8211; A delegada Nilze Baptista Scapulatiello, que o prendeu em 2010 sob acusa\u00e7\u00e3o de portar uma joia roubada;<\/p>\n<p>&#8211; O ex-deputado Celso Russomano, ent\u00e3o pr\u00e9-candidato ao governo paulista pelo PP, que testemunhou a pris\u00e3o e disse que ele levava dinheiro nas meias;<\/p>\n<p>&#8211; O jornalista Paulo de Tarso Venceslau, dono do jornal Contato, que publicou mat\u00e9rias contra ele;<\/p>\n<p>&#8211; O jornalista Paulo Henrique Amorim, editor do blog Conversa Afiada (\u201cou conversa fiada, d\u00e1 na mesma\u201d, segundo Zezo).<\/p>\n","protected":false},"excerpt":{"rendered":"<p>O Minist\u00e9rio P\u00fablico denunciou o engenheiro taubateano e ex-diretor da Dersa Paulo Vieira de Souza, conhecido como Paulo Preto, que trabalhou na empresa DERSA durante &#8230;<\/p>\n","protected":false},"author":1,"featured_media":11805,"comment_status":"open","ping_status":"open","sticky":false,"template":"","format":"standard","meta":{"footnotes":""},"categories":[1,29,7],"tags":[],"class_list":["post-11803","post","type-post","status-publish","format-standard","has-post-thumbnail","hentry","category-nacional","category-regional","category-reportagem"],"_links":{"self":[{"href":"https:\/\/www.jornalcontato.com.br\/home\/index.php\/wp-json\/wp\/v2\/posts\/11803","targetHints":{"allow":["GET"]}}],"collection":[{"href":"https:\/\/www.jornalcontato.com.br\/home\/index.php\/wp-json\/wp\/v2\/posts"}],"about":[{"href":"https:\/\/www.jornalcontato.com.br\/home\/index.php\/wp-json\/wp\/v2\/types\/post"}],"author":[{"embeddable":true,"href":"https:\/\/www.jornalcontato.com.br\/home\/index.php\/wp-json\/wp\/v2\/users\/1"}],"replies":[{"embeddable":true,"href":"https:\/\/www.jornalcontato.com.br\/home\/index.php\/wp-json\/wp\/v2\/comments?post=11803"}],"version-history":[{"count":3,"href":"https:\/\/www.jornalcontato.com.br\/home\/index.php\/wp-json\/wp\/v2\/posts\/11803\/revisions"}],"predecessor-version":[{"id":11807,"href":"https:\/\/www.jornalcontato.com.br\/home\/index.php\/wp-json\/wp\/v2\/posts\/11803\/revisions\/11807"}],"wp:featuredmedia":[{"embeddable":true,"href":"https:\/\/www.jornalcontato.com.br\/home\/index.php\/wp-json\/wp\/v2\/media\/11805"}],"wp:attachment":[{"href":"https:\/\/www.jornalcontato.com.br\/home\/index.php\/wp-json\/wp\/v2\/media?parent=11803"}],"wp:term":[{"taxonomy":"category","embeddable":true,"href":"https:\/\/www.jornalcontato.com.br\/home\/index.php\/wp-json\/wp\/v2\/categories?post=11803"},{"taxonomy":"post_tag","embeddable":true,"href":"https:\/\/www.jornalcontato.com.br\/home\/index.php\/wp-json\/wp\/v2\/tags?post=11803"}],"curies":[{"name":"wp","href":"https:\/\/api.w.org\/{rel}","templated":true}]}}