{"id":11745,"date":"2016-05-15T18:33:16","date_gmt":"2016-05-15T21:33:16","guid":{"rendered":"http:\/\/jornalcontato.com.br\/home\/?p=11745"},"modified":"2016-05-17T10:45:54","modified_gmt":"2016-05-17T13:45:54","slug":"a-sutileza-musical-de-ze-modesto-por-aquiles-reis-do-mpb4","status":"publish","type":"post","link":"https:\/\/www.jornalcontato.com.br\/home\/index.php\/a-sutileza-musical-de-ze-modesto-por-aquiles-reis-do-mpb4\/","title":{"rendered":"A sutileza musical de Z\u00e9 Modesto, por Aquiles Reis do MPB4"},"content":{"rendered":"<p>O compositor e violonista paulistano Z\u00e9 Modesto lan\u00e7ou <em>Ao P\u00e9 do Ouvido<\/em> (independente), seu terceiro CD. O repert\u00f3rio, dividido em catorze faixas, tem dezesseis can\u00e7\u00f5es \u2013 dez s\u00f3 dele e seis com parceiros diversos \u2013 e tr\u00eas vinhetas, duas de Z\u00e9 Modesto e uma de dom\u00ednio p\u00fablico.<!--more--><\/p>\n<p>Para gravar, ele concebeu e dirigiu todo o trabalho art\u00edstico, que incluiu convidar para participar da festa, dentre outros, M\u00f4nica Salmaso (ela n\u00e3o canta, flutua branda e docemente por entre as palavras); Rubi (desde sempre seu timbre de voz me cativou); S\u00e9rgio Santos (\u00eata mineirinho que canta bem, s\u00f4); Toninho Ferragutti (sua sanfona tem personalidade, da\u00ed sua for\u00e7a); Ivan Vilela (violeiro porreta, inventor de causos e cantador de moda); Teco Cardoso (flautas supimpas); Nailor Proveta (o sopro de seu sax \u00e9 garantia de bom som) e Talita del Collado (eu j\u00e1 conhecia sua bela e delicada voz desde <em>Xil\u00f3<\/em>, o segundo trabalho de Z\u00e9 Modesto).<\/p>\n<p>Tudo nas orquestra\u00e7\u00f5es \u00e9 sutileza, nada \u00e9 excessivo: Webster Santos criou o arranjo de \u201cCanavial\u201d, de Z\u00e9 Modesto, com destaque para a sanfona de Toninho Ferraguti e cantado lindamente por Rubi. Ivan Vilela arranjou \u201cDe Vera\u201d (ZM), que tem um belo duo da sua viola com a viola de arco de F\u00e1bio Tagliaferri. Z\u00e9 Modesto, M\u00e1rio Gil e as Caixeiras do Divino da Fam\u00edlia Menezes criaram um lindo arranjo para duas m\u00fasicas ligadas, \u201cCatarina\u201d, de Gero Camilo, e \u201cBen\u00e7a M\u00e3e\u201d, de Z\u00e9 Modesto \u2013 interpretadas pelas vozes diferen\u00e7adas das Caixeiras, \u00e9 um dos mais belos momentos do CD.<\/p>\n<p>&nbsp;<\/p>\n<div id=\"attachment_11794\" style=\"width: 450px\" class=\"wp-caption aligncenter\"><a href=\"http:\/\/jornalcontato.com.br\/home\/wp-content\/uploads\/2016\/05\/aopedoouvido-capa.jpg\"><img loading=\"lazy\" decoding=\"async\" aria-describedby=\"caption-attachment-11794\" class=\"size-large wp-image-11794\" title=\"Capa do alb\u00fam Ao p\u00e9 do ouvido por Z\u00e9 Modesto\" src=\"http:\/\/jornalcontato.com.br\/home\/wp-content\/uploads\/2016\/05\/aopedoouvido-capa-450x393.jpg\" alt=\"Capa do alb\u00fam Ao p\u00e9 do ouvido por Z\u00e9 Modesto\" width=\"450\" height=\"393\" srcset=\"https:\/\/jornalcontato.com.br\/home\/wp-content\/uploads\/2016\/05\/aopedoouvido-capa-450x393.jpg 450w, https:\/\/jornalcontato.com.br\/home\/wp-content\/uploads\/2016\/05\/aopedoouvido-capa-300x262.jpg 300w, https:\/\/jornalcontato.com.br\/home\/wp-content\/uploads\/2016\/05\/aopedoouvido-capa.jpg 650w\" sizes=\"auto, (max-width: 450px) 100vw, 450px\" \/><\/a><p id=\"caption-attachment-11794\" class=\"wp-caption-text\">Capa do alb\u00fam &#8220;Ao p\u00e9 do ouvido&#8221; de Z\u00e9 Modesto<\/p><\/div>\n<p>&nbsp;<\/p>\n<div id=\"attachment_11795\" style=\"width: 450px\" class=\"wp-caption aligncenter\"><a href=\"http:\/\/jornalcontato.com.br\/home\/wp-content\/uploads\/2016\/05\/APO-CONTRACAPA.png\"><img loading=\"lazy\" decoding=\"async\" aria-describedby=\"caption-attachment-11795\" class=\"size-large wp-image-11795\" title=\"Contracapa do alb\u00fam &quot;Ao p\u00e9 do ouvido&quot; de Z\u00e9 Modesto\" src=\"http:\/\/jornalcontato.com.br\/home\/wp-content\/uploads\/2016\/05\/APO-CONTRACAPA-450x424.png\" alt=\"Contracapa do alb\u00fam &quot;Ao p\u00e9 do ouvido&quot; de Z\u00e9 Modesto\" width=\"450\" height=\"424\" srcset=\"https:\/\/jornalcontato.com.br\/home\/wp-content\/uploads\/2016\/05\/APO-CONTRACAPA-450x424.png 450w, https:\/\/jornalcontato.com.br\/home\/wp-content\/uploads\/2016\/05\/APO-CONTRACAPA-300x282.png 300w, https:\/\/jornalcontato.com.br\/home\/wp-content\/uploads\/2016\/05\/APO-CONTRACAPA.png 650w\" sizes=\"auto, (max-width: 450px) 100vw, 450px\" \/><\/a><p id=\"caption-attachment-11795\" class=\"wp-caption-text\">Contracapa do \u00e1lbum &#8220;Ao p\u00e9 do ouvido&#8221; de Z\u00e9 Modesto<\/p><\/div>\n<p>&nbsp;<\/p>\n<p>Em <em>Ao P\u00e9 do Ouvido<\/em>, tal como em <em>Xil\u00f3<\/em>, os versos transam com as melodias e com os ritmos, parindo um som impregnado de simplicidade nas can\u00e7\u00f5es e arranjos intensamente brasileiros. \u00c9 um \u00e1lbum que gira leve, como leve s\u00e3o as cantorias ao p\u00e9 do fog\u00e3o a lenha, quando os causos e as modas fluem entre um trago e outro.<\/p>\n<p>Outra qualidade do disco anterior, repetida neste de agora, \u00e9 o encadeamento bem elaborado do repert\u00f3rio. Mais parece que as m\u00fasicas formam uma \u00fanica e indivis\u00edvel su\u00edte, gra\u00e7as \u00e0 sua sequ\u00eancia \u2013 quando o depois tem sempre a ver com o antes, quando o passado revive no presente e quando a m\u00fasica nos d\u00e1 chance de embarcarmos numa nave repleta de brasilidades. Tamb\u00e9m como no segundo, este terceiro \u00e1lbum nos ati\u00e7a a busca pela reflex\u00e3o.<\/p>\n<p><em>Ao P\u00e9 do Ouvido <\/em>\u00e9 muito bem cuidado. E introspectivo, pois que Z\u00e9 Modesto d\u00e1 um belo jeito de nos apresentar a brasilidade. CD banhado em sentimentos intensos, ele chega para se tornar refer\u00eancia de uma m\u00fasica que tanto vem do sert\u00e3o quanto da cidade, que tanto \u00e9 forte como \u00e9 singela; tanto \u00e9 do povo, de todos n\u00f3s, quanto \u00e9 do mais solit\u00e1rio dos indiv\u00edduos que habitam nas cidades.<\/p>\n<p>Em 2009 encerrei o meu coment\u00e1rio sobre <em>Xil\u00f3<\/em> enaltecendo sua gra\u00e7a. Apenas trocando os t\u00edtulos, transcrevo-o: \u201cComo a vela que carrega o barco e a brisa que vem e leva tudo ao mar e ao ar, <em>Ao P\u00e9 do Ouvido<\/em> embrenha-se pelo fundo e pela superf\u00edcie. E o canto e a can\u00e7\u00e3o n\u00e3o se fazem de rogados, v\u00e3o.\u201d<\/p>\n<p style=\"text-align: right;\"><strong><em>Aquiles Rique Reis<\/em><\/strong><em>, m\u00fasico e vocalista do MPB4<\/em><\/p>\n","protected":false},"excerpt":{"rendered":"<p>O compositor e violonista paulistano Z\u00e9 Modesto lan\u00e7ou Ao P\u00e9 do Ouvido (independente), seu terceiro CD. O repert\u00f3rio, dividido em catorze faixas, tem dezesseis can\u00e7\u00f5es &#8230;<\/p>\n","protected":false},"author":1,"featured_media":11793,"comment_status":"open","ping_status":"open","sticky":false,"template":"","format":"standard","meta":{"footnotes":""},"categories":[32,31],"tags":[],"class_list":["post-11745","post","type-post","status-publish","format-standard","has-post-thumbnail","hentry","category-coluna-do-aquiles","category-colunas"],"_links":{"self":[{"href":"https:\/\/www.jornalcontato.com.br\/home\/index.php\/wp-json\/wp\/v2\/posts\/11745","targetHints":{"allow":["GET"]}}],"collection":[{"href":"https:\/\/www.jornalcontato.com.br\/home\/index.php\/wp-json\/wp\/v2\/posts"}],"about":[{"href":"https:\/\/www.jornalcontato.com.br\/home\/index.php\/wp-json\/wp\/v2\/types\/post"}],"author":[{"embeddable":true,"href":"https:\/\/www.jornalcontato.com.br\/home\/index.php\/wp-json\/wp\/v2\/users\/1"}],"replies":[{"embeddable":true,"href":"https:\/\/www.jornalcontato.com.br\/home\/index.php\/wp-json\/wp\/v2\/comments?post=11745"}],"version-history":[{"count":5,"href":"https:\/\/www.jornalcontato.com.br\/home\/index.php\/wp-json\/wp\/v2\/posts\/11745\/revisions"}],"predecessor-version":[{"id":11791,"href":"https:\/\/www.jornalcontato.com.br\/home\/index.php\/wp-json\/wp\/v2\/posts\/11745\/revisions\/11791"}],"wp:featuredmedia":[{"embeddable":true,"href":"https:\/\/www.jornalcontato.com.br\/home\/index.php\/wp-json\/wp\/v2\/media\/11793"}],"wp:attachment":[{"href":"https:\/\/www.jornalcontato.com.br\/home\/index.php\/wp-json\/wp\/v2\/media?parent=11745"}],"wp:term":[{"taxonomy":"category","embeddable":true,"href":"https:\/\/www.jornalcontato.com.br\/home\/index.php\/wp-json\/wp\/v2\/categories?post=11745"},{"taxonomy":"post_tag","embeddable":true,"href":"https:\/\/www.jornalcontato.com.br\/home\/index.php\/wp-json\/wp\/v2\/tags?post=11745"}],"curies":[{"name":"wp","href":"https:\/\/api.w.org\/{rel}","templated":true}]}}