{"id":11728,"date":"2016-05-15T18:08:11","date_gmt":"2016-05-15T21:08:11","guid":{"rendered":"http:\/\/jornalcontato.com.br\/home\/?p=11728"},"modified":"2016-05-17T10:37:53","modified_gmt":"2016-05-17T13:37:53","slug":"leitura-de-fim-de-semana-mary-bergamota-registra-o-melhor-da-vida-social-e-cultural-da-terra-de-lobato","status":"publish","type":"post","link":"https:\/\/www.jornalcontato.com.br\/home\/index.php\/leitura-de-fim-de-semana-mary-bergamota-registra-o-melhor-da-vida-social-e-cultural-da-terra-de-lobato\/","title":{"rendered":"Leituras de fim de semana &#8211; Mary Bergamota registra o melhor da vida social e cultural da terra de Lobato"},"content":{"rendered":"<p><!--more--><\/p>\n<p style=\"text-align: center;\"><strong>EST\u00c3O TODOS CONVIDADOS<\/strong><\/p>\n<p><a href=\"http:\/\/jornalcontato.com.br\/home\/wp-content\/uploads\/2016\/05\/08-Tody-reduzida.jpg\"><img loading=\"lazy\" decoding=\"async\" class=\"aligncenter size-large wp-image-11729\" title=\"08 Tody reduzida\" src=\"http:\/\/jornalcontato.com.br\/home\/wp-content\/uploads\/2016\/05\/08-Tody-reduzida-318x450.jpg\" alt=\"\" width=\"318\" height=\"450\" srcset=\"https:\/\/jornalcontato.com.br\/home\/wp-content\/uploads\/2016\/05\/08-Tody-reduzida-318x450.jpg 318w, https:\/\/jornalcontato.com.br\/home\/wp-content\/uploads\/2016\/05\/08-Tody-reduzida-212x300.jpg 212w, https:\/\/jornalcontato.com.br\/home\/wp-content\/uploads\/2016\/05\/08-Tody-reduzida.jpg 425w\" sizes=\"auto, (max-width: 318px) 100vw, 318px\" \/><\/a><\/p>\n<p>Quituteira de mancheia, quem anda fazendo a festa dos amigos de bom gosto \u00e9 <strong>Tody Lima Gouv\u00eaa<\/strong>, que, atendendo a pedidos dos amigos, j\u00e1 est\u00e1 prestes a aceitar encomendas de toda a urbe; sardela, salpic\u00e3o e caponatas at\u00e9 p\u00e3es e bolos sem gl\u00faten atestam o sucesso da \u201cbela, recatada e do lar\u201d&#8230;<\/p>\n<p><a href=\"http:\/\/jornalcontato.com.br\/home\/wp-content\/uploads\/2016\/05\/08-Zuleika-reduzida.jpg\"><img loading=\"lazy\" decoding=\"async\" class=\"aligncenter size-large wp-image-11730\" title=\"08 Zuleika reduzida\" src=\"http:\/\/jornalcontato.com.br\/home\/wp-content\/uploads\/2016\/05\/08-Zuleika-reduzida-450x307.jpg\" alt=\"\" width=\"450\" height=\"307\" srcset=\"https:\/\/jornalcontato.com.br\/home\/wp-content\/uploads\/2016\/05\/08-Zuleika-reduzida-450x307.jpg 450w, https:\/\/jornalcontato.com.br\/home\/wp-content\/uploads\/2016\/05\/08-Zuleika-reduzida-300x205.jpg 300w, https:\/\/jornalcontato.com.br\/home\/wp-content\/uploads\/2016\/05\/08-Zuleika-reduzida.jpg 600w\" sizes=\"auto, (max-width: 450px) 100vw, 450px\" \/><\/a><\/p>\n<p>Representando o Procon de Taubat\u00e9 no 31\u00ba Encontro Estadual de Defesa do Consumidor em S\u00e3o Paulo, a Coordenadora <strong>Zuleika Monteiro Ribeiro<\/strong> faz pausa para almo\u00e7o no concorrido Mercado Municipal.<\/p>\n<p><a href=\"http:\/\/jornalcontato.com.br\/home\/wp-content\/uploads\/2016\/05\/08-Silvana-reduzida.jpg\"><img loading=\"lazy\" decoding=\"async\" class=\"aligncenter size-large wp-image-11731\" title=\"08 Silvana reduzida\" src=\"http:\/\/jornalcontato.com.br\/home\/wp-content\/uploads\/2016\/05\/08-Silvana-reduzida-337x450.jpg\" alt=\"\" width=\"337\" height=\"450\" srcset=\"https:\/\/jornalcontato.com.br\/home\/wp-content\/uploads\/2016\/05\/08-Silvana-reduzida-337x450.jpg 337w, https:\/\/jornalcontato.com.br\/home\/wp-content\/uploads\/2016\/05\/08-Silvana-reduzida-225x300.jpg 225w, https:\/\/jornalcontato.com.br\/home\/wp-content\/uploads\/2016\/05\/08-Silvana-reduzida.jpg 450w\" sizes=\"auto, (max-width: 337px) 100vw, 337px\" \/><\/a><\/p>\n<p><em>Habitu\u00e9e<\/em> do restaurante La Mexicana de Taubat\u00e9, uma animada <strong>Silvana Righi<\/strong> incorpora a alegria e as cores do recanto para botar em dia a prosa apimentada com amigos queridos.<\/p>\n<p><a href=\"http:\/\/jornalcontato.com.br\/home\/wp-content\/uploads\/2016\/05\/08-Mayra-e-Manu-reduzida.jpg\"><img loading=\"lazy\" decoding=\"async\" class=\"aligncenter size-large wp-image-11732\" title=\"08 Mayra e Manu reduzida\" src=\"http:\/\/jornalcontato.com.br\/home\/wp-content\/uploads\/2016\/05\/08-Mayra-e-Manu-reduzida-334x450.jpg\" alt=\"\" width=\"334\" height=\"450\" srcset=\"https:\/\/jornalcontato.com.br\/home\/wp-content\/uploads\/2016\/05\/08-Mayra-e-Manu-reduzida-334x450.jpg 334w, https:\/\/jornalcontato.com.br\/home\/wp-content\/uploads\/2016\/05\/08-Mayra-e-Manu-reduzida-223x300.jpg 223w, https:\/\/jornalcontato.com.br\/home\/wp-content\/uploads\/2016\/05\/08-Mayra-e-Manu-reduzida.jpg 446w\" sizes=\"auto, (max-width: 334px) 100vw, 334px\" \/><\/a><\/p>\n<p>Prestigiando a programa\u00e7\u00e3o do S\u00edtio do Picapau Amarelo, a guapa <strong>Mayra Salles<\/strong> com a pequena <strong>Manu<\/strong> a tiracolo, leva seu mais belo sorriso ao Museu Hist\u00f3rico, Folcl\u00f3rico e Pedag\u00f3gico Monteiro Lobato, em mais um fim de semana de muita festa no reino encantado do escritor.<\/p>\n<p><a href=\"http:\/\/jornalcontato.com.br\/home\/wp-content\/uploads\/2016\/05\/08-Vitor-e-Henrique-reduzida.jpg\"><img loading=\"lazy\" decoding=\"async\" class=\"aligncenter size-large wp-image-11733\" title=\"08 Vitor e Henrique reduzida\" src=\"http:\/\/jornalcontato.com.br\/home\/wp-content\/uploads\/2016\/05\/08-Vitor-e-Henrique-reduzida-450x244.jpg\" alt=\"\" width=\"450\" height=\"244\" srcset=\"https:\/\/jornalcontato.com.br\/home\/wp-content\/uploads\/2016\/05\/08-Vitor-e-Henrique-reduzida-450x244.jpg 450w, https:\/\/jornalcontato.com.br\/home\/wp-content\/uploads\/2016\/05\/08-Vitor-e-Henrique-reduzida-300x163.jpg 300w, https:\/\/jornalcontato.com.br\/home\/wp-content\/uploads\/2016\/05\/08-Vitor-e-Henrique-reduzida.jpg 600w\" sizes=\"auto, (max-width: 450px) 100vw, 450px\" \/><\/a><\/p>\n<p>Em <em>happy hour<\/em>, os acad\u00eamicos de Direito <strong>Vitor Jorge Alves Silva e Henrique Sperduti Rezende<\/strong> matam saudade e trocam figurinhas no mundo real e no mundo virtual.<\/p>\n<p><a href=\"http:\/\/jornalcontato.com.br\/home\/wp-content\/uploads\/2016\/05\/08-Tina-reduzida.jpg\"><img loading=\"lazy\" decoding=\"async\" class=\"aligncenter size-large wp-image-11734\" title=\"08 Tina reduzida\" src=\"http:\/\/jornalcontato.com.br\/home\/wp-content\/uploads\/2016\/05\/08-Tina-reduzida-337x450.jpg\" alt=\"\" width=\"337\" height=\"450\" srcset=\"https:\/\/jornalcontato.com.br\/home\/wp-content\/uploads\/2016\/05\/08-Tina-reduzida-337x450.jpg 337w, https:\/\/jornalcontato.com.br\/home\/wp-content\/uploads\/2016\/05\/08-Tina-reduzida-225x300.jpg 225w, https:\/\/jornalcontato.com.br\/home\/wp-content\/uploads\/2016\/05\/08-Tina-reduzida.jpg 450w\" sizes=\"auto, (max-width: 337px) 100vw, 337px\" \/><\/a><\/p>\n<p>Toda derretida e contando os minutos pra ser vov\u00f3 da Isadora que j\u00e1 vem chegando para alegria geral da na\u00e7\u00e3o luizense, <strong>Tina Lopes<\/strong> ganha abra\u00e7o carinhoso de sua f\u00e3 n\u00famero um em noite de celebra\u00e7\u00e3o nos dom\u00ednios de Lobato.<\/p>\n<p>&nbsp;<\/p>\n<p>Em click de Bruno Ribeiro Galhardo ( 2014), <strong>Camilo Frade<\/strong> solta a voz acompanhado pelo viol\u00e3o da grande <strong>Ceumar<\/strong>, convidada a brilhar no palco da Pousada Asa do Vento de S\u00e3o Luiz do Paraitinga\u00a0 no pr\u00f3ximo dia 27 de maio, no show &#8220;<strong><em>Carne, palavra, voz e guitarra<\/em><\/strong>&#8221; de seu pupilo, que promete aquecer cora\u00e7\u00f5es e ouvidos no feriado de Corpus Christi.<\/p>\n<p><a href=\"http:\/\/jornalcontato.com.br\/home\/wp-content\/uploads\/2016\/05\/08-Ceumar-e-Camilo-reduzida.jpg\"><img loading=\"lazy\" decoding=\"async\" class=\"size-large wp-image-11735 alignleft\" title=\"08 Ceumar e Camilo reduzida\" src=\"http:\/\/jornalcontato.com.br\/home\/wp-content\/uploads\/2016\/05\/08-Ceumar-e-Camilo-reduzida-450x300.jpg\" alt=\"\" width=\"450\" height=\"300\" srcset=\"https:\/\/jornalcontato.com.br\/home\/wp-content\/uploads\/2016\/05\/08-Ceumar-e-Camilo-reduzida-450x300.jpg 450w, https:\/\/jornalcontato.com.br\/home\/wp-content\/uploads\/2016\/05\/08-Ceumar-e-Camilo-reduzida-300x200.jpg 300w, https:\/\/jornalcontato.com.br\/home\/wp-content\/uploads\/2016\/05\/08-Ceumar-e-Camilo-reduzida.jpg 600w\" sizes=\"auto, (max-width: 450px) 100vw, 450px\" \/><\/a><\/p>\n<p><a href=\"http:\/\/jornalcontato.com.br\/home\/wp-content\/uploads\/2016\/05\/08-Cartaz-camilo.jpg\"><img loading=\"lazy\" decoding=\"async\" class=\"aligncenter size-large wp-image-11736\" title=\"08 Cartaz camilo\" src=\"http:\/\/jornalcontato.com.br\/home\/wp-content\/uploads\/2016\/05\/08-Cartaz-camilo-337x450.jpg\" alt=\"\" width=\"337\" height=\"450\" srcset=\"https:\/\/jornalcontato.com.br\/home\/wp-content\/uploads\/2016\/05\/08-Cartaz-camilo-337x450.jpg 337w, https:\/\/jornalcontato.com.br\/home\/wp-content\/uploads\/2016\/05\/08-Cartaz-camilo-225x300.jpg 225w, https:\/\/jornalcontato.com.br\/home\/wp-content\/uploads\/2016\/05\/08-Cartaz-camilo.jpg 375w\" sizes=\"auto, (max-width: 337px) 100vw, 337px\" \/><\/a><\/p>\n<p>EST\u00c3O TODOS CONVIDADOS!!!<\/p>\n","protected":false},"excerpt":{"rendered":"","protected":false},"author":1,"featured_media":11742,"comment_status":"open","ping_status":"open","sticky":false,"template":"","format":"standard","meta":{"footnotes":""},"categories":[31,39],"tags":[],"class_list":["post-11728","post","type-post","status-publish","format-standard","has-post-thumbnail","hentry","category-colunas","category-mary-bergamota"],"_links":{"self":[{"href":"https:\/\/www.jornalcontato.com.br\/home\/index.php\/wp-json\/wp\/v2\/posts\/11728","targetHints":{"allow":["GET"]}}],"collection":[{"href":"https:\/\/www.jornalcontato.com.br\/home\/index.php\/wp-json\/wp\/v2\/posts"}],"about":[{"href":"https:\/\/www.jornalcontato.com.br\/home\/index.php\/wp-json\/wp\/v2\/types\/post"}],"author":[{"embeddable":true,"href":"https:\/\/www.jornalcontato.com.br\/home\/index.php\/wp-json\/wp\/v2\/users\/1"}],"replies":[{"embeddable":true,"href":"https:\/\/www.jornalcontato.com.br\/home\/index.php\/wp-json\/wp\/v2\/comments?post=11728"}],"version-history":[{"count":8,"href":"https:\/\/www.jornalcontato.com.br\/home\/index.php\/wp-json\/wp\/v2\/posts\/11728\/revisions"}],"predecessor-version":[{"id":11740,"href":"https:\/\/www.jornalcontato.com.br\/home\/index.php\/wp-json\/wp\/v2\/posts\/11728\/revisions\/11740"}],"wp:featuredmedia":[{"embeddable":true,"href":"https:\/\/www.jornalcontato.com.br\/home\/index.php\/wp-json\/wp\/v2\/media\/11742"}],"wp:attachment":[{"href":"https:\/\/www.jornalcontato.com.br\/home\/index.php\/wp-json\/wp\/v2\/media?parent=11728"}],"wp:term":[{"taxonomy":"category","embeddable":true,"href":"https:\/\/www.jornalcontato.com.br\/home\/index.php\/wp-json\/wp\/v2\/categories?post=11728"},{"taxonomy":"post_tag","embeddable":true,"href":"https:\/\/www.jornalcontato.com.br\/home\/index.php\/wp-json\/wp\/v2\/tags?post=11728"}],"curies":[{"name":"wp","href":"https:\/\/api.w.org\/{rel}","templated":true}]}}