{"id":11711,"date":"2016-05-13T18:23:29","date_gmt":"2016-05-13T21:23:29","guid":{"rendered":"http:\/\/jornalcontato.com.br\/home\/?p=11711"},"modified":"2016-05-17T10:38:11","modified_gmt":"2016-05-17T13:38:11","slug":"repercussoes-locais-sobre-o-afastamento-da-presidente-dilma-pt","status":"publish","type":"post","link":"https:\/\/www.jornalcontato.com.br\/home\/index.php\/repercussoes-locais-sobre-o-afastamento-da-presidente-dilma-pt\/","title":{"rendered":"Repercuss\u00f5es locais sobre o afastamento da presidente Dilma (PT)"},"content":{"rendered":"<p align=\"center\"><strong><em>Passados mais de 13 anos no comando, o Partido dos Trabalhadores junto com Dilma Rousseff foi afastado da presid\u00eancia; pol\u00edticos e lideran\u00e7as de Taubat\u00e9 repercutem a troca de comando, menos o prefeito\u00a0<\/em><\/strong><\/p>\n<p style=\"text-align: right;\" align=\"center\"><em><strong>Nathalia Oliveira<\/strong><\/em><\/p>\n<p align=\"center\"><!--more--><\/p>\n<p>Ap\u00f3s o Senado Federal aprovar nesta quinta-feira, 12, por 55 votos a 22, a abertura do processo de impeachment contra Dilma Rousseff, a presidente foi intimada a se afastar da Presid\u00eancia. A decis\u00e3o p\u00f5e fim a um ciclo de mais de 13 anos do PT no Poder. Durante discurso como presidente afastada, Dilma afirmou que n\u00e3o cometeu nenhum crime de responsabilidade e que o impeachment \u00e9 um \u201cverdadeiro golpe\u201d. \u201c\u00c9 um processo fr\u00e1gil, juridicamente incompetente, \u00e9 a maior das brutalidades que pode ser cometida contra qualquer ser humano: puni-lo por um crime que n\u00e3o cometeu\u201d.<\/p>\n<p>O vice Michel Temer (PMDB) ser\u00e1 o presidente interino durante o processo de impeachment que dever\u00e1 se encerrar em at\u00e9 180 dias. Em discurso na cerim\u00f4nia de posse dos novos ministros, Temer afirmou que \u201cn\u00e3o podemos mais falar em crise\u201d e &#8220;quero espalhar essa frase em milh\u00f5es de outdoors. Nosso lema \u00e9 &#8216;ordem e progresso&#8217;. A express\u00e3o da nossa bandeira n\u00e3o poderia ser mais atual\u201d.<\/p>\n<p>CONTATO ouviu as principais lideran\u00e7as pol\u00edticas e empresariais da terra de Lobato.<\/p>\n<p><strong>Deputado estadual Padre Afonso (PV)<\/strong><\/p>\n<p><a href=\"http:\/\/jornalcontato.com.br\/home\/wp-content\/uploads\/2016\/05\/Padre.jpg\"><img loading=\"lazy\" decoding=\"async\" class=\"aligncenter size-large wp-image-11712\" title=\"Padre\" src=\"http:\/\/jornalcontato.com.br\/home\/wp-content\/uploads\/2016\/05\/Padre-450x450.jpg\" alt=\"\" width=\"450\" height=\"450\" srcset=\"https:\/\/jornalcontato.com.br\/home\/wp-content\/uploads\/2016\/05\/Padre-450x450.jpg 450w, https:\/\/jornalcontato.com.br\/home\/wp-content\/uploads\/2016\/05\/Padre-150x150.jpg 150w, https:\/\/jornalcontato.com.br\/home\/wp-content\/uploads\/2016\/05\/Padre-300x300.jpg 300w, https:\/\/jornalcontato.com.br\/home\/wp-content\/uploads\/2016\/05\/Padre.jpg 500w\" sizes=\"auto, (max-width: 450px) 100vw, 450px\" \/><\/a><\/p>\n<p>Segundo o parlamentar, o afastamento de Dilma sinaliza uma perspectiva de esperan\u00e7a. \u201cA presidente Dilma perdeu o controle de tudo. Perdeu sua credibilidade. E o Pa\u00eds estava afundando nessa crise econ\u00f4mica e pol\u00edtica. Agora, muita coisa deve mudar\u201d. O deputado tamb\u00e9m acredita que n\u00e3o haver\u00e1 espa\u00e7os para erros. \u201cO PMDB \u00e9 um partido fisiologista, \u00e0 espreita de espa\u00e7o. Mas Temer n\u00e3o pode errar e tem que realizar mudan\u00e7as significativas para os brasileiros. O impeachment foi um rem\u00e9dio amargo, mas necess\u00e1rio\u201d.<\/p>\n<p><strong>Vereador Paulo Miranda (PP)<\/strong><\/p>\n<p><a href=\"http:\/\/jornalcontato.com.br\/home\/wp-content\/uploads\/2016\/05\/Paulo-Miranda.jpg\"><img loading=\"lazy\" decoding=\"async\" class=\"aligncenter size-full wp-image-11713\" title=\"Paulo Miranda\" src=\"http:\/\/jornalcontato.com.br\/home\/wp-content\/uploads\/2016\/05\/Paulo-Miranda.jpg\" alt=\"\" width=\"392\" height=\"209\" srcset=\"https:\/\/jornalcontato.com.br\/home\/wp-content\/uploads\/2016\/05\/Paulo-Miranda.jpg 392w, https:\/\/jornalcontato.com.br\/home\/wp-content\/uploads\/2016\/05\/Paulo-Miranda-300x159.jpg 300w\" sizes=\"auto, (max-width: 392px) 100vw, 392px\" \/><\/a><\/p>\n<p>Presidente da C\u00e2mara, o vereador tem esperan\u00e7a que o Brasil \u201cMude para melhor. \u00c9 essa a inten\u00e7\u00e3o de todos os brasileiros. N\u00e3o s\u00f3 n\u00f3s de Taubat\u00e9, mas a na\u00e7\u00e3o inteira pede uma mudan\u00e7a e est\u00e1 lutando para isso h\u00e1 muito tempo. Que Michel Temer fa\u00e7a um belo trabalho para que tire o nosso Pa\u00eds do buraco em que est\u00e1\u201d.<\/p>\n<p><strong>\u00a0<\/strong><strong>Vereador Dig\u00e3o (PSDB)<\/strong><\/p>\n<p><a href=\"http:\/\/jornalcontato.com.br\/home\/wp-content\/uploads\/2016\/05\/Digao.jpg\"><img loading=\"lazy\" decoding=\"async\" class=\"aligncenter size-large wp-image-11714\" title=\"Digao\" src=\"http:\/\/jornalcontato.com.br\/home\/wp-content\/uploads\/2016\/05\/Digao-450x381.jpg\" alt=\"\" width=\"450\" height=\"381\" srcset=\"https:\/\/jornalcontato.com.br\/home\/wp-content\/uploads\/2016\/05\/Digao-450x381.jpg 450w, https:\/\/jornalcontato.com.br\/home\/wp-content\/uploads\/2016\/05\/Digao-300x254.jpg 300w, https:\/\/jornalcontato.com.br\/home\/wp-content\/uploads\/2016\/05\/Digao.jpg 600w\" sizes=\"auto, (max-width: 450px) 100vw, 450px\" \/><\/a><\/p>\n<p>Membro do diret\u00f3rio do PSDB de Taubat\u00e9, ele j\u00e1 esperava pela abertura do processo de impeachment. \u201cO que a gente espera agora \u00e9 que o Pa\u00eds possa dar uma nova caminhada. Um novo Pa\u00eds melhor administrado e os novos ministros possam respirar novos ares. Temer agora deve conduzir [o Brasil] com respeito fazendo com ele volte a economia volte a crescer\u201d.<\/p>\n<p><strong>Vereador Jo\u00e3o Vidal (PSB)<\/strong><\/p>\n<p><a href=\"http:\/\/jornalcontato.com.br\/home\/wp-content\/uploads\/2016\/05\/Vidal.jpg\"><img loading=\"lazy\" decoding=\"async\" class=\"aligncenter size-full wp-image-11715\" title=\"Vidal\" src=\"http:\/\/jornalcontato.com.br\/home\/wp-content\/uploads\/2016\/05\/Vidal.jpg\" alt=\"\" width=\"427\" height=\"324\" srcset=\"https:\/\/jornalcontato.com.br\/home\/wp-content\/uploads\/2016\/05\/Vidal.jpg 427w, https:\/\/jornalcontato.com.br\/home\/wp-content\/uploads\/2016\/05\/Vidal-300x227.jpg 300w\" sizes=\"auto, (max-width: 427px) 100vw, 427px\" \/><\/a><\/p>\n<p>O parlamentar \u00e9 favor\u00e1vel ao afastamento porque \u201c\u00c9 uma medida prevista nos procedimentos do impeachment que j\u00e1 era dado como favas contadas e que [nunca] fosse acontecer. O governo se esgotou. Ent\u00e3o tem que realmente sair motivado pelos crimes que est\u00e3o claros que foram cometidos. Como Chefe do Governo, ela deve responder por isso\u201d.<\/p>\n<p><strong>Vereador Jeferson Campos (PV)<\/strong><\/p>\n<p><a href=\"http:\/\/jornalcontato.com.br\/home\/wp-content\/uploads\/2016\/05\/Jeferson.jpg\"><img loading=\"lazy\" decoding=\"async\" class=\"aligncenter size-full wp-image-11716\" title=\"Jeferson\" src=\"http:\/\/jornalcontato.com.br\/home\/wp-content\/uploads\/2016\/05\/Jeferson.jpg\" alt=\"\" width=\"387\" height=\"375\" srcset=\"https:\/\/jornalcontato.com.br\/home\/wp-content\/uploads\/2016\/05\/Jeferson.jpg 387w, https:\/\/jornalcontato.com.br\/home\/wp-content\/uploads\/2016\/05\/Jeferson-300x290.jpg 300w\" sizes=\"auto, (max-width: 387px) 100vw, 387px\" \/><\/a><\/p>\n<p>Campos questiona os ministros nomeados pelo presidente interino Michel Temer. \u201cSe o objetivo \u00e9 uma faxina geral, entendo que deva ter novas elei\u00e7\u00f5es. O que aconteceu agora me deixou espantado e me surpreendeu. Se Dilma n\u00e3o podia nomear quem estava sendo investigado como que esse governo do Michel Temer nomeia tr\u00eas ministros que s\u00e3o r\u00e9us na Lava-Jato?\u201d. O parlamentar defende a realiza\u00e7\u00e3o de elei\u00e7\u00f5es gerais. \u201cSe a gente quer combater a corrup\u00e7\u00e3o, tem que ser em sua plenitude e n\u00e3o pode combater de forma seletiva. \u00c9 lament\u00e1vel. Faxina completa e elei\u00e7\u00f5es gerais j\u00e1. Esse \u00e9 o meu posicionamento\u201d.<\/p>\n<p><strong>Vereador Noilton Ramos (PPS)<\/strong><\/p>\n<p><a href=\"http:\/\/jornalcontato.com.br\/home\/wp-content\/uploads\/2016\/05\/Noilton.jpg\"><img loading=\"lazy\" decoding=\"async\" class=\"aligncenter size-large wp-image-11717\" title=\"Noilton\" src=\"http:\/\/jornalcontato.com.br\/home\/wp-content\/uploads\/2016\/05\/Noilton-450x298.jpg\" alt=\"\" width=\"450\" height=\"298\" srcset=\"https:\/\/jornalcontato.com.br\/home\/wp-content\/uploads\/2016\/05\/Noilton-450x298.jpg 450w, https:\/\/jornalcontato.com.br\/home\/wp-content\/uploads\/2016\/05\/Noilton-300x199.jpg 300w, https:\/\/jornalcontato.com.br\/home\/wp-content\/uploads\/2016\/05\/Noilton.jpg 500w\" sizes=\"auto, (max-width: 450px) 100vw, 450px\" \/><\/a><\/p>\n<p>O parlamentar \u00e9 a favor do processo de impeachment da presidente Dilma Rousseff. Segundo ele, o Pa\u00eds pede por mudan\u00e7as, [por\u00e9m], a credibilidade e governabilidade da presidente se esgotaram.<\/p>\n<p><strong>Vereadora Gra\u00e7a (PSD)<\/strong><\/p>\n<p><a href=\"http:\/\/jornalcontato.com.br\/home\/wp-content\/uploads\/2016\/05\/Graca.jpg\"><img loading=\"lazy\" decoding=\"async\" class=\"aligncenter size-large wp-image-11719\" title=\"Graca\" src=\"http:\/\/jornalcontato.com.br\/home\/wp-content\/uploads\/2016\/05\/Graca-450x298.jpg\" alt=\"\" width=\"450\" height=\"298\" srcset=\"https:\/\/jornalcontato.com.br\/home\/wp-content\/uploads\/2016\/05\/Graca-450x298.jpg 450w, https:\/\/jornalcontato.com.br\/home\/wp-content\/uploads\/2016\/05\/Graca-300x199.jpg 300w, https:\/\/jornalcontato.com.br\/home\/wp-content\/uploads\/2016\/05\/Graca.jpg 600w\" sizes=\"auto, (max-width: 450px) 100vw, 450px\" \/><\/a><\/p>\n<p>Gra\u00e7a se diz favor\u00e1vel ao processo de impeachment. \u201cAchei positivo. Era necess\u00e1ria uma mudan\u00e7a r\u00e1pida, e da forma que aconteceu, pelo impeachment. O Pa\u00eds precisa de um novo rumo. Al\u00e9m de que isso mostra que o brasileiro est\u00e1 cansado de tanta corrup\u00e7\u00e3o e esbanjamento com o dinheiro p\u00fablico. Espero que agora o grande n\u00famero de desempregados tenha um novo rumo\u201d.<\/p>\n<p><strong>Jos\u00e9 Saud (PMDB), presidente da ACIT<\/strong><\/p>\n<p><a href=\"http:\/\/jornalcontato.com.br\/home\/wp-content\/uploads\/2016\/05\/Ze-Saud.jpg\"><img loading=\"lazy\" decoding=\"async\" class=\"aligncenter size-full wp-image-11720\" title=\"Ze Saud\" src=\"http:\/\/jornalcontato.com.br\/home\/wp-content\/uploads\/2016\/05\/Ze-Saud.jpg\" alt=\"\" width=\"433\" height=\"322\" srcset=\"https:\/\/jornalcontato.com.br\/home\/wp-content\/uploads\/2016\/05\/Ze-Saud.jpg 433w, https:\/\/jornalcontato.com.br\/home\/wp-content\/uploads\/2016\/05\/Ze-Saud-300x223.jpg 300w\" sizes=\"auto, (max-width: 433px) 100vw, 433px\" \/><\/a><\/p>\n<p>Lideran\u00e7a empresarial e pr\u00e9-candidato \u00e0 prefeito, Saud defende o afastamento de Dilma. \u201cComo comerciante e cidad\u00e3o esperava por isso. Quando o Pa\u00eds est\u00e1 indo mal, algo tem que mudar. Estou torcendo para dar certo e que coloquem as pessoas certas no lugar para que o Pa\u00eds possa caminhar\u201d. Membro do diret\u00f3rio do PMDB em Taubat\u00e9, ele afirma que Temer no comando ir\u00e1 facilitar o contato com o Governo Federal. \u201cA gente vai lutar o m\u00e1ximo poss\u00edvel para mostrar para o que veio. Estou torcendo por isso!\u201d<\/p>\n<p><strong>Ant\u00f4nio Augusto Oliveira, empres\u00e1rio diretor titular do CIESP\/FIESP<\/strong><\/p>\n<p><a href=\"http:\/\/jornalcontato.com.br\/home\/wp-content\/uploads\/2016\/05\/Antonio-Augusto.jpg\"><img loading=\"lazy\" decoding=\"async\" class=\"aligncenter size-full wp-image-11721\" title=\"Antonio Augusto\" src=\"http:\/\/jornalcontato.com.br\/home\/wp-content\/uploads\/2016\/05\/Antonio-Augusto.jpg\" alt=\"\" width=\"123\" height=\"154\" \/><\/a><\/p>\n<p>O diretor titular da FIESP\/CIESP, Centro das Ind\u00fastrias do Estado de S\u00e3o Paulo de Taubat\u00e9, acredita que o afastamento da presidente cria uma nova expectativa ao empresariado. \u201cO afastamento do PT \u00e9 uma necessidade para criar confian\u00e7a de que a economia ir\u00e1 mudar e ele possa investir \u00e9 a opini\u00e3o da maioria dos empres\u00e1rios ouvidos pelo CIESP\u201d.<\/p>\n<p><strong>Prefeito Ortiz J\u00fanior (PSDB)<\/strong><\/p>\n<p><a href=\"http:\/\/jornalcontato.com.br\/home\/wp-content\/uploads\/2016\/05\/Ortiz-Jr.jpg\"><img loading=\"lazy\" decoding=\"async\" class=\"aligncenter size-full wp-image-11722\" title=\"Ortiz Jr\" src=\"http:\/\/jornalcontato.com.br\/home\/wp-content\/uploads\/2016\/05\/Ortiz-Jr.jpg\" alt=\"\" width=\"214\" height=\"260\" \/><\/a><\/p>\n<p>O tucano Ortiz J\u00fanior n\u00e3o quis se posicionar a respeito do afastamento e abertura do processo de impeachment de Dilma Rousseff.<\/p>\n","protected":false},"excerpt":{"rendered":"<p>Passados mais de 13 anos no comando, o Partido dos Trabalhadores junto com Dilma Rousseff foi afastado da presid\u00eancia; pol\u00edticos e lideran\u00e7as de Taubat\u00e9 repercutem &#8230;<\/p>\n","protected":false},"author":1,"featured_media":11722,"comment_status":"open","ping_status":"open","sticky":false,"template":"","format":"standard","meta":{"footnotes":""},"categories":[29,7],"tags":[],"class_list":["post-11711","post","type-post","status-publish","format-standard","has-post-thumbnail","hentry","category-regional","category-reportagem"],"_links":{"self":[{"href":"https:\/\/www.jornalcontato.com.br\/home\/index.php\/wp-json\/wp\/v2\/posts\/11711","targetHints":{"allow":["GET"]}}],"collection":[{"href":"https:\/\/www.jornalcontato.com.br\/home\/index.php\/wp-json\/wp\/v2\/posts"}],"about":[{"href":"https:\/\/www.jornalcontato.com.br\/home\/index.php\/wp-json\/wp\/v2\/types\/post"}],"author":[{"embeddable":true,"href":"https:\/\/www.jornalcontato.com.br\/home\/index.php\/wp-json\/wp\/v2\/users\/1"}],"replies":[{"embeddable":true,"href":"https:\/\/www.jornalcontato.com.br\/home\/index.php\/wp-json\/wp\/v2\/comments?post=11711"}],"version-history":[{"count":5,"href":"https:\/\/www.jornalcontato.com.br\/home\/index.php\/wp-json\/wp\/v2\/posts\/11711\/revisions"}],"predecessor-version":[{"id":11790,"href":"https:\/\/www.jornalcontato.com.br\/home\/index.php\/wp-json\/wp\/v2\/posts\/11711\/revisions\/11790"}],"wp:featuredmedia":[{"embeddable":true,"href":"https:\/\/www.jornalcontato.com.br\/home\/index.php\/wp-json\/wp\/v2\/media\/11722"}],"wp:attachment":[{"href":"https:\/\/www.jornalcontato.com.br\/home\/index.php\/wp-json\/wp\/v2\/media?parent=11711"}],"wp:term":[{"taxonomy":"category","embeddable":true,"href":"https:\/\/www.jornalcontato.com.br\/home\/index.php\/wp-json\/wp\/v2\/categories?post=11711"},{"taxonomy":"post_tag","embeddable":true,"href":"https:\/\/www.jornalcontato.com.br\/home\/index.php\/wp-json\/wp\/v2\/tags?post=11711"}],"curies":[{"name":"wp","href":"https:\/\/api.w.org\/{rel}","templated":true}]}}